{"id":690,"date":"2020-09-10T10:08:37","date_gmt":"2020-09-10T14:08:37","guid":{"rendered":"https:\/\/site.ac-martinique.fr\/clg-jacquelinejulius\/?p=690"},"modified":"2021-02-25T10:02:33","modified_gmt":"2021-02-25T14:02:33","slug":"journees-du-patrimoine-sept-2020","status":"publish","type":"post","link":"https:\/\/site.ac-martinique.fr\/clg-jacquelinejulius\/2020\/09\/10\/journees-du-patrimoine-sept-2020\/","title":{"rendered":"Journ\u00e9es du patrimoine &#8211; Sept 2020"},"content":{"rendered":"\n<div class=\"wp-block-image\"><figure class=\"alignleft is-resized\"><img loading=\"lazy\" decoding=\"async\" src=\"\/clg-jacquelinejulius\/wp-content\/uploads\/sites\/77\/2020\/09\/image.png\" alt=\"\" class=\"wp-image-693\" width=\"253\" height=\"493\" srcset=\"https:\/\/site.ac-martinique.fr\/clg-jacquelinejulius\/wp-content\/uploads\/sites\/77\/2020\/09\/image.png 443w, https:\/\/site.ac-martinique.fr\/clg-jacquelinejulius\/wp-content\/uploads\/sites\/77\/2020\/09\/image-154x300.png 154w\" sizes=\"auto, (max-width: 253px) 100vw, 253px\" \/><\/figure><\/div>\n\n\n\n<p class=\"has-medium-font-size\">  <br \/>Ne ratez pas cette occasion de d\u00e9couvrir ou red\u00e9couvrir notre patrimoine.<br \/> Pour acc\u00e9der au programme, publi\u00e9 par la Collectivit\u00e9 de Martinique, cliquez sur le lien suivant :<\/p>\n\n\n\n<p><a href=\"https:\/\/www.collectivitedemartinique.mq\/wp-content\/uploads\/sites\/77\/2017\/09\/JEP-201721400-5.pdf\" target=\"_blank\" rel=\"noreferrer noopener\" aria-label=\" (s\u2019ouvre dans un nouvel onglet)\">https:\/\/www.collectivitedemartinique.mq\/wp-content\/uploads\/sites\/77\/2017\/09\/JEP-201721400-5.pdf<\/a><br \/> Belle d\u00e9couverte \u00e0 vous  <\/p>\n\n\n\n<p style=\"text-align:center\"><br \/><\/p>\n","protected":false},"excerpt":{"rendered":"<p>Ne ratez pas cette occasion de d\u00e9couvrir ou red\u00e9couvrir notre patrimoine. Pour acc\u00e9der au programme, publi\u00e9 par la Collectivit\u00e9 de Martinique, cliquez sur le lien suivant : https:\/\/www.collectivitedemartinique.mq\/wp-content\/uploads\/sites\/77\/2017\/09\/JEP-201721400-5.pdf Belle d\u00e9couverte \u00e0 vous<\/p>\n","protected":false},"author":209,"featured_media":0,"comment_status":"open","ping_status":"open","sticky":false,"template":"","format":"standard","meta":{"footnotes":""},"categories":[1],"tags":[],"class_list":["post-690","post","type-post","status-publish","format-standard","hentry","category-non-classe","item-wrap"],"_links":{"self":[{"href":"https:\/\/site.ac-martinique.fr\/clg-jacquelinejulius\/wp-json\/wp\/v2\/posts\/690","targetHints":{"allow":["GET"]}}],"collection":[{"href":"https:\/\/site.ac-martinique.fr\/clg-jacquelinejulius\/wp-json\/wp\/v2\/posts"}],"about":[{"href":"https:\/\/site.ac-martinique.fr\/clg-jacquelinejulius\/wp-json\/wp\/v2\/types\/post"}],"author":[{"embeddable":true,"href":"https:\/\/site.ac-martinique.fr\/clg-jacquelinejulius\/wp-json\/wp\/v2\/users\/209"}],"replies":[{"embeddable":true,"href":"https:\/\/site.ac-martinique.fr\/clg-jacquelinejulius\/wp-json\/wp\/v2\/comments?post=690"}],"version-history":[{"count":5,"href":"https:\/\/site.ac-martinique.fr\/clg-jacquelinejulius\/wp-json\/wp\/v2\/posts\/690\/revisions"}],"predecessor-version":[{"id":699,"href":"https:\/\/site.ac-martinique.fr\/clg-jacquelinejulius\/wp-json\/wp\/v2\/posts\/690\/revisions\/699"}],"wp:attachment":[{"href":"https:\/\/site.ac-martinique.fr\/clg-jacquelinejulius\/wp-json\/wp\/v2\/media?parent=690"}],"wp:term":[{"taxonomy":"category","embeddable":true,"href":"https:\/\/site.ac-martinique.fr\/clg-jacquelinejulius\/wp-json\/wp\/v2\/categories?post=690"},{"taxonomy":"post_tag","embeddable":true,"href":"https:\/\/site.ac-martinique.fr\/clg-jacquelinejulius\/wp-json\/wp\/v2\/tags?post=690"}],"curies":[{"name":"wp","href":"https:\/\/api.w.org\/{rel}","templated":true}]}}