{"id":1106,"date":"2018-02-12T17:53:11","date_gmt":"2018-02-12T21:23:11","guid":{"rendered":"\/clg-jacquesroumain\/?p=1106"},"modified":"2018-04-08T15:09:42","modified_gmt":"2018-04-08T18:39:42","slug":"le-carnaval-dans-le-college","status":"publish","type":"post","link":"https:\/\/site.ac-martinique.fr\/clg-jacquesroumain\/?p=1106","title":{"rendered":"Le carnaval dans le coll\u00e8ge"},"content":{"rendered":"<p>Voici quelques images du carnaval qui s&rsquo;est d\u00e9roul\u00e9 mercredi juste avant la fin des cours.<\/p>\n<p><a href=\"\/clg-jacquesroumain\/wp-content\/uploads\/sites\/67\/2018\/02\/IMG-20180407-WA0005.jpg\"><img loading=\"lazy\" decoding=\"async\" class=\"alignright size-large wp-image-1177\" src=\"\/clg-jacquesroumain\/wp-content\/uploads\/sites\/67\/2018\/02\/IMG-20180407-WA0005-1024x768.jpg\" alt=\"img-20180407-wa0005\" width=\"640\" height=\"480\" srcset=\"https:\/\/site.ac-martinique.fr\/clg-jacquesroumain\/wp-content\/uploads\/sites\/67\/2018\/02\/IMG-20180407-WA0005-1024x768.jpg 1024w, https:\/\/site.ac-martinique.fr\/clg-jacquesroumain\/wp-content\/uploads\/sites\/67\/2018\/02\/IMG-20180407-WA0005-300x225.jpg 300w, https:\/\/site.ac-martinique.fr\/clg-jacquesroumain\/wp-content\/uploads\/sites\/67\/2018\/02\/IMG-20180407-WA0005-768x576.jpg 768w, https:\/\/site.ac-martinique.fr\/clg-jacquesroumain\/wp-content\/uploads\/sites\/67\/2018\/02\/IMG-20180407-WA0005.jpg 1280w\" sizes=\"auto, (max-width: 640px) 100vw, 640px\" \/><\/a><\/p>\n<p><a href=\"\/clg-jacquesroumain\/wp-content\/uploads\/sites\/67\/2018\/02\/IMG-20180407-WA0001.jpg\"><img loading=\"lazy\" decoding=\"async\" class=\"alignright size-large wp-image-1176\" src=\"\/clg-jacquesroumain\/wp-content\/uploads\/sites\/67\/2018\/02\/IMG-20180407-WA0001-1024x768.jpg\" alt=\"img-20180407-wa0001\" width=\"640\" height=\"480\" srcset=\"https:\/\/site.ac-martinique.fr\/clg-jacquesroumain\/wp-content\/uploads\/sites\/67\/2018\/02\/IMG-20180407-WA0001-1024x768.jpg 1024w, https:\/\/site.ac-martinique.fr\/clg-jacquesroumain\/wp-content\/uploads\/sites\/67\/2018\/02\/IMG-20180407-WA0001-300x225.jpg 300w, https:\/\/site.ac-martinique.fr\/clg-jacquesroumain\/wp-content\/uploads\/sites\/67\/2018\/02\/IMG-20180407-WA0001-768x576.jpg 768w, https:\/\/site.ac-martinique.fr\/clg-jacquesroumain\/wp-content\/uploads\/sites\/67\/2018\/02\/IMG-20180407-WA0001.jpg 1032w\" sizes=\"auto, (max-width: 640px) 100vw, 640px\" \/><\/a><\/p>\n<p><a href=\"\/clg-jacquesroumain\/wp-content\/uploads\/sites\/67\/2018\/02\/Carnaval-coll\u00e8ge.jpg\"><img loading=\"lazy\" decoding=\"async\" class=\"alignright size-full wp-image-1107\" src=\"\/clg-jacquesroumain\/wp-content\/uploads\/sites\/67\/2018\/02\/Carnaval-coll\u00e8ge.jpg\" alt=\"carnaval-college\" width=\"3840\" height=\"2160\" srcset=\"https:\/\/site.ac-martinique.fr\/clg-jacquesroumain\/wp-content\/uploads\/sites\/67\/2018\/02\/Carnaval-coll\u00e8ge.jpg 3840w, https:\/\/site.ac-martinique.fr\/clg-jacquesroumain\/wp-content\/uploads\/sites\/67\/2018\/02\/Carnaval-coll\u00e8ge-300x169.jpg 300w, https:\/\/site.ac-martinique.fr\/clg-jacquesroumain\/wp-content\/uploads\/sites\/67\/2018\/02\/Carnaval-coll\u00e8ge-768x432.jpg 768w, https:\/\/site.ac-martinique.fr\/clg-jacquesroumain\/wp-content\/uploads\/sites\/67\/2018\/02\/Carnaval-coll\u00e8ge-1024x576.jpg 1024w\" sizes=\"auto, (max-width: 767px) 89vw, (max-width: 1000px) 54vw, (max-width: 1071px) 543px, 580px\" \/><\/a> <a href=\"\/clg-jacquesroumain\/wp-content\/uploads\/sites\/67\/2018\/02\/Carnaval-coll\u00e8ge1.jpg\"><img loading=\"lazy\" decoding=\"async\" class=\"alignright size-full wp-image-1108\" src=\"\/clg-jacquesroumain\/wp-content\/uploads\/sites\/67\/2018\/02\/Carnaval-coll\u00e8ge1.jpg\" alt=\"carnaval-college1\" width=\"3840\" height=\"2160\" srcset=\"https:\/\/site.ac-martinique.fr\/clg-jacquesroumain\/wp-content\/uploads\/sites\/67\/2018\/02\/Carnaval-coll\u00e8ge1.jpg 3840w, https:\/\/site.ac-martinique.fr\/clg-jacquesroumain\/wp-content\/uploads\/sites\/67\/2018\/02\/Carnaval-coll\u00e8ge1-300x169.jpg 300w, https:\/\/site.ac-martinique.fr\/clg-jacquesroumain\/wp-content\/uploads\/sites\/67\/2018\/02\/Carnaval-coll\u00e8ge1-768x432.jpg 768w, https:\/\/site.ac-martinique.fr\/clg-jacquesroumain\/wp-content\/uploads\/sites\/67\/2018\/02\/Carnaval-coll\u00e8ge1-1024x576.jpg 1024w\" sizes=\"auto, (max-width: 767px) 89vw, (max-width: 1000px) 54vw, (max-width: 1071px) 543px, 580px\" \/><\/a> <a href=\"\/clg-jacquesroumain\/wp-content\/uploads\/sites\/67\/2018\/02\/Carnaval-coll\u00e8ge2.jpg\"><img loading=\"lazy\" decoding=\"async\" class=\"alignright size-full wp-image-1109\" src=\"\/clg-jacquesroumain\/wp-content\/uploads\/sites\/67\/2018\/02\/Carnaval-coll\u00e8ge2.jpg\" alt=\"carnaval-college2\" width=\"3840\" height=\"2160\" srcset=\"https:\/\/site.ac-martinique.fr\/clg-jacquesroumain\/wp-content\/uploads\/sites\/67\/2018\/02\/Carnaval-coll\u00e8ge2.jpg 3840w, https:\/\/site.ac-martinique.fr\/clg-jacquesroumain\/wp-content\/uploads\/sites\/67\/2018\/02\/Carnaval-coll\u00e8ge2-300x169.jpg 300w, https:\/\/site.ac-martinique.fr\/clg-jacquesroumain\/wp-content\/uploads\/sites\/67\/2018\/02\/Carnaval-coll\u00e8ge2-768x432.jpg 768w, https:\/\/site.ac-martinique.fr\/clg-jacquesroumain\/wp-content\/uploads\/sites\/67\/2018\/02\/Carnaval-coll\u00e8ge2-1024x576.jpg 1024w\" sizes=\"auto, (max-width: 767px) 89vw, (max-width: 1000px) 54vw, (max-width: 1071px) 543px, 580px\" \/><\/a><\/p>\n","protected":false},"excerpt":{"rendered":"<p>Voici quelques images du carnaval qui s&rsquo;est d\u00e9roul\u00e9 mercredi juste avant la fin des cours.<\/p>\n","protected":false},"author":191,"featured_media":0,"comment_status":"closed","ping_status":"closed","sticky":false,"template":"","format":"standard","meta":{"footnotes":""},"categories":[28,46],"tags":[],"class_list":["post-1106","post","type-post","status-publish","format-standard","hentry","category-arts","category-cvc"],"_links":{"self":[{"href":"https:\/\/site.ac-martinique.fr\/clg-jacquesroumain\/index.php?rest_route=\/wp\/v2\/posts\/1106","targetHints":{"allow":["GET"]}}],"collection":[{"href":"https:\/\/site.ac-martinique.fr\/clg-jacquesroumain\/index.php?rest_route=\/wp\/v2\/posts"}],"about":[{"href":"https:\/\/site.ac-martinique.fr\/clg-jacquesroumain\/index.php?rest_route=\/wp\/v2\/types\/post"}],"author":[{"embeddable":true,"href":"https:\/\/site.ac-martinique.fr\/clg-jacquesroumain\/index.php?rest_route=\/wp\/v2\/users\/191"}],"replies":[{"embeddable":true,"href":"https:\/\/site.ac-martinique.fr\/clg-jacquesroumain\/index.php?rest_route=%2Fwp%2Fv2%2Fcomments&post=1106"}],"version-history":[{"count":2,"href":"https:\/\/site.ac-martinique.fr\/clg-jacquesroumain\/index.php?rest_route=\/wp\/v2\/posts\/1106\/revisions"}],"predecessor-version":[{"id":1179,"href":"https:\/\/site.ac-martinique.fr\/clg-jacquesroumain\/index.php?rest_route=\/wp\/v2\/posts\/1106\/revisions\/1179"}],"wp:attachment":[{"href":"https:\/\/site.ac-martinique.fr\/clg-jacquesroumain\/index.php?rest_route=%2Fwp%2Fv2%2Fmedia&parent=1106"}],"wp:term":[{"taxonomy":"category","embeddable":true,"href":"https:\/\/site.ac-martinique.fr\/clg-jacquesroumain\/index.php?rest_route=%2Fwp%2Fv2%2Fcategories&post=1106"},{"taxonomy":"post_tag","embeddable":true,"href":"https:\/\/site.ac-martinique.fr\/clg-jacquesroumain\/index.php?rest_route=%2Fwp%2Fv2%2Ftags&post=1106"}],"curies":[{"name":"wp","href":"https:\/\/api.w.org\/{rel}","templated":true}]}}