{"id":1240,"date":"2018-05-15T09:23:38","date_gmt":"2018-05-15T12:53:38","guid":{"rendered":"\/clg-jacquesroumain\/?p=1240"},"modified":"2018-05-15T09:24:50","modified_gmt":"2018-05-15T12:54:50","slug":"resultats-de-la-finale-academique-en-unss-gymnastique","status":"publish","type":"post","link":"https:\/\/site.ac-martinique.fr\/clg-jacquesroumain\/?p=1240","title":{"rendered":"R\u00e9sultats de la finale acad\u00e9mique en UNSS Gymnastique"},"content":{"rendered":"<h3><span style=\"color: #000000\">Mercredi 18 avril 2018, 11 gymnastes inscrites \u00e0 l&rsquo;Association Sportive du coll\u00e8ge ont particip\u00e9 \u00e0 la finale acad\u00e9mique en UNSS qui s&rsquo;est tenue \u00e0 FORT-DE-FRANCE.<\/span><\/h3>\n<h3><span style=\"color: #000000\"><span style=\"text-decoration: underline\">LANA Pastel<\/span> conserve son titre de championne acad\u00e9mique pour la deuxi\u00e8me ann\u00e9e cons\u00e9cutive en Benjamine.<\/span><\/h3>\n<h3><span style=\"color: #000000\">En Minime, les gymnastes de Rivi\u00e8re-Pilote ont trust\u00e9 les 3 m\u00e9dailles possibles :\u00a0<\/span><\/h3>\n<h3><span style=\"color: #000000\">\u00a01\u00e8re et championne acad\u00e9mique <span style=\"text-decoration: underline\">PAGE Ornella<\/span>, 2\u00e8me <span style=\"text-decoration: underline\">REINE-ADELAIDE Lorie-Anne<\/span> et 3\u00e8me ex aequo <span style=\"text-decoration: underline\">LAMBERT La\u00ebtitia<\/span>.<\/span><\/h3>\n<h3><span style=\"color: #000000\">On peut \u00e9galement noter que 3 autres gymnastes du coll\u00e8ge les suivent \u00e0 quelques centi\u00e8mes de points.<\/span><\/h3>\n<h3><span style=\"color: #000000\">Enfin, nous pouvons remercier Mr le Principal qui est venu les encourager.<\/span><\/h3>\n<h3><\/h3>\n<h3><span style=\"color: #000000\">FELICITATIONS \u00e0 toutes.<a href=\"\/clg-jacquesroumain\/wp-content\/uploads\/sites\/67\/2018\/05\/Finalistes-gym-2018-e1526388758738.jpg\"><img loading=\"lazy\" decoding=\"async\" class=\"alignright size-large wp-image-1241\" src=\"\/clg-jacquesroumain\/wp-content\/uploads\/sites\/67\/2018\/05\/Finalistes-gym-2018-e1526388758738-768x1024.jpg\" alt=\"finalistes-gym-2018\" width=\"640\" height=\"853\" srcset=\"https:\/\/site.ac-martinique.fr\/clg-jacquesroumain\/wp-content\/uploads\/sites\/67\/2018\/05\/Finalistes-gym-2018-e1526388758738-768x1024.jpg 768w, https:\/\/site.ac-martinique.fr\/clg-jacquesroumain\/wp-content\/uploads\/sites\/67\/2018\/05\/Finalistes-gym-2018-e1526388758738-225x300.jpg 225w\" sizes=\"auto, (max-width: 640px) 100vw, 640px\" \/><\/a> <a href=\"\/clg-jacquesroumain\/wp-content\/uploads\/sites\/67\/2018\/05\/Les-m\u00e9daill\u00e9es-en-GYM-2018.jpg\"><img loading=\"lazy\" decoding=\"async\" class=\"alignright size-large wp-image-1242\" src=\"\/clg-jacquesroumain\/wp-content\/uploads\/sites\/67\/2018\/05\/Les-m\u00e9daill\u00e9es-en-GYM-2018-1024x768.jpg\" alt=\"les-medaillees-en-gym-2018\" width=\"640\" height=\"480\" srcset=\"https:\/\/site.ac-martinique.fr\/clg-jacquesroumain\/wp-content\/uploads\/sites\/67\/2018\/05\/Les-m\u00e9daill\u00e9es-en-GYM-2018-1024x768.jpg 1024w, https:\/\/site.ac-martinique.fr\/clg-jacquesroumain\/wp-content\/uploads\/sites\/67\/2018\/05\/Les-m\u00e9daill\u00e9es-en-GYM-2018-300x225.jpg 300w, https:\/\/site.ac-martinique.fr\/clg-jacquesroumain\/wp-content\/uploads\/sites\/67\/2018\/05\/Les-m\u00e9daill\u00e9es-en-GYM-2018-768x576.jpg 768w\" sizes=\"auto, (max-width: 640px) 100vw, 640px\" \/><\/a><\/span><\/h3>\n<p>&nbsp;<\/p>\n","protected":false},"excerpt":{"rendered":"<p>Mercredi 18 avril 2018, 11 gymnastes inscrites \u00e0 l&rsquo;Association Sportive du coll\u00e8ge ont particip\u00e9 \u00e0 la finale acad\u00e9mique en UNSS qui s&rsquo;est tenue \u00e0 FORT-DE-FRANCE. LANA Pastel conserve son titre &hellip; <\/p>\n<p class=\"link-more\"><a href=\"https:\/\/site.ac-martinique.fr\/clg-jacquesroumain\/?p=1240\" class=\"more-link\">Continuer la lecture<span class=\"screen-reader-text\"> de &laquo;&nbsp;R\u00e9sultats de la finale acad\u00e9mique en UNSS Gymnastique&nbsp;&raquo;<\/span><\/a><\/p>\n","protected":false},"author":191,"featured_media":0,"comment_status":"closed","ping_status":"closed","sticky":false,"template":"","format":"standard","meta":{"footnotes":""},"categories":[21],"tags":[],"class_list":["post-1240","post","type-post","status-publish","format-standard","hentry","category-unss"],"_links":{"self":[{"href":"https:\/\/site.ac-martinique.fr\/clg-jacquesroumain\/index.php?rest_route=\/wp\/v2\/posts\/1240","targetHints":{"allow":["GET"]}}],"collection":[{"href":"https:\/\/site.ac-martinique.fr\/clg-jacquesroumain\/index.php?rest_route=\/wp\/v2\/posts"}],"about":[{"href":"https:\/\/site.ac-martinique.fr\/clg-jacquesroumain\/index.php?rest_route=\/wp\/v2\/types\/post"}],"author":[{"embeddable":true,"href":"https:\/\/site.ac-martinique.fr\/clg-jacquesroumain\/index.php?rest_route=\/wp\/v2\/users\/191"}],"replies":[{"embeddable":true,"href":"https:\/\/site.ac-martinique.fr\/clg-jacquesroumain\/index.php?rest_route=%2Fwp%2Fv2%2Fcomments&post=1240"}],"version-history":[{"count":2,"href":"https:\/\/site.ac-martinique.fr\/clg-jacquesroumain\/index.php?rest_route=\/wp\/v2\/posts\/1240\/revisions"}],"predecessor-version":[{"id":1244,"href":"https:\/\/site.ac-martinique.fr\/clg-jacquesroumain\/index.php?rest_route=\/wp\/v2\/posts\/1240\/revisions\/1244"}],"wp:attachment":[{"href":"https:\/\/site.ac-martinique.fr\/clg-jacquesroumain\/index.php?rest_route=%2Fwp%2Fv2%2Fmedia&parent=1240"}],"wp:term":[{"taxonomy":"category","embeddable":true,"href":"https:\/\/site.ac-martinique.fr\/clg-jacquesroumain\/index.php?rest_route=%2Fwp%2Fv2%2Fcategories&post=1240"},{"taxonomy":"post_tag","embeddable":true,"href":"https:\/\/site.ac-martinique.fr\/clg-jacquesroumain\/index.php?rest_route=%2Fwp%2Fv2%2Ftags&post=1240"}],"curies":[{"name":"wp","href":"https:\/\/api.w.org\/{rel}","templated":true}]}}