{"id":1999,"date":"2023-03-27T17:54:48","date_gmt":"2023-03-27T21:24:48","guid":{"rendered":"https:\/\/site.ac-martinique.fr\/clg-jacquesroumain\/?p=1999"},"modified":"2023-11-29T12:19:06","modified_gmt":"2023-11-29T15:49:06","slug":"semaine-de-la-presse-et-des-medias","status":"publish","type":"post","link":"https:\/\/site.ac-martinique.fr\/clg-jacquesroumain\/?p=1999","title":{"rendered":"<strong>Semaine de la Presse et des M\u00e9dias<\/strong>"},"content":{"rendered":"\n<p><strong>Au programme:<\/strong><\/p>\n\n\n\n<p><strong>Tous publics<\/strong> :<\/p>\n\n\n\n<p>&#8211; <strong>2 Kiosques \u00e0 journaux sont disponibles au CDI et dans la salle des professeurs (les magazines et journaux sont \u00e0 consulter sur place durant toute la semaine).<\/strong><\/p>\n\n\n\n<p>Ils seront offerts \u00e0 la communaut\u00e9 \u00e9ducative \u00e0 partir du mardi 18 avril 2023.<\/p>\n\n\n\n<p>&#8211;<strong>Une expo \u00ab\u00a0art et fake news\u00a0\u00bb en libre acc\u00e8s<\/strong><\/p>\n\n\n\n<p>&#8211;<strong>Une expo sur les fake news avec une s\u00e9ance p\u00e9dagogique<\/strong> (\u00e0 la demande des enseignants) ou sur proposition du professeur documentaliste) durant la Semaine de la Presse et des M\u00e9dias et jusqu&rsquo;\u00e0 la fin de l&rsquo;ann\u00e9e (s\u00e9ance effectu\u00e9e avec un demi-groupe. <strong>S\u00e9ance \u00e0 programmer&nbsp;48h \u00e0 l&rsquo;avance.<\/strong><\/p>\n\n\n\n<p><strong>-Rencontre et sortie :<\/strong><\/p>\n\n\n\n<p><strong>-Public cibl\u00e9 (groupes d&rsquo;\u00e9l\u00e8ves de plusieurs niveaux s\u00e9lectionn\u00e9s)<\/strong> :<\/p>\n\n\n\n<p><strong>Rencontre avec Mme PINEL-FEREOL (journaliste \u00e0 Martinique 1\u00e8re)<\/strong>.<\/p>\n\n\n\n<p>&#8211;<strong>Visite des locaux de France-Antilles, le vendredi 31 mars 2023<\/strong> (sous r\u00e9serve de modifications).<\/p>\n\n\n\n<p><strong>-D\u00e9couvrez votre programme en images et une petite s\u00e9lection d&rsquo;ouvrages pour vos \u00e9l\u00e8ves sur Colibri !<\/strong><\/p>\n\n\n\n<p>L&rsquo;\u00e9quipe du CDI<\/p>\n","protected":false},"excerpt":{"rendered":"<p>Au programme: Tous publics : &#8211; 2 Kiosques \u00e0 journaux sont disponibles au CDI et dans la salle des professeurs (les magazines et journaux sont \u00e0 consulter sur place durant &hellip; <\/p>\n<p class=\"link-more\"><a href=\"https:\/\/site.ac-martinique.fr\/clg-jacquesroumain\/?p=1999\" class=\"more-link\">Continuer la lecture<span class=\"screen-reader-text\"> de &laquo;&nbsp;<strong>Semaine de la Presse et des M\u00e9dias<\/strong>&nbsp;&raquo;<\/span><\/a><\/p>\n","protected":false},"author":399,"featured_media":0,"comment_status":"closed","ping_status":"closed","sticky":false,"template":"","format":"standard","meta":{"footnotes":""},"categories":[19,37],"tags":[],"class_list":["post-1999","post","type-post","status-publish","format-standard","hentry","category-cdi","category-literaire"],"_links":{"self":[{"href":"https:\/\/site.ac-martinique.fr\/clg-jacquesroumain\/index.php?rest_route=\/wp\/v2\/posts\/1999","targetHints":{"allow":["GET"]}}],"collection":[{"href":"https:\/\/site.ac-martinique.fr\/clg-jacquesroumain\/index.php?rest_route=\/wp\/v2\/posts"}],"about":[{"href":"https:\/\/site.ac-martinique.fr\/clg-jacquesroumain\/index.php?rest_route=\/wp\/v2\/types\/post"}],"author":[{"embeddable":true,"href":"https:\/\/site.ac-martinique.fr\/clg-jacquesroumain\/index.php?rest_route=\/wp\/v2\/users\/399"}],"replies":[{"embeddable":true,"href":"https:\/\/site.ac-martinique.fr\/clg-jacquesroumain\/index.php?rest_route=%2Fwp%2Fv2%2Fcomments&post=1999"}],"version-history":[{"count":2,"href":"https:\/\/site.ac-martinique.fr\/clg-jacquesroumain\/index.php?rest_route=\/wp\/v2\/posts\/1999\/revisions"}],"predecessor-version":[{"id":2072,"href":"https:\/\/site.ac-martinique.fr\/clg-jacquesroumain\/index.php?rest_route=\/wp\/v2\/posts\/1999\/revisions\/2072"}],"wp:attachment":[{"href":"https:\/\/site.ac-martinique.fr\/clg-jacquesroumain\/index.php?rest_route=%2Fwp%2Fv2%2Fmedia&parent=1999"}],"wp:term":[{"taxonomy":"category","embeddable":true,"href":"https:\/\/site.ac-martinique.fr\/clg-jacquesroumain\/index.php?rest_route=%2Fwp%2Fv2%2Fcategories&post=1999"},{"taxonomy":"post_tag","embeddable":true,"href":"https:\/\/site.ac-martinique.fr\/clg-jacquesroumain\/index.php?rest_route=%2Fwp%2Fv2%2Ftags&post=1999"}],"curies":[{"name":"wp","href":"https:\/\/api.w.org\/{rel}","templated":true}]}}