{"id":228,"date":"2013-10-04T12:16:46","date_gmt":"2013-10-04T15:46:46","guid":{"rendered":"\/clg-jacquesroumain\/?p=228"},"modified":"2013-10-06T10:14:04","modified_gmt":"2013-10-06T13:44:04","slug":"comite-des-parents-du-college-jacques-roumain","status":"publish","type":"post","link":"https:\/\/site.ac-martinique.fr\/clg-jacquesroumain\/?p=228","title":{"rendered":"Comit\u00e9 des parents du coll\u00e8ge Jacques Roumain"},"content":{"rendered":"<p><span style=\"color: #000000\">Nous invitons tous les parents d&rsquo;\u00e9l\u00e8ve \u00e0 la r\u00e9union du 5 octobre 2013 au coll\u00e8ge \u00e0 8h30.<\/span><\/p>\n<p><span style=\"color: #ff0000\">Ordre du \u00a0jour<\/span> <span style=\"color: #ff0000\">\u00a0:<\/span> &#8211; bilan de la rentr\u00e9e et de la pr\u00e9-rentr\u00e9e.<\/p>\n<p>&#8211; la place des parents au coll\u00e8ge.<\/p>\n<p>&#8211; questions diverses.<\/p>\n","protected":false},"excerpt":{"rendered":"<p>Nous invitons tous les parents d&rsquo;\u00e9l\u00e8ve \u00e0 la r\u00e9union du 5 octobre 2013 au coll\u00e8ge \u00e0 8h30. Ordre du \u00a0jour \u00a0: &#8211; bilan de la rentr\u00e9e et de la pr\u00e9-rentr\u00e9e. &hellip; <\/p>\n<p class=\"link-more\"><a href=\"https:\/\/site.ac-martinique.fr\/clg-jacquesroumain\/?p=228\" class=\"more-link\">Continuer la lecture<span class=\"screen-reader-text\"> de &laquo;&nbsp;Comit\u00e9 des parents du coll\u00e8ge Jacques Roumain&nbsp;&raquo;<\/span><\/a><\/p>\n","protected":false},"author":191,"featured_media":0,"comment_status":"closed","ping_status":"closed","sticky":false,"template":"","format":"standard","meta":{"footnotes":""},"categories":[22],"tags":[],"class_list":["post-228","post","type-post","status-publish","format-standard","hentry","category-administration"],"_links":{"self":[{"href":"https:\/\/site.ac-martinique.fr\/clg-jacquesroumain\/index.php?rest_route=\/wp\/v2\/posts\/228","targetHints":{"allow":["GET"]}}],"collection":[{"href":"https:\/\/site.ac-martinique.fr\/clg-jacquesroumain\/index.php?rest_route=\/wp\/v2\/posts"}],"about":[{"href":"https:\/\/site.ac-martinique.fr\/clg-jacquesroumain\/index.php?rest_route=\/wp\/v2\/types\/post"}],"author":[{"embeddable":true,"href":"https:\/\/site.ac-martinique.fr\/clg-jacquesroumain\/index.php?rest_route=\/wp\/v2\/users\/191"}],"replies":[{"embeddable":true,"href":"https:\/\/site.ac-martinique.fr\/clg-jacquesroumain\/index.php?rest_route=%2Fwp%2Fv2%2Fcomments&post=228"}],"version-history":[{"count":2,"href":"https:\/\/site.ac-martinique.fr\/clg-jacquesroumain\/index.php?rest_route=\/wp\/v2\/posts\/228\/revisions"}],"predecessor-version":[{"id":230,"href":"https:\/\/site.ac-martinique.fr\/clg-jacquesroumain\/index.php?rest_route=\/wp\/v2\/posts\/228\/revisions\/230"}],"wp:attachment":[{"href":"https:\/\/site.ac-martinique.fr\/clg-jacquesroumain\/index.php?rest_route=%2Fwp%2Fv2%2Fmedia&parent=228"}],"wp:term":[{"taxonomy":"category","embeddable":true,"href":"https:\/\/site.ac-martinique.fr\/clg-jacquesroumain\/index.php?rest_route=%2Fwp%2Fv2%2Fcategories&post=228"},{"taxonomy":"post_tag","embeddable":true,"href":"https:\/\/site.ac-martinique.fr\/clg-jacquesroumain\/index.php?rest_route=%2Fwp%2Fv2%2Ftags&post=228"}],"curies":[{"name":"wp","href":"https:\/\/api.w.org\/{rel}","templated":true}]}}