{"id":444,"date":"2014-05-15T17:28:29","date_gmt":"2014-05-15T20:58:29","guid":{"rendered":"\/clg-jacquesroumain\/?p=444"},"modified":"2014-05-26T13:36:20","modified_gmt":"2014-05-26T17:06:20","slug":"championnat-academique-de-gymnastique-2","status":"publish","type":"post","link":"https:\/\/site.ac-martinique.fr\/clg-jacquesroumain\/?p=444","title":{"rendered":"CHAMPIONNAT ACADEMIQUE DE GYMNASTIQUE"},"content":{"rendered":"<p><a href=\"\/clg-jacquesroumain\/wp-content\/uploads\/sites\/67\/2014\/05\/Classement-ACAD-UNSS-GYM-07mai-2014.xlsx\">Classement ACAD UNSS GYM 07mai 2014<\/a><\/p>\n<p><a href=\"\/clg-jacquesroumain\/wp-content\/uploads\/sites\/67\/2014\/05\/R\u00e9sultats-Finale-Acad\u00e9mique-GYM-20141.docx\">R\u00e9sultats Finale Acad\u00e9mique GYM 2014<\/a><\/p>\n<p>Les 9 gymnastes finalistes en cat\u00e9gorie 2 agr\u00e8s SOL et SAUT on fait honneur \u00e0 l&rsquo;image du coll\u00e8ge en r\u00e9alisant des prestations de qualit\u00e9s particuli\u00e8rement appr\u00e9ci\u00e9es par le public et peu d&rsquo;erreurs ont \u00e9t\u00e9 commises.<\/p>\n<p>Cette ann\u00e9e a \u00e9t\u00e9 prolifique en titres et m\u00e9dailles.<\/p>\n<p>En Benjamines : les 3 places du podium ont \u00e9t\u00e9 occup\u00e9es par nos gymnastes !<\/p>\n<p>1\u00e8re et championne de Martinique UNSS 2014 : L\u00e9ane CLARUS, 2\u00e8me : Emeline RENE-CORAIL et 3\u00e8me Dounya-Jade EL HAOUARI.<\/p>\n<p>En Minimes : 1\u00e8re et championne de Martinique UNSS 2014 : K\u00e9tsia HONORE. 3\u00e8me : REINE-ADELAIDE Aurore.<\/p>\n<figure id=\"attachment_450\" aria-describedby=\"caption-attachment-450\" style=\"width: 640px\" class=\"wp-caption aligncenter\"><a href=\"\/clg-jacquesroumain\/wp-content\/uploads\/sites\/67\/2014\/05\/Podium-20141.jpg\"><img loading=\"lazy\" decoding=\"async\" class=\"aligncenter size-large wp-image-454\" src=\"\/clg-jacquesroumain\/wp-content\/uploads\/sites\/67\/2014\/05\/Podium-20141-1024x725.jpg\" alt=\"\" width=\"640\" height=\"453\" \/><\/a><figcaption id=\"caption-attachment-450\" class=\"wp-caption-text\">De gauche \u00e0 droite : les 2 gymnates m\u00e9daill\u00e9es d&#039;argent : Emeline RENE-CORAIL (BENJ) et Koraly TECHEL (MIN) du clg de Terreville ; les 3 championnes de Martinique UNSS 2014 : Cathleen PHILOCLES (CAD) du Clg de Trinit\u00e9, L\u00e9ane CLARUS (BENJ) et K\u00e9tsia HONORE (MIN) ; M\u00e9daill\u00e9es de Bronze : Aurore REINE-ADELAIDE (MIN) et Dounya-Jade EL HAOUARI &#039;BENJ).<\/figcaption><\/figure>\n<p>&nbsp;<\/p>\n<p>&nbsp;<\/p>\n<p>&nbsp;<\/p>\n<p>&nbsp;<\/p>\n","protected":false},"excerpt":{"rendered":"<p>Classement ACAD UNSS GYM 07mai 2014 R\u00e9sultats Finale Acad\u00e9mique GYM 2014 Les 9 gymnastes finalistes en cat\u00e9gorie 2 agr\u00e8s SOL et SAUT on fait honneur \u00e0 l&rsquo;image du coll\u00e8ge en &hellip; <\/p>\n<p class=\"link-more\"><a href=\"https:\/\/site.ac-martinique.fr\/clg-jacquesroumain\/?p=444\" class=\"more-link\">Continuer la lecture<span class=\"screen-reader-text\"> de &laquo;&nbsp;CHAMPIONNAT ACADEMIQUE DE GYMNASTIQUE&nbsp;&raquo;<\/span><\/a><\/p>\n","protected":false},"author":166,"featured_media":0,"comment_status":"closed","ping_status":"closed","sticky":false,"template":"","format":"standard","meta":{"footnotes":""},"categories":[20,21],"tags":[],"class_list":["post-444","post","type-post","status-publish","format-standard","hentry","category-eps","category-unss"],"_links":{"self":[{"href":"https:\/\/site.ac-martinique.fr\/clg-jacquesroumain\/index.php?rest_route=\/wp\/v2\/posts\/444","targetHints":{"allow":["GET"]}}],"collection":[{"href":"https:\/\/site.ac-martinique.fr\/clg-jacquesroumain\/index.php?rest_route=\/wp\/v2\/posts"}],"about":[{"href":"https:\/\/site.ac-martinique.fr\/clg-jacquesroumain\/index.php?rest_route=\/wp\/v2\/types\/post"}],"author":[{"embeddable":true,"href":"https:\/\/site.ac-martinique.fr\/clg-jacquesroumain\/index.php?rest_route=\/wp\/v2\/users\/166"}],"replies":[{"embeddable":true,"href":"https:\/\/site.ac-martinique.fr\/clg-jacquesroumain\/index.php?rest_route=%2Fwp%2Fv2%2Fcomments&post=444"}],"version-history":[{"count":9,"href":"https:\/\/site.ac-martinique.fr\/clg-jacquesroumain\/index.php?rest_route=\/wp\/v2\/posts\/444\/revisions"}],"predecessor-version":[{"id":477,"href":"https:\/\/site.ac-martinique.fr\/clg-jacquesroumain\/index.php?rest_route=\/wp\/v2\/posts\/444\/revisions\/477"}],"wp:attachment":[{"href":"https:\/\/site.ac-martinique.fr\/clg-jacquesroumain\/index.php?rest_route=%2Fwp%2Fv2%2Fmedia&parent=444"}],"wp:term":[{"taxonomy":"category","embeddable":true,"href":"https:\/\/site.ac-martinique.fr\/clg-jacquesroumain\/index.php?rest_route=%2Fwp%2Fv2%2Fcategories&post=444"},{"taxonomy":"post_tag","embeddable":true,"href":"https:\/\/site.ac-martinique.fr\/clg-jacquesroumain\/index.php?rest_route=%2Fwp%2Fv2%2Ftags&post=444"}],"curies":[{"name":"wp","href":"https:\/\/api.w.org\/{rel}","templated":true}]}}