{"id":690,"date":"2015-08-26T11:11:10","date_gmt":"2015-08-26T14:41:10","guid":{"rendered":"\/clg-jacquesroumain\/?p=690"},"modified":"2015-08-26T11:13:42","modified_gmt":"2015-08-26T14:43:42","slug":"la-rentree-scolaire","status":"publish","type":"post","link":"https:\/\/site.ac-martinique.fr\/clg-jacquesroumain\/?p=690","title":{"rendered":"La rentr\u00e9e scolaire"},"content":{"rendered":"<p>Classes de <strong>3\u00e8me<\/strong> : Mardi 1 septembre \u00e0 7h30 au r\u00e9fectoire. Sortie \u00e0 11h30<\/p>\n<p>Classes de <strong>5\u00e8me<\/strong> et de <strong>4\u00e8me<\/strong> : Mercredi 2 septembre de 7h30 \u00e0 11h30.<\/p>\n<p>Classe de <strong>6\u00e8me<\/strong> : Jeudi 3 septembre de 7h30 \u00e0 12h00. Un accueil des parents et des \u00e9l\u00e8ves aura lieu dans le r\u00e9fectoire.<\/p>\n<p>&nbsp;<\/p>\n","protected":false},"excerpt":{"rendered":"<p>Classes de 3\u00e8me : Mardi 1 septembre \u00e0 7h30 au r\u00e9fectoire. Sortie \u00e0 11h30 Classes de 5\u00e8me et de 4\u00e8me : Mercredi 2 septembre de 7h30 \u00e0 11h30. Classe de &hellip; <\/p>\n<p class=\"link-more\"><a href=\"https:\/\/site.ac-martinique.fr\/clg-jacquesroumain\/?p=690\" class=\"more-link\">Continuer la lecture<span class=\"screen-reader-text\"> de &laquo;&nbsp;La rentr\u00e9e scolaire&nbsp;&raquo;<\/span><\/a><\/p>\n","protected":false},"author":191,"featured_media":0,"comment_status":"closed","ping_status":"closed","sticky":false,"template":"","format":"standard","meta":{"footnotes":""},"categories":[22],"tags":[],"class_list":["post-690","post","type-post","status-publish","format-standard","hentry","category-administration"],"_links":{"self":[{"href":"https:\/\/site.ac-martinique.fr\/clg-jacquesroumain\/index.php?rest_route=\/wp\/v2\/posts\/690","targetHints":{"allow":["GET"]}}],"collection":[{"href":"https:\/\/site.ac-martinique.fr\/clg-jacquesroumain\/index.php?rest_route=\/wp\/v2\/posts"}],"about":[{"href":"https:\/\/site.ac-martinique.fr\/clg-jacquesroumain\/index.php?rest_route=\/wp\/v2\/types\/post"}],"author":[{"embeddable":true,"href":"https:\/\/site.ac-martinique.fr\/clg-jacquesroumain\/index.php?rest_route=\/wp\/v2\/users\/191"}],"replies":[{"embeddable":true,"href":"https:\/\/site.ac-martinique.fr\/clg-jacquesroumain\/index.php?rest_route=%2Fwp%2Fv2%2Fcomments&post=690"}],"version-history":[{"count":3,"href":"https:\/\/site.ac-martinique.fr\/clg-jacquesroumain\/index.php?rest_route=\/wp\/v2\/posts\/690\/revisions"}],"predecessor-version":[{"id":695,"href":"https:\/\/site.ac-martinique.fr\/clg-jacquesroumain\/index.php?rest_route=\/wp\/v2\/posts\/690\/revisions\/695"}],"wp:attachment":[{"href":"https:\/\/site.ac-martinique.fr\/clg-jacquesroumain\/index.php?rest_route=%2Fwp%2Fv2%2Fmedia&parent=690"}],"wp:term":[{"taxonomy":"category","embeddable":true,"href":"https:\/\/site.ac-martinique.fr\/clg-jacquesroumain\/index.php?rest_route=%2Fwp%2Fv2%2Fcategories&post=690"},{"taxonomy":"post_tag","embeddable":true,"href":"https:\/\/site.ac-martinique.fr\/clg-jacquesroumain\/index.php?rest_route=%2Fwp%2Fv2%2Ftags&post=690"}],"curies":[{"name":"wp","href":"https:\/\/api.w.org\/{rel}","templated":true}]}}