{"id":3253,"date":"2024-02-08T11:09:14","date_gmt":"2024-02-08T15:09:14","guid":{"rendered":"https:\/\/site.ac-martinique.fr\/clg-josephlagrosilliere\/?p=3253"},"modified":"2024-02-08T11:56:36","modified_gmt":"2024-02-08T15:56:36","slug":"laire-marine-educative","status":"publish","type":"post","link":"https:\/\/site.ac-martinique.fr\/clg-josephlagrosilliere\/?p=3253","title":{"rendered":"L\u2019aire marine \u00e9ducative"},"content":{"rendered":"<p>Le 18 janvier, les \u00e9l\u00e8ves de la 6<sup>e<\/sup> Fran\u00e7ois \u00c9lie ainsi que les \u00e9l\u00e8ves de pr\u00e9pa m\u00e9tiers se sont aventur\u00e9s sur leur aire marine \u00e9ducative (AME) : la plage de l\u2019Anse Az\u00e9rot. Avec l\u2019aide de l\u2019association Solda Lanm\u00e8 qui les parraine, ils ont pu d\u00e9couvrir les caract\u00e9ristiques d\u2019une plage et ont appris \u00e0 reconna\u00eetre les esp\u00e8ces v\u00e9g\u00e9tales. Les 6<sup>e<\/sup> ont \u00e9galement \u00e9t\u00e9 sensibilis\u00e9s \u00e0 la protection d\u2019esp\u00e8ces marines et aux attitudes \u00e0 adopter lors de leur rencontre.<a href=\"https:\/\/site.ac-martinique.fr\/clg-josephlagrosilliere\/wp-content\/uploads\/sites\/59\/2024\/02\/AME.jpg\"><img loading=\"lazy\" decoding=\"async\" class=\"aligncenter wp-image-3233 size-large\" src=\"https:\/\/site.ac-martinique.fr\/clg-josephlagrosilliere\/wp-content\/uploads\/sites\/59\/2024\/02\/AME-1024x768.jpg\" alt=\"\" width=\"960\" height=\"720\" srcset=\"https:\/\/site.ac-martinique.fr\/clg-josephlagrosilliere\/wp-content\/uploads\/sites\/59\/2024\/02\/AME-1024x768.jpg 1024w, https:\/\/site.ac-martinique.fr\/clg-josephlagrosilliere\/wp-content\/uploads\/sites\/59\/2024\/02\/AME-300x225.jpg 300w, https:\/\/site.ac-martinique.fr\/clg-josephlagrosilliere\/wp-content\/uploads\/sites\/59\/2024\/02\/AME-768x576.jpg 768w, https:\/\/site.ac-martinique.fr\/clg-josephlagrosilliere\/wp-content\/uploads\/sites\/59\/2024\/02\/AME.jpg 1063w\" sizes=\"auto, (max-width: 960px) 100vw, 960px\" \/><br \/>\n<\/a><\/p>\n<p>Suite \u00e0 leur visite de l\u2019anse Az\u00e9rot, les \u00e9l\u00e8ves de la 6 eme Fran\u00e7ois \u00c9lie ont eu l\u2019occasion d\u2019avoir une visioconf\u00e9rence avec des \u00e9l\u00e8ves de 6<sup>e<\/sup> du coll\u00e8ge Thierry Faucher, \u00e9tablissement situ\u00e9 \u00e0 Saint Martin, afin d\u2019\u00e9changer sur leur aire marine \u00e9ducative respective.<\/p>\n<p>&nbsp;<\/p>\n","protected":false},"excerpt":{"rendered":"<p>Le 18 janvier, les \u00e9l\u00e8ves de la 6e Fran\u00e7ois \u00c9lie ainsi que les \u00e9l\u00e8ves de pr\u00e9pa m\u00e9tiers se sont aventur\u00e9s sur leur aire marine \u00e9ducative (AME) : la plage de l\u2019Anse Az\u00e9rot. Avec l\u2019aide de l\u2019association Solda Lanm\u00e8 qui les parraine, ils ont pu d\u00e9couvrir les caract\u00e9ristiques d\u2019une plage et ont appris \u00e0 reconna\u00eetre les esp\u00e8ces v\u00e9g\u00e9tales. Les 6e ont \u00e9galement \u00e9t\u00e9 sensibilis\u00e9s \u00e0 la protection d\u2019esp\u00e8ces marines et aux attitudes \u00e0 adopter lors de leur rencontre. Suite \u00e0 leur visite de l\u2019anse Az\u00e9rot, les \u00e9l\u00e8ves de la 6 eme Fran\u00e7ois \u00c9lie ont eu l\u2019occasion d\u2019avoir une visioconf\u00e9rence avec des \u00e9l\u00e8ves de 6e du coll\u00e8ge Thierry Faucher, \u00e9tablissement situ\u00e9 \u00e0 Saint Martin, afin d\u2019\u00e9changer sur leur aire marine \u00e9ducative respective. &nbsp;<\/p>\n","protected":false},"author":342,"featured_media":0,"comment_status":"closed","ping_status":"closed","sticky":false,"template":"","format":"standard","meta":{"footnotes":""},"categories":[25],"tags":[],"class_list":["post-3253","post","type-post","status-publish","format-standard","hentry","category-sorties-culturelles"],"_links":{"self":[{"href":"https:\/\/site.ac-martinique.fr\/clg-josephlagrosilliere\/index.php?rest_route=\/wp\/v2\/posts\/3253","targetHints":{"allow":["GET"]}}],"collection":[{"href":"https:\/\/site.ac-martinique.fr\/clg-josephlagrosilliere\/index.php?rest_route=\/wp\/v2\/posts"}],"about":[{"href":"https:\/\/site.ac-martinique.fr\/clg-josephlagrosilliere\/index.php?rest_route=\/wp\/v2\/types\/post"}],"author":[{"embeddable":true,"href":"https:\/\/site.ac-martinique.fr\/clg-josephlagrosilliere\/index.php?rest_route=\/wp\/v2\/users\/342"}],"replies":[{"embeddable":true,"href":"https:\/\/site.ac-martinique.fr\/clg-josephlagrosilliere\/index.php?rest_route=%2Fwp%2Fv2%2Fcomments&post=3253"}],"version-history":[{"count":5,"href":"https:\/\/site.ac-martinique.fr\/clg-josephlagrosilliere\/index.php?rest_route=\/wp\/v2\/posts\/3253\/revisions"}],"predecessor-version":[{"id":3258,"href":"https:\/\/site.ac-martinique.fr\/clg-josephlagrosilliere\/index.php?rest_route=\/wp\/v2\/posts\/3253\/revisions\/3258"}],"wp:attachment":[{"href":"https:\/\/site.ac-martinique.fr\/clg-josephlagrosilliere\/index.php?rest_route=%2Fwp%2Fv2%2Fmedia&parent=3253"}],"wp:term":[{"taxonomy":"category","embeddable":true,"href":"https:\/\/site.ac-martinique.fr\/clg-josephlagrosilliere\/index.php?rest_route=%2Fwp%2Fv2%2Fcategories&post=3253"},{"taxonomy":"post_tag","embeddable":true,"href":"https:\/\/site.ac-martinique.fr\/clg-josephlagrosilliere\/index.php?rest_route=%2Fwp%2Fv2%2Ftags&post=3253"}],"curies":[{"name":"wp","href":"https:\/\/api.w.org\/{rel}","templated":true}]}}