{"id":3589,"date":"2026-01-20T10:19:31","date_gmt":"2026-01-20T14:19:31","guid":{"rendered":"https:\/\/site.ac-martinique.fr\/clg-josephlagrosilliere\/?p=3589"},"modified":"2026-01-20T10:19:32","modified_gmt":"2026-01-20T14:19:32","slug":"voeux-2026","status":"publish","type":"post","link":"https:\/\/site.ac-martinique.fr\/clg-josephlagrosilliere\/?p=3589","title":{"rendered":"V\u0152UX 2026"},"content":{"rendered":"\n<figure class=\"wp-block-image size-large\"><a href=\"https:\/\/site.ac-martinique.fr\/clg-josephlagrosilliere\/wp-content\/uploads\/sites\/59\/2026\/01\/WhatsApp-Image-2026-01-20-at-10.05.25.jpeg\"><img loading=\"lazy\" decoding=\"async\" width=\"1024\" height=\"768\" src=\"https:\/\/site.ac-martinique.fr\/clg-josephlagrosilliere\/wp-content\/uploads\/sites\/59\/2026\/01\/WhatsApp-Image-2026-01-20-at-10.05.25-1024x768.jpeg\" alt=\"\" class=\"wp-image-3590\" srcset=\"https:\/\/site.ac-martinique.fr\/clg-josephlagrosilliere\/wp-content\/uploads\/sites\/59\/2026\/01\/WhatsApp-Image-2026-01-20-at-10.05.25-1024x768.jpeg 1024w, https:\/\/site.ac-martinique.fr\/clg-josephlagrosilliere\/wp-content\/uploads\/sites\/59\/2026\/01\/WhatsApp-Image-2026-01-20-at-10.05.25-300x225.jpeg 300w, https:\/\/site.ac-martinique.fr\/clg-josephlagrosilliere\/wp-content\/uploads\/sites\/59\/2026\/01\/WhatsApp-Image-2026-01-20-at-10.05.25-768x576.jpeg 768w, https:\/\/site.ac-martinique.fr\/clg-josephlagrosilliere\/wp-content\/uploads\/sites\/59\/2026\/01\/WhatsApp-Image-2026-01-20-at-10.05.25-1140x855.jpeg 1140w, https:\/\/site.ac-martinique.fr\/clg-josephlagrosilliere\/wp-content\/uploads\/sites\/59\/2026\/01\/WhatsApp-Image-2026-01-20-at-10.05.25.jpeg 1280w\" sizes=\"auto, (max-width: 1024px) 100vw, 1024px\" \/><\/a><\/figure>\n\n\n\n<p>Dans la cour du coll\u00e8ge JOSEPH LAGROSILLI\u00c8RE, l\u2019ensemble des \u00e9l\u00e8ves s\u2019est r\u00e9uni autour du chef d\u2019\u00e9tablissement <strong>Hubert VARASSE<\/strong> et la conseill\u00e8re principale d&rsquo;\u00e9ducation  <strong>Nadi\u00e8ge LUCIEN<\/strong> pour d\u00e9buter l\u2019ann\u00e9e sous le signe de la motivation et de la r\u00e9ussite. \u00c0 cette occasion, ils ont adress\u00e9 leurs v\u0153ux \u00e0 tous, rappelant l\u2019importance de l\u2019engagement, du respect et du travail collectif.<\/p>\n\n\n\n<p>Un moment particulier a \u00e9t\u00e9 consacr\u00e9 aux \u00e9l\u00e8ves de 3\u1d49 en ouverture de discours. Le chef d\u2019\u00e9tablissement les a encourag\u00e9s \u00e0 aborder cette ann\u00e9e d\u00e9cisive avec s\u00e9rieux et confiance, en soulignant les enjeux de leur orientation et de leur r\u00e9ussite au brevet.<\/p>\n\n\n\n<p>Un temps fort, f\u00e9d\u00e9rateur et inspirant, qui lance l\u2019ann\u00e9e scolaire dans une ambiance positive et dynamique.<\/p>\n\n\n\n<p><em>Bonne Ann\u00e9e 2026 !<\/em><\/p>\n\n\n\n<p><\/p>\n","protected":false},"excerpt":{"rendered":"<p>Dans la cour du coll\u00e8ge JOSEPH LAGROSILLI\u00c8RE, l\u2019ensemble des \u00e9l\u00e8ves s\u2019est r\u00e9uni autour du chef d\u2019\u00e9tablissement Hubert VARASSE et la conseill\u00e8re principale d&rsquo;\u00e9ducation Nadi\u00e8ge LUCIEN pour d\u00e9buter l\u2019ann\u00e9e sous le signe de la motivation et de la r\u00e9ussite. \u00c0 cette occasion, ils ont adress\u00e9 leurs v\u0153ux \u00e0 tous, rappelant l\u2019importance de l\u2019engagement, du respect et du travail collectif. Un moment particulier a \u00e9t\u00e9 consacr\u00e9 aux \u00e9l\u00e8ves de 3\u1d49 en ouverture de discours. Le chef d\u2019\u00e9tablissement les a encourag\u00e9s \u00e0 aborder cette ann\u00e9e d\u00e9cisive avec s\u00e9rieux et confiance, en soulignant les enjeux de leur orientation et de leur r\u00e9ussite au brevet. Un temps fort, f\u00e9d\u00e9rateur et inspirant, qui lance l\u2019ann\u00e9e scolaire dans une ambiance positive et dynamique. Bonne Ann\u00e9e 2026 !<\/p>\n","protected":false},"author":274,"featured_media":0,"comment_status":"closed","ping_status":"closed","sticky":false,"template":"","format":"standard","meta":{"footnotes":""},"categories":[11],"tags":[],"class_list":["post-3589","post","type-post","status-publish","format-standard","hentry","category-actualites-2"],"_links":{"self":[{"href":"https:\/\/site.ac-martinique.fr\/clg-josephlagrosilliere\/index.php?rest_route=\/wp\/v2\/posts\/3589","targetHints":{"allow":["GET"]}}],"collection":[{"href":"https:\/\/site.ac-martinique.fr\/clg-josephlagrosilliere\/index.php?rest_route=\/wp\/v2\/posts"}],"about":[{"href":"https:\/\/site.ac-martinique.fr\/clg-josephlagrosilliere\/index.php?rest_route=\/wp\/v2\/types\/post"}],"author":[{"embeddable":true,"href":"https:\/\/site.ac-martinique.fr\/clg-josephlagrosilliere\/index.php?rest_route=\/wp\/v2\/users\/274"}],"replies":[{"embeddable":true,"href":"https:\/\/site.ac-martinique.fr\/clg-josephlagrosilliere\/index.php?rest_route=%2Fwp%2Fv2%2Fcomments&post=3589"}],"version-history":[{"count":2,"href":"https:\/\/site.ac-martinique.fr\/clg-josephlagrosilliere\/index.php?rest_route=\/wp\/v2\/posts\/3589\/revisions"}],"predecessor-version":[{"id":3592,"href":"https:\/\/site.ac-martinique.fr\/clg-josephlagrosilliere\/index.php?rest_route=\/wp\/v2\/posts\/3589\/revisions\/3592"}],"wp:attachment":[{"href":"https:\/\/site.ac-martinique.fr\/clg-josephlagrosilliere\/index.php?rest_route=%2Fwp%2Fv2%2Fmedia&parent=3589"}],"wp:term":[{"taxonomy":"category","embeddable":true,"href":"https:\/\/site.ac-martinique.fr\/clg-josephlagrosilliere\/index.php?rest_route=%2Fwp%2Fv2%2Fcategories&post=3589"},{"taxonomy":"post_tag","embeddable":true,"href":"https:\/\/site.ac-martinique.fr\/clg-josephlagrosilliere\/index.php?rest_route=%2Fwp%2Fv2%2Ftags&post=3589"}],"curies":[{"name":"wp","href":"https:\/\/api.w.org\/{rel}","templated":true}]}}