{"id":3593,"date":"2026-01-20T10:37:00","date_gmt":"2026-01-20T14:37:00","guid":{"rendered":"https:\/\/site.ac-martinique.fr\/clg-josephlagrosilliere\/?p=3593"},"modified":"2026-01-20T10:37:00","modified_gmt":"2026-01-20T14:37:00","slug":"derriere-les-mots-le-besoin","status":"publish","type":"post","link":"https:\/\/site.ac-martinique.fr\/clg-josephlagrosilliere\/?p=3593","title":{"rendered":"Derri\u00e8re les mots le besoin"},"content":{"rendered":"\n<p><img loading=\"lazy\" decoding=\"async\" height=\"16\" width=\"16\" alt=\"&#x2728;\" src=\"https:\/\/static.xx.fbcdn.net\/images\/emoji.php\/v9\/tf4\/1\/16\/2728.png\">Bonjour \u00e0 tous,<\/p>\n\n\n\n<p><a><\/a>Mme Aur\u00e9lie Delecourt, psychologue viendra aborder derri\u00e8re les mots le besoin<\/p>\n\n\n\n<p><img loading=\"lazy\" decoding=\"async\" height=\"16\" width=\"16\" alt=\"&#x1f5d3;&#xfe0f;\" src=\"https:\/\/static.xx.fbcdn.net\/images\/emoji.php\/v9\/t5c\/1\/16\/1f5d3.png\"> Rendez-vous Mardi 27 Janvier 2026 \u00e0 17h<\/p>\n\n\n\n<p><img loading=\"lazy\" decoding=\"async\" height=\"16\" width=\"16\" alt=\"&#x1f6d0;\" src=\"https:\/\/static.xx.fbcdn.net\/images\/emoji.php\/v9\/t1a\/1\/16\/1f6d0.png\"> Lieu : Coll\u00e8ge Joseph LAGROSILLIERE, anse charpentier \u00e0 Sainte-Marie<\/p>\n\n\n\n<p>N\u2019hesite pas<\/p>\n\n\n\n<p><img loading=\"lazy\" decoding=\"async\" height=\"16\" width=\"16\" src=\"https:\/\/static.xx.fbcdn.net\/images\/emoji.php\/v9\/t8e\/1\/16\/2139.png\" alt=\"&#x2139;&#xfe0f;\"> Infos au 0696 23 25 23 <\/p>\n\n\n\n<p> <a href=\"https:\/\/www.facebook.com\/cafedesparents972?locale=fr_FR\" data-type=\"link\" data-id=\"https:\/\/www.facebook.com\/cafedesparents972?locale=fr_FR\">Facebook<\/a> \/ <a href=\"https:\/\/www.instagram.com\/cafedesparents972\/\">Instagram<\/a><\/p>\n\n\n\n<p>*\u00c9v\u00e9nement gratuit*<\/p>\n\n\n\n<div data-wp-interactive=\"core\/file\" class=\"wp-block-file\"><object data-wp-bind--hidden=\"!state.hasPdfPreview\" hidden class=\"wp-block-file__embed\" data=\"https:\/\/site.ac-martinique.fr\/clg-josephlagrosilliere\/wp-content\/uploads\/sites\/59\/2026\/01\/Derriere-les-mots-le-besoin.pdf\" type=\"application\/pdf\" style=\"width:100%;height:600px\" aria-label=\"Contenu embarqu\u00e9 Derri\u00e8re les mots le besoin.\"><\/object><a id=\"wp-block-file--media-cdb8d7db-86fd-444f-aca5-226859fa0e03\" href=\"https:\/\/site.ac-martinique.fr\/clg-josephlagrosilliere\/wp-content\/uploads\/sites\/59\/2026\/01\/Derriere-les-mots-le-besoin.pdf\">Derri\u00e8re les mots le besoin<\/a><a href=\"https:\/\/site.ac-martinique.fr\/clg-josephlagrosilliere\/wp-content\/uploads\/sites\/59\/2026\/01\/Derriere-les-mots-le-besoin.pdf\" class=\"wp-block-file__button wp-element-button\" download aria-describedby=\"wp-block-file--media-cdb8d7db-86fd-444f-aca5-226859fa0e03\">T\u00e9l\u00e9charger<\/a><\/div>\n\n\n\n<p><\/p>\n","protected":false},"excerpt":{"rendered":"<p>Bonjour \u00e0 tous, Mme Aur\u00e9lie Delecourt, psychologue viendra aborder derri\u00e8re les mots le besoin Rendez-vous Mardi 27 Janvier 2026 \u00e0 17h Lieu : Coll\u00e8ge Joseph LAGROSILLIERE, anse charpentier \u00e0 Sainte-Marie N\u2019hesite pas Infos au 0696 23 25 23 Facebook \/ Instagram *\u00c9v\u00e9nement gratuit*<\/p>\n","protected":false},"author":274,"featured_media":0,"comment_status":"closed","ping_status":"","sticky":false,"template":"","format":"standard","meta":{"footnotes":""},"categories":[11,156],"tags":[],"class_list":["post-3593","post","type-post","status-publish","format-standard","hentry","category-actualites-2","category-cafe-des-parents"],"_links":{"self":[{"href":"https:\/\/site.ac-martinique.fr\/clg-josephlagrosilliere\/index.php?rest_route=\/wp\/v2\/posts\/3593","targetHints":{"allow":["GET"]}}],"collection":[{"href":"https:\/\/site.ac-martinique.fr\/clg-josephlagrosilliere\/index.php?rest_route=\/wp\/v2\/posts"}],"about":[{"href":"https:\/\/site.ac-martinique.fr\/clg-josephlagrosilliere\/index.php?rest_route=\/wp\/v2\/types\/post"}],"author":[{"embeddable":true,"href":"https:\/\/site.ac-martinique.fr\/clg-josephlagrosilliere\/index.php?rest_route=\/wp\/v2\/users\/274"}],"replies":[{"embeddable":true,"href":"https:\/\/site.ac-martinique.fr\/clg-josephlagrosilliere\/index.php?rest_route=%2Fwp%2Fv2%2Fcomments&post=3593"}],"version-history":[{"count":1,"href":"https:\/\/site.ac-martinique.fr\/clg-josephlagrosilliere\/index.php?rest_route=\/wp\/v2\/posts\/3593\/revisions"}],"predecessor-version":[{"id":3595,"href":"https:\/\/site.ac-martinique.fr\/clg-josephlagrosilliere\/index.php?rest_route=\/wp\/v2\/posts\/3593\/revisions\/3595"}],"wp:attachment":[{"href":"https:\/\/site.ac-martinique.fr\/clg-josephlagrosilliere\/index.php?rest_route=%2Fwp%2Fv2%2Fmedia&parent=3593"}],"wp:term":[{"taxonomy":"category","embeddable":true,"href":"https:\/\/site.ac-martinique.fr\/clg-josephlagrosilliere\/index.php?rest_route=%2Fwp%2Fv2%2Fcategories&post=3593"},{"taxonomy":"post_tag","embeddable":true,"href":"https:\/\/site.ac-martinique.fr\/clg-josephlagrosilliere\/index.php?rest_route=%2Fwp%2Fv2%2Ftags&post=3593"}],"curies":[{"name":"wp","href":"https:\/\/api.w.org\/{rel}","templated":true}]}}