{"id":1554,"date":"2024-04-16T08:35:35","date_gmt":"2024-04-16T12:35:35","guid":{"rendered":"https:\/\/site.ac-martinique.fr\/clg-julianicolas\/?p=1554"},"modified":"2024-04-22T15:48:46","modified_gmt":"2024-04-22T19:48:46","slug":"land-art-creations-a-la-plage-de-madiana-par-les-eleves-du-college-julia-nicolas","status":"publish","type":"post","link":"https:\/\/site.ac-martinique.fr\/clg-julianicolas\/?p=1554","title":{"rendered":"LAND ART cr\u00e9ations \u00e0 la  Plage de Madiana par les \u00e9l\u00e8ves du coll\u00e8ge Julia Nicolas"},"content":{"rendered":"\n<p>Les \u00e9l\u00e8ves de 301, 302 et 303 se sont rendus \u00e0 la Plage de Madiana afin de r\u00e9aliser une \u0153uvre collective, \u00e9cologique et \u00e9ph\u00e9m\u00e8re s\u2019inspirant du mouvement du LAND ART des ann\u00e9es 60.&nbsp;La plage s\u2019est litt\u00e9ralement transform\u00e9e en atelier et en mus\u00e9e \u00e0 ciel ouvert. Les \u00e9l\u00e8ves ont eu 1h30 pour \u0153uvrer. Dans un cadre de travail inspirant, ils ont tour \u00e0 tour \u00e9tudi\u00e9 la nature, pour y puiser des \u00ab&nbsp;mat\u00e9riaux disponibles&nbsp;\u00bb, pierres, feuilles, sable, bois\u2026 afin de concevoir des \u0153uvres d\u2019art po\u00e9tiques.&nbsp;<\/p>\n\n\n\n<p><\/p>\n\n\n\n<p>Encadr\u00e9s par le professeur d\u2019arts plastiques Mme Breleur et le professeur d\u2019espagnol accompagnateur Mme Remy De Campeau, ils ont su interroger la beaut\u00e9 et la fragilit\u00e9 de la nature.&nbsp;<\/p>\n\n\n\n<p>Comme toutes les \u0153uvres \u00e9ph\u00e9m\u00e8res de LAND ART, seule la photographie reste le t\u00e9moin de l\u2019action artistique car au fil du temps, la nature reprendra ses droits.<\/p>\n\n\n\n<figure class=\"wp-block-gallery has-nested-images columns-default is-cropped wp-block-gallery-1 is-layout-flex wp-block-gallery-is-layout-flex\">\n<figure class=\"wp-block-image size-large\"><img loading=\"lazy\" decoding=\"async\" width=\"1024\" height=\"768\" data-id=\"1708\" src=\"https:\/\/site.ac-martinique.fr\/clg-julianicolas\/wp-content\/uploads\/sites\/119\/2024\/03\/IMG_7717-1024x768.jpg\" alt=\"\" class=\"wp-image-1708\" srcset=\"https:\/\/site.ac-martinique.fr\/clg-julianicolas\/wp-content\/uploads\/sites\/119\/2024\/03\/IMG_7717-1024x768.jpg 1024w, https:\/\/site.ac-martinique.fr\/clg-julianicolas\/wp-content\/uploads\/sites\/119\/2024\/03\/IMG_7717-300x225.jpg 300w, https:\/\/site.ac-martinique.fr\/clg-julianicolas\/wp-content\/uploads\/sites\/119\/2024\/03\/IMG_7717-768x576.jpg 768w, https:\/\/site.ac-martinique.fr\/clg-julianicolas\/wp-content\/uploads\/sites\/119\/2024\/03\/IMG_7717-1536x1152.jpg 1536w, https:\/\/site.ac-martinique.fr\/clg-julianicolas\/wp-content\/uploads\/sites\/119\/2024\/03\/IMG_7717-400x300.jpg 400w, https:\/\/site.ac-martinique.fr\/clg-julianicolas\/wp-content\/uploads\/sites\/119\/2024\/03\/IMG_7717-rotated.jpg 2016w\" sizes=\"auto, (max-width: 1024px) 100vw, 1024px\" \/><\/figure>\n<\/figure>\n\n\n<div class=\"wp-block-image\">\n<figure class=\"alignleft size-large is-resized\"><img loading=\"lazy\" decoding=\"async\" width=\"768\" height=\"1024\" src=\"https:\/\/site.ac-martinique.fr\/clg-julianicolas\/wp-content\/uploads\/sites\/119\/2024\/03\/IMG_7016-768x1024.jpg\" alt=\"\" class=\"wp-image-1706\" style=\"width:260px;height:auto\" srcset=\"https:\/\/site.ac-martinique.fr\/clg-julianicolas\/wp-content\/uploads\/sites\/119\/2024\/03\/IMG_7016-768x1024.jpg 768w, https:\/\/site.ac-martinique.fr\/clg-julianicolas\/wp-content\/uploads\/sites\/119\/2024\/03\/IMG_7016-225x300.jpg 225w, https:\/\/site.ac-martinique.fr\/clg-julianicolas\/wp-content\/uploads\/sites\/119\/2024\/03\/IMG_7016-1152x1536.jpg 1152w, https:\/\/site.ac-martinique.fr\/clg-julianicolas\/wp-content\/uploads\/sites\/119\/2024\/03\/IMG_7016.jpg 1512w\" sizes=\"auto, (max-width: 768px) 100vw, 768px\" \/><\/figure>\n<\/div>\n\n<div class=\"wp-block-image\">\n<figure class=\"alignright size-large is-resized\"><img loading=\"lazy\" decoding=\"async\" width=\"768\" height=\"1024\" src=\"https:\/\/site.ac-martinique.fr\/clg-julianicolas\/wp-content\/uploads\/sites\/119\/2024\/03\/IMG_7020-768x1024.jpg\" alt=\"\" class=\"wp-image-1707\" style=\"width:267px;height:auto\" srcset=\"https:\/\/site.ac-martinique.fr\/clg-julianicolas\/wp-content\/uploads\/sites\/119\/2024\/03\/IMG_7020-768x1024.jpg 768w, https:\/\/site.ac-martinique.fr\/clg-julianicolas\/wp-content\/uploads\/sites\/119\/2024\/03\/IMG_7020-225x300.jpg 225w, https:\/\/site.ac-martinique.fr\/clg-julianicolas\/wp-content\/uploads\/sites\/119\/2024\/03\/IMG_7020-1152x1536.jpg 1152w, https:\/\/site.ac-martinique.fr\/clg-julianicolas\/wp-content\/uploads\/sites\/119\/2024\/03\/IMG_7020.jpg 1512w\" sizes=\"auto, (max-width: 768px) 100vw, 768px\" \/><\/figure>\n<\/div>","protected":false},"excerpt":{"rendered":"<p>Les \u00e9l\u00e8ves de 301, 302 et 303 se sont rendus \u00e0 la Plage de Madiana afin de r\u00e9aliser une \u0153uvre collective, \u00e9cologique et \u00e9ph\u00e9m\u00e8re s\u2019inspirant du mouvement du LAND ART des ann\u00e9es 60.&nbsp;La plage s\u2019est litt\u00e9ralement transform\u00e9e en atelier et &hellip; <a href=\"https:\/\/site.ac-martinique.fr\/clg-julianicolas\/?p=1554\">Continuer la lecture <span class=\"meta-nav\">&rarr;<\/span><\/a><\/p>\n","protected":false},"author":423,"featured_media":0,"comment_status":"closed","ping_status":"closed","sticky":false,"template":"","format":"standard","meta":{"footnotes":""},"categories":[1],"tags":[35,28],"class_list":["post-1554","post","type-post","status-publish","format-standard","hentry","category-1","tag-art","tag-sortie-pedagogique"],"_links":{"self":[{"href":"https:\/\/site.ac-martinique.fr\/clg-julianicolas\/index.php?rest_route=\/wp\/v2\/posts\/1554","targetHints":{"allow":["GET"]}}],"collection":[{"href":"https:\/\/site.ac-martinique.fr\/clg-julianicolas\/index.php?rest_route=\/wp\/v2\/posts"}],"about":[{"href":"https:\/\/site.ac-martinique.fr\/clg-julianicolas\/index.php?rest_route=\/wp\/v2\/types\/post"}],"author":[{"embeddable":true,"href":"https:\/\/site.ac-martinique.fr\/clg-julianicolas\/index.php?rest_route=\/wp\/v2\/users\/423"}],"replies":[{"embeddable":true,"href":"https:\/\/site.ac-martinique.fr\/clg-julianicolas\/index.php?rest_route=%2Fwp%2Fv2%2Fcomments&post=1554"}],"version-history":[{"count":8,"href":"https:\/\/site.ac-martinique.fr\/clg-julianicolas\/index.php?rest_route=\/wp\/v2\/posts\/1554\/revisions"}],"predecessor-version":[{"id":1715,"href":"https:\/\/site.ac-martinique.fr\/clg-julianicolas\/index.php?rest_route=\/wp\/v2\/posts\/1554\/revisions\/1715"}],"wp:attachment":[{"href":"https:\/\/site.ac-martinique.fr\/clg-julianicolas\/index.php?rest_route=%2Fwp%2Fv2%2Fmedia&parent=1554"}],"wp:term":[{"taxonomy":"category","embeddable":true,"href":"https:\/\/site.ac-martinique.fr\/clg-julianicolas\/index.php?rest_route=%2Fwp%2Fv2%2Fcategories&post=1554"},{"taxonomy":"post_tag","embeddable":true,"href":"https:\/\/site.ac-martinique.fr\/clg-julianicolas\/index.php?rest_route=%2Fwp%2Fv2%2Ftags&post=1554"}],"curies":[{"name":"wp","href":"https:\/\/api.w.org\/{rel}","templated":true}]}}