{"id":1555,"date":"2024-01-11T15:40:00","date_gmt":"2024-01-11T19:40:00","guid":{"rendered":"https:\/\/site.ac-martinique.fr\/clg-julianicolas\/?p=1555"},"modified":"2024-01-11T16:03:46","modified_gmt":"2024-01-11T20:03:46","slug":"lart-de-lhumour-et-de-lactualite","status":"publish","type":"post","link":"https:\/\/site.ac-martinique.fr\/clg-julianicolas\/?p=1555","title":{"rendered":"L&rsquo;Art de l&rsquo;humour et de l&rsquo;actualit\u00e9"},"content":{"rendered":"\n<blockquote class=\"wp-block-quote is-layout-flow wp-block-quote-is-layout-flow\">\n<p>Article r\u00e9dig\u00e9 par Ruben Bellone &#8211; Stagiaire Info-Com 2024<\/p>\n<\/blockquote>\n\n\n\n<div class=\"wp-block-media-text is-stacked-on-mobile\" style=\"grid-template-columns:23% auto\"><figure class=\"wp-block-media-text__media\"><img loading=\"lazy\" decoding=\"async\" width=\"200\" height=\"251\" src=\"https:\/\/site.ac-martinique.fr\/clg-julianicolas\/wp-content\/uploads\/sites\/119\/2024\/01\/images-1.jpeg\" alt=\"\" class=\"wp-image-1575 size-full\"\/><\/figure><div class=\"wp-block-media-text__content\">\n<p>Le 9 Janvier 2024, le College Julia Nicolas a organis\u00e9, au CDI, une rencontre avec un dessinateur de presse renomm\u00e9, <a href=\"http:\/\/marandin.com\/\">Didier Marandin<\/a>. Cet \u00e9v\u00e8nement a permis \u00e0 une classe de 4\u00e8me d&rsquo;en apprendre davantage sur ce m\u00e9tier passionant.<\/p>\n<\/div><\/div>\n\n\n\n<p>Lors de cette s\u00e9ance, Didier Marandin pr\u00e9sente son parcours. En effet, avant d&rsquo;exercer ce metier, il a acquis beaucoup d&rsquo;exp\u00e9riences dans diverses professions, notamment comme ma\u00e7on, \u00e9lectricien ou encore \u00e9ducateur professionel. C&rsquo;est son d\u00e9sir de dessiner et sa curiosit\u00e9 qui le conduisent vers ce m\u00e9tier ax\u00e9 sur le dessin humoristique.  Il explique ainsi les diff\u00e9rentes \u00e9tapes de son processus cr\u00e9atif, comprenant la planification du sc\u00e9nario, le crayonn\u00e9, l&rsquo;encrage et la coloration.<\/p>\n\n\n\n<figure class=\"wp-block-image is-style-tw-rounded-corners\"><img loading=\"lazy\" decoding=\"async\" width=\"1024\" height=\"413\" src=\"https:\/\/site.ac-martinique.fr\/clg-julianicolas\/wp-content\/uploads\/sites\/119\/2024\/01\/20240109_150338-1024x413.jpg\" alt=\"\" class=\"wp-image-1574\" srcset=\"https:\/\/site.ac-martinique.fr\/clg-julianicolas\/wp-content\/uploads\/sites\/119\/2024\/01\/20240109_150338-1024x413.jpg 1024w, https:\/\/site.ac-martinique.fr\/clg-julianicolas\/wp-content\/uploads\/sites\/119\/2024\/01\/20240109_150338-300x121.jpg 300w, https:\/\/site.ac-martinique.fr\/clg-julianicolas\/wp-content\/uploads\/sites\/119\/2024\/01\/20240109_150338-768x310.jpg 768w, https:\/\/site.ac-martinique.fr\/clg-julianicolas\/wp-content\/uploads\/sites\/119\/2024\/01\/20240109_150338-1536x620.jpg 1536w, https:\/\/site.ac-martinique.fr\/clg-julianicolas\/wp-content\/uploads\/sites\/119\/2024\/01\/20240109_150338-2048x826.jpg 2048w, https:\/\/site.ac-martinique.fr\/clg-julianicolas\/wp-content\/uploads\/sites\/119\/2024\/01\/20240109_150338-500x202.jpg 500w\" sizes=\"auto, (max-width: 1024px) 100vw, 1024px\" \/><\/figure>\n\n\n\n<p>Il explique ensuite en quoi consiste son travail : le dessinateur de presse illustre l&rsquo;actualit\u00e9 &#8211;  il s&rsquo;agit de traduire des mots en images. Didier Marandin souligne l&rsquo;importance de lire la presse pour comprendre la situation et mener \u00e0 bien ses r\u00e9alisations.<\/p>\n\n\n\n<p>La rencontre se conclut par un exercice pratique destin\u00e9 aux \u00e9l\u00e8ves, leur demandant de cr\u00e9er une illustration avec les th\u00e8mes suivants : volcan, environnement marin, changement climatique. Une activit\u00e9 plongeant les jeunes dans le monde du dessin conjointement avec une touche d&rsquo;humour.<\/p>\n\n\n\n<blockquote class=\"wp-block-quote is-layout-flow wp-block-quote-is-layout-flow\">\n<p class=\"has-text-align-right\"><\/p>\n<\/blockquote>\n","protected":false},"excerpt":{"rendered":"<p>Article r\u00e9dig\u00e9 par Ruben Bellone &#8211; Stagiaire Info-Com 2024 Le 9 Janvier 2024, le College Julia Nicolas a organis\u00e9, au CDI, une rencontre avec un dessinateur de presse renomm\u00e9, Didier Marandin. Cet \u00e9v\u00e8nement a permis \u00e0 une classe de 4\u00e8me &hellip; <a href=\"https:\/\/site.ac-martinique.fr\/clg-julianicolas\/?p=1555\">Continuer la lecture <span class=\"meta-nav\">&rarr;<\/span><\/a><\/p>\n","protected":false},"author":423,"featured_media":0,"comment_status":"closed","ping_status":"closed","sticky":false,"template":"","format":"standard","meta":{"footnotes":""},"categories":[10],"tags":[34,27,26,32],"class_list":["post-1555","post","type-post","status-publish","format-standard","hentry","category-article-thematique","tag-dessin","tag-metiers","tag-orientation","tag-presse"],"_links":{"self":[{"href":"https:\/\/site.ac-martinique.fr\/clg-julianicolas\/index.php?rest_route=\/wp\/v2\/posts\/1555","targetHints":{"allow":["GET"]}}],"collection":[{"href":"https:\/\/site.ac-martinique.fr\/clg-julianicolas\/index.php?rest_route=\/wp\/v2\/posts"}],"about":[{"href":"https:\/\/site.ac-martinique.fr\/clg-julianicolas\/index.php?rest_route=\/wp\/v2\/types\/post"}],"author":[{"embeddable":true,"href":"https:\/\/site.ac-martinique.fr\/clg-julianicolas\/index.php?rest_route=\/wp\/v2\/users\/423"}],"replies":[{"embeddable":true,"href":"https:\/\/site.ac-martinique.fr\/clg-julianicolas\/index.php?rest_route=%2Fwp%2Fv2%2Fcomments&post=1555"}],"version-history":[{"count":7,"href":"https:\/\/site.ac-martinique.fr\/clg-julianicolas\/index.php?rest_route=\/wp\/v2\/posts\/1555\/revisions"}],"predecessor-version":[{"id":1592,"href":"https:\/\/site.ac-martinique.fr\/clg-julianicolas\/index.php?rest_route=\/wp\/v2\/posts\/1555\/revisions\/1592"}],"wp:attachment":[{"href":"https:\/\/site.ac-martinique.fr\/clg-julianicolas\/index.php?rest_route=%2Fwp%2Fv2%2Fmedia&parent=1555"}],"wp:term":[{"taxonomy":"category","embeddable":true,"href":"https:\/\/site.ac-martinique.fr\/clg-julianicolas\/index.php?rest_route=%2Fwp%2Fv2%2Fcategories&post=1555"},{"taxonomy":"post_tag","embeddable":true,"href":"https:\/\/site.ac-martinique.fr\/clg-julianicolas\/index.php?rest_route=%2Fwp%2Fv2%2Ftags&post=1555"}],"curies":[{"name":"wp","href":"https:\/\/api.w.org\/{rel}","templated":true}]}}