{"id":2017,"date":"2024-12-01T23:12:30","date_gmt":"2024-12-02T03:12:30","guid":{"rendered":"https:\/\/site.ac-martinique.fr\/clg-julianicolas\/?p=2017"},"modified":"2024-12-01T23:30:28","modified_gmt":"2024-12-02T03:30:28","slug":"les-eleves-de-3eme-decouvrent-le-monde-professionnel-au-siege-du-medef-martinique","status":"publish","type":"post","link":"https:\/\/site.ac-martinique.fr\/clg-julianicolas\/?p=2017","title":{"rendered":"Les \u00e9l\u00e8ves de 3\u00e8me  d\u00e9couvrent le monde professionnel au si\u00e8ge du M\u00e9def Martinique"},"content":{"rendered":"\n<p>Le mardi 12 novembre, des \u00e9l\u00e8ves de 3\u00e8me ont particip\u00e9 \u00e0 un salon:<\/p>\n\n\n\n<p><strong>                                        \u00ab\u00a0Transformer sa passion en cash\u00a0\u00bb.<\/strong><\/p>\n\n\n\n<figure class=\"wp-block-image size-large\"><img loading=\"lazy\" decoding=\"async\" width=\"1024\" height=\"462\" src=\"https:\/\/site.ac-martinique.fr\/clg-julianicolas\/wp-content\/uploads\/sites\/119\/2024\/12\/sortie-Medef-Martinique-1024x462.jpg\" alt=\"\" class=\"wp-image-2018\" srcset=\"https:\/\/site.ac-martinique.fr\/clg-julianicolas\/wp-content\/uploads\/sites\/119\/2024\/12\/sortie-Medef-Martinique-1024x462.jpg 1024w, https:\/\/site.ac-martinique.fr\/clg-julianicolas\/wp-content\/uploads\/sites\/119\/2024\/12\/sortie-Medef-Martinique-300x135.jpg 300w, https:\/\/site.ac-martinique.fr\/clg-julianicolas\/wp-content\/uploads\/sites\/119\/2024\/12\/sortie-Medef-Martinique-768x346.jpg 768w, https:\/\/site.ac-martinique.fr\/clg-julianicolas\/wp-content\/uploads\/sites\/119\/2024\/12\/sortie-Medef-Martinique-500x225.jpg 500w, https:\/\/site.ac-martinique.fr\/clg-julianicolas\/wp-content\/uploads\/sites\/119\/2024\/12\/sortie-Medef-Martinique.jpg 1156w\" sizes=\"auto, (max-width: 1024px) 100vw, 1024px\" \/><\/figure>\n\n\n\n<p>Trois intervenants issus du service public et du monde de l&rsquo;entreprise, ont partag\u00e9 leurs exp\u00e9riences pour montrer qu&rsquo;il est possible de transformer une passion en un m\u00e9tier rentable.<\/p>\n\n\n\n<figure class=\"wp-block-image size-large\"><img loading=\"lazy\" decoding=\"async\" width=\"1024\" height=\"462\" src=\"https:\/\/site.ac-martinique.fr\/clg-julianicolas\/wp-content\/uploads\/sites\/119\/2024\/12\/Intervenants-MEDEF-1024x462.jpg\" alt=\"\" class=\"wp-image-2019\" srcset=\"https:\/\/site.ac-martinique.fr\/clg-julianicolas\/wp-content\/uploads\/sites\/119\/2024\/12\/Intervenants-MEDEF-1024x462.jpg 1024w, https:\/\/site.ac-martinique.fr\/clg-julianicolas\/wp-content\/uploads\/sites\/119\/2024\/12\/Intervenants-MEDEF-300x135.jpg 300w, https:\/\/site.ac-martinique.fr\/clg-julianicolas\/wp-content\/uploads\/sites\/119\/2024\/12\/Intervenants-MEDEF-768x346.jpg 768w, https:\/\/site.ac-martinique.fr\/clg-julianicolas\/wp-content\/uploads\/sites\/119\/2024\/12\/Intervenants-MEDEF-500x225.jpg 500w, https:\/\/site.ac-martinique.fr\/clg-julianicolas\/wp-content\/uploads\/sites\/119\/2024\/12\/Intervenants-MEDEF.jpg 1156w\" sizes=\"auto, (max-width: 1024px) 100vw, 1024px\" \/><\/figure>\n\n\n\n<p>\u00c0 travers leurs parcours vari\u00e9s, ils ont inspir\u00e9 et rassur\u00e9 les coll\u00e9giens sur les nombreuses trajectories professionnelles possibles.<\/p>\n\n\n\n<p><\/p>\n","protected":false},"excerpt":{"rendered":"<p>Le mardi 12 novembre, des \u00e9l\u00e8ves de 3\u00e8me ont particip\u00e9 \u00e0 un salon: \u00ab\u00a0Transformer sa passion en cash\u00a0\u00bb. Trois intervenants issus du service public et du monde de l&rsquo;entreprise, ont partag\u00e9 leurs exp\u00e9riences pour montrer qu&rsquo;il est possible de transformer &hellip; <a href=\"https:\/\/site.ac-martinique.fr\/clg-julianicolas\/?p=2017\">Continuer la lecture <span class=\"meta-nav\">&rarr;<\/span><\/a><\/p>\n","protected":false},"author":339,"featured_media":0,"comment_status":"closed","ping_status":"closed","sticky":false,"template":"","format":"standard","meta":{"footnotes":""},"categories":[1],"tags":[],"class_list":["post-2017","post","type-post","status-publish","format-standard","hentry","category-1"],"_links":{"self":[{"href":"https:\/\/site.ac-martinique.fr\/clg-julianicolas\/index.php?rest_route=\/wp\/v2\/posts\/2017","targetHints":{"allow":["GET"]}}],"collection":[{"href":"https:\/\/site.ac-martinique.fr\/clg-julianicolas\/index.php?rest_route=\/wp\/v2\/posts"}],"about":[{"href":"https:\/\/site.ac-martinique.fr\/clg-julianicolas\/index.php?rest_route=\/wp\/v2\/types\/post"}],"author":[{"embeddable":true,"href":"https:\/\/site.ac-martinique.fr\/clg-julianicolas\/index.php?rest_route=\/wp\/v2\/users\/339"}],"replies":[{"embeddable":true,"href":"https:\/\/site.ac-martinique.fr\/clg-julianicolas\/index.php?rest_route=%2Fwp%2Fv2%2Fcomments&post=2017"}],"version-history":[{"count":4,"href":"https:\/\/site.ac-martinique.fr\/clg-julianicolas\/index.php?rest_route=\/wp\/v2\/posts\/2017\/revisions"}],"predecessor-version":[{"id":2041,"href":"https:\/\/site.ac-martinique.fr\/clg-julianicolas\/index.php?rest_route=\/wp\/v2\/posts\/2017\/revisions\/2041"}],"wp:attachment":[{"href":"https:\/\/site.ac-martinique.fr\/clg-julianicolas\/index.php?rest_route=%2Fwp%2Fv2%2Fmedia&parent=2017"}],"wp:term":[{"taxonomy":"category","embeddable":true,"href":"https:\/\/site.ac-martinique.fr\/clg-julianicolas\/index.php?rest_route=%2Fwp%2Fv2%2Fcategories&post=2017"},{"taxonomy":"post_tag","embeddable":true,"href":"https:\/\/site.ac-martinique.fr\/clg-julianicolas\/index.php?rest_route=%2Fwp%2Fv2%2Ftags&post=2017"}],"curies":[{"name":"wp","href":"https:\/\/api.w.org\/{rel}","templated":true}]}}