{"id":2029,"date":"2024-12-01T23:14:21","date_gmt":"2024-12-02T03:14:21","guid":{"rendered":"https:\/\/site.ac-martinique.fr\/clg-julianicolas\/?p=2029"},"modified":"2024-12-02T09:04:02","modified_gmt":"2024-12-02T13:04:02","slug":"matinee-de-sensibilisation-au-handicap-au-college-julia-nicolas","status":"publish","type":"post","link":"https:\/\/site.ac-martinique.fr\/clg-julianicolas\/?p=2029","title":{"rendered":"Matin\u00e9e de sensibilisation au Handicap au coll\u00e8ge Julia Nicolas"},"content":{"rendered":"\n<p class=\"has-text-align-center\">Le mercredi 13 novembre 2024, le coll\u00e8ge a organis\u00e9 une matin\u00e9e d\u00e9di\u00e9e \u00e0 la sensibilisation au handicap, impliquant les \u00e9l\u00e8ves de 6\u1d49 et de 5\u1d49. L&rsquo;objectif \u00e9tait de d\u00e9construire les pr\u00e9jug\u00e9s, d\u00e9velopper l&#8217;empathie et promouvoir l&rsquo;inclusion des \u00e9l\u00e8ves du dispositif ULIS.<\/p>\n\n\n\n<p class=\"has-text-align-center\">Divers ateliers, anim\u00e9s par des organismes ext\u00e9rieurs et les \u00e9l\u00e8ves du dispositif, ont permis aux participants de se mettre \u00e0 la place des personnes en situation de handicap :<\/p>\n\n\n\n<p class=\"has-text-align-center\">&#8211; Le PCPE Les Foug\u00e8res a propos\u00e9 des activit\u00e9s pour comprendre les d\u00e9fis des personnes malentendantes, comme d\u00e9coder des messages en langue des signes ou en braille.&nbsp;<\/p>\n\n\n\n<figure class=\"wp-block-image size-full is-resized\"><img loading=\"lazy\" decoding=\"async\" width=\"238\" height=\"314\" src=\"https:\/\/site.ac-martinique.fr\/clg-julianicolas\/wp-content\/uploads\/sites\/119\/2024\/12\/Activite-1.png\" alt=\"\" class=\"wp-image-2032\" style=\"width:614px;height:auto\" srcset=\"https:\/\/site.ac-martinique.fr\/clg-julianicolas\/wp-content\/uploads\/sites\/119\/2024\/12\/Activite-1.png 238w, https:\/\/site.ac-martinique.fr\/clg-julianicolas\/wp-content\/uploads\/sites\/119\/2024\/12\/Activite-1-227x300.png 227w\" sizes=\"auto, (max-width: 238px) 100vw, 238px\" \/><\/figure>\n\n\n\n<figure class=\"wp-block-image size-full is-resized\"><img loading=\"lazy\" decoding=\"async\" width=\"397\" height=\"183\" src=\"https:\/\/site.ac-martinique.fr\/clg-julianicolas\/wp-content\/uploads\/sites\/119\/2024\/12\/Activite-braille.jpg\" alt=\"\" class=\"wp-image-2033\" style=\"width:614px;height:auto\" srcset=\"https:\/\/site.ac-martinique.fr\/clg-julianicolas\/wp-content\/uploads\/sites\/119\/2024\/12\/Activite-braille.jpg 397w, https:\/\/site.ac-martinique.fr\/clg-julianicolas\/wp-content\/uploads\/sites\/119\/2024\/12\/Activite-braille-300x138.jpg 300w\" sizes=\"auto, (max-width: 397px) 100vw, 397px\" \/><\/figure>\n\n\n\n<p class=\"has-text-align-center\">&#8211; Les \u00e9l\u00e8ves de 5\u1d49 ULIS ont organis\u00e9 des jeux et mises en situation pour montrer les difficult\u00e9s du quotidien des personnes porteuses d\u2019un handicap, comme par exemple se d\u00e9placer sans l\u2019usage de ses jambes.<\/p>\n\n\n\n<figure class=\"wp-block-image size-full is-resized\"><img loading=\"lazy\" decoding=\"async\" width=\"226\" height=\"375\" src=\"https:\/\/site.ac-martinique.fr\/clg-julianicolas\/wp-content\/uploads\/sites\/119\/2024\/12\/activite-ULIS.png\" alt=\"\" class=\"wp-image-2034\" style=\"width:614px;height:auto\" srcset=\"https:\/\/site.ac-martinique.fr\/clg-julianicolas\/wp-content\/uploads\/sites\/119\/2024\/12\/activite-ULIS.png 226w, https:\/\/site.ac-martinique.fr\/clg-julianicolas\/wp-content\/uploads\/sites\/119\/2024\/12\/activite-ULIS-181x300.png 181w\" sizes=\"auto, (max-width: 226px) 100vw, 226px\" \/><\/figure>\n\n\n\n<p class=\"has-text-align-center\">Ces ateliers, appr\u00e9ci\u00e9s par les \u00e9l\u00e8ves et les enseignants, ont \u00e9t\u00e9 un v\u00e9ritable succ\u00e8s, favorisant une meillleure compr\u00e9hension des diff\u00e9rences et un esprit de solidarit\u00e9 au sein du coll\u00e8ge.<\/p>\n","protected":false},"excerpt":{"rendered":"<p>Le mercredi 13 novembre 2024, le coll\u00e8ge a organis\u00e9 une matin\u00e9e d\u00e9di\u00e9e \u00e0 la sensibilisation au handicap, impliquant les \u00e9l\u00e8ves de 6\u1d49 et de 5\u1d49. L&rsquo;objectif \u00e9tait de d\u00e9construire les pr\u00e9jug\u00e9s, d\u00e9velopper l&#8217;empathie et promouvoir l&rsquo;inclusion des \u00e9l\u00e8ves du dispositif &hellip; <a href=\"https:\/\/site.ac-martinique.fr\/clg-julianicolas\/?p=2029\">Continuer la lecture <span class=\"meta-nav\">&rarr;<\/span><\/a><\/p>\n","protected":false},"author":339,"featured_media":0,"comment_status":"closed","ping_status":"closed","sticky":false,"template":"","format":"standard","meta":{"footnotes":""},"categories":[1],"tags":[],"class_list":["post-2029","post","type-post","status-publish","format-standard","hentry","category-1"],"_links":{"self":[{"href":"https:\/\/site.ac-martinique.fr\/clg-julianicolas\/index.php?rest_route=\/wp\/v2\/posts\/2029","targetHints":{"allow":["GET"]}}],"collection":[{"href":"https:\/\/site.ac-martinique.fr\/clg-julianicolas\/index.php?rest_route=\/wp\/v2\/posts"}],"about":[{"href":"https:\/\/site.ac-martinique.fr\/clg-julianicolas\/index.php?rest_route=\/wp\/v2\/types\/post"}],"author":[{"embeddable":true,"href":"https:\/\/site.ac-martinique.fr\/clg-julianicolas\/index.php?rest_route=\/wp\/v2\/users\/339"}],"replies":[{"embeddable":true,"href":"https:\/\/site.ac-martinique.fr\/clg-julianicolas\/index.php?rest_route=%2Fwp%2Fv2%2Fcomments&post=2029"}],"version-history":[{"count":5,"href":"https:\/\/site.ac-martinique.fr\/clg-julianicolas\/index.php?rest_route=\/wp\/v2\/posts\/2029\/revisions"}],"predecessor-version":[{"id":2045,"href":"https:\/\/site.ac-martinique.fr\/clg-julianicolas\/index.php?rest_route=\/wp\/v2\/posts\/2029\/revisions\/2045"}],"wp:attachment":[{"href":"https:\/\/site.ac-martinique.fr\/clg-julianicolas\/index.php?rest_route=%2Fwp%2Fv2%2Fmedia&parent=2029"}],"wp:term":[{"taxonomy":"category","embeddable":true,"href":"https:\/\/site.ac-martinique.fr\/clg-julianicolas\/index.php?rest_route=%2Fwp%2Fv2%2Fcategories&post=2029"},{"taxonomy":"post_tag","embeddable":true,"href":"https:\/\/site.ac-martinique.fr\/clg-julianicolas\/index.php?rest_route=%2Fwp%2Fv2%2Ftags&post=2029"}],"curies":[{"name":"wp","href":"https:\/\/api.w.org\/{rel}","templated":true}]}}