{"id":2037,"date":"2024-12-01T23:17:32","date_gmt":"2024-12-02T03:17:32","guid":{"rendered":"https:\/\/site.ac-martinique.fr\/clg-julianicolas\/?p=2037"},"modified":"2024-12-01T23:17:33","modified_gmt":"2024-12-02T03:17:33","slug":"festival-en-pays-reve","status":"publish","type":"post","link":"https:\/\/site.ac-martinique.fr\/clg-julianicolas\/?p=2037","title":{"rendered":"Festival en pays r\u00eav\u00e9"},"content":{"rendered":"\n<p>Les 19 et 20 novembre, les \u00e9l\u00e8ves de 6\u00e8me et 5\u00e8me du coll\u00e8ge, accompagn\u00e9s de leur professeur de fran\u00e7ais, ont eu le plaisir d&rsquo;accueillir deux auteurs dans le cadre du festival En pays r\u00eav\u00e9:<\/p>\n\n\n\n<p>Emmanuel Kh\u00e9rad, auteur de <em>Regarde le monde<\/em>, <\/p>\n\n\n\n<figure class=\"wp-block-image size-large\"><img loading=\"lazy\" decoding=\"async\" width=\"1024\" height=\"576\" src=\"https:\/\/site.ac-martinique.fr\/clg-julianicolas\/wp-content\/uploads\/sites\/119\/2024\/12\/Regarde-le-monde-1024x576.jpg\" alt=\"\" class=\"wp-image-2025\" srcset=\"https:\/\/site.ac-martinique.fr\/clg-julianicolas\/wp-content\/uploads\/sites\/119\/2024\/12\/Regarde-le-monde-1024x576.jpg 1024w, https:\/\/site.ac-martinique.fr\/clg-julianicolas\/wp-content\/uploads\/sites\/119\/2024\/12\/Regarde-le-monde-300x169.jpg 300w, https:\/\/site.ac-martinique.fr\/clg-julianicolas\/wp-content\/uploads\/sites\/119\/2024\/12\/Regarde-le-monde-768x432.jpg 768w, https:\/\/site.ac-martinique.fr\/clg-julianicolas\/wp-content\/uploads\/sites\/119\/2024\/12\/Regarde-le-monde-500x281.jpg 500w, https:\/\/site.ac-martinique.fr\/clg-julianicolas\/wp-content\/uploads\/sites\/119\/2024\/12\/Regarde-le-monde.jpg 1280w\" sizes=\"auto, (max-width: 1024px) 100vw, 1024px\" \/><\/figure>\n\n\n\n<p>et Mokhtar Amoudi, auteur de <em>Les conditions id\u00e9ales<\/em>.<\/p>\n\n\n\n<figure class=\"wp-block-image size-large\"><img loading=\"lazy\" decoding=\"async\" width=\"1024\" height=\"576\" src=\"https:\/\/site.ac-martinique.fr\/clg-julianicolas\/wp-content\/uploads\/sites\/119\/2024\/12\/Les-conditions-ideales-Mokhtar-Amoudi-1024x576.jpg\" alt=\"\" class=\"wp-image-2024\" srcset=\"https:\/\/site.ac-martinique.fr\/clg-julianicolas\/wp-content\/uploads\/sites\/119\/2024\/12\/Les-conditions-ideales-Mokhtar-Amoudi-1024x576.jpg 1024w, https:\/\/site.ac-martinique.fr\/clg-julianicolas\/wp-content\/uploads\/sites\/119\/2024\/12\/Les-conditions-ideales-Mokhtar-Amoudi-300x169.jpg 300w, https:\/\/site.ac-martinique.fr\/clg-julianicolas\/wp-content\/uploads\/sites\/119\/2024\/12\/Les-conditions-ideales-Mokhtar-Amoudi-768x432.jpg 768w, https:\/\/site.ac-martinique.fr\/clg-julianicolas\/wp-content\/uploads\/sites\/119\/2024\/12\/Les-conditions-ideales-Mokhtar-Amoudi-500x281.jpg 500w, https:\/\/site.ac-martinique.fr\/clg-julianicolas\/wp-content\/uploads\/sites\/119\/2024\/12\/Les-conditions-ideales-Mokhtar-Amoudi.jpg 1280w\" sizes=\"auto, (max-width: 1024px) 100vw, 1024px\" \/><\/figure>\n\n\n\n<p>Ils ont, tous deux, accept\u00e9 avec enthousiasme de r\u00e9pondre aux nombreuses questions des \u00e9l\u00e8ves, ravis de dialoguer avec des \u00e9crivains.<\/p>\n\n\n\n<figure class=\"wp-block-image size-large\"><img loading=\"lazy\" decoding=\"async\" width=\"1024\" height=\"576\" src=\"https:\/\/site.ac-martinique.fr\/clg-julianicolas\/wp-content\/uploads\/sites\/119\/2024\/12\/Echange-Emmanuel-Kherad-1024x576.jpg\" alt=\"\" class=\"wp-image-2023\" srcset=\"https:\/\/site.ac-martinique.fr\/clg-julianicolas\/wp-content\/uploads\/sites\/119\/2024\/12\/Echange-Emmanuel-Kherad-1024x576.jpg 1024w, https:\/\/site.ac-martinique.fr\/clg-julianicolas\/wp-content\/uploads\/sites\/119\/2024\/12\/Echange-Emmanuel-Kherad-300x169.jpg 300w, https:\/\/site.ac-martinique.fr\/clg-julianicolas\/wp-content\/uploads\/sites\/119\/2024\/12\/Echange-Emmanuel-Kherad-768x432.jpg 768w, https:\/\/site.ac-martinique.fr\/clg-julianicolas\/wp-content\/uploads\/sites\/119\/2024\/12\/Echange-Emmanuel-Kherad-500x281.jpg 500w, https:\/\/site.ac-martinique.fr\/clg-julianicolas\/wp-content\/uploads\/sites\/119\/2024\/12\/Echange-Emmanuel-Kherad.jpg 1280w\" sizes=\"auto, (max-width: 1024px) 100vw, 1024px\" \/><\/figure>\n\n\n\n<figure class=\"wp-block-image size-large\"><img loading=\"lazy\" decoding=\"async\" width=\"1024\" height=\"576\" src=\"https:\/\/site.ac-martinique.fr\/clg-julianicolas\/wp-content\/uploads\/sites\/119\/2024\/12\/Dansse-1024x576.jpg\" alt=\"\" class=\"wp-image-2021\" srcset=\"https:\/\/site.ac-martinique.fr\/clg-julianicolas\/wp-content\/uploads\/sites\/119\/2024\/12\/Dansse-1024x576.jpg 1024w, https:\/\/site.ac-martinique.fr\/clg-julianicolas\/wp-content\/uploads\/sites\/119\/2024\/12\/Dansse-300x169.jpg 300w, https:\/\/site.ac-martinique.fr\/clg-julianicolas\/wp-content\/uploads\/sites\/119\/2024\/12\/Dansse-768x432.jpg 768w, https:\/\/site.ac-martinique.fr\/clg-julianicolas\/wp-content\/uploads\/sites\/119\/2024\/12\/Dansse-500x281.jpg 500w, https:\/\/site.ac-martinique.fr\/clg-julianicolas\/wp-content\/uploads\/sites\/119\/2024\/12\/Dansse.jpg 1280w\" sizes=\"auto, (max-width: 1024px) 100vw, 1024px\" \/><\/figure>\n\n\n\n<figure class=\"wp-block-image size-large\"><img loading=\"lazy\" decoding=\"async\" width=\"1024\" height=\"576\" src=\"https:\/\/site.ac-martinique.fr\/clg-julianicolas\/wp-content\/uploads\/sites\/119\/2024\/12\/Echange-Amoudi-1024x576.jpg\" alt=\"\" class=\"wp-image-2022\" srcset=\"https:\/\/site.ac-martinique.fr\/clg-julianicolas\/wp-content\/uploads\/sites\/119\/2024\/12\/Echange-Amoudi-1024x576.jpg 1024w, https:\/\/site.ac-martinique.fr\/clg-julianicolas\/wp-content\/uploads\/sites\/119\/2024\/12\/Echange-Amoudi-300x169.jpg 300w, https:\/\/site.ac-martinique.fr\/clg-julianicolas\/wp-content\/uploads\/sites\/119\/2024\/12\/Echange-Amoudi-768x432.jpg 768w, https:\/\/site.ac-martinique.fr\/clg-julianicolas\/wp-content\/uploads\/sites\/119\/2024\/12\/Echange-Amoudi-500x281.jpg 500w, https:\/\/site.ac-martinique.fr\/clg-julianicolas\/wp-content\/uploads\/sites\/119\/2024\/12\/Echange-Amoudi.jpg 1280w\" sizes=\"auto, (max-width: 1024px) 100vw, 1024px\" \/><\/figure>\n\n\n\n<figure class=\"wp-block-image size-large\"><img loading=\"lazy\" decoding=\"async\" width=\"1024\" height=\"576\" src=\"https:\/\/site.ac-martinique.fr\/clg-julianicolas\/wp-content\/uploads\/sites\/119\/2024\/12\/Amoudi-1024x576.jpg\" alt=\"\" class=\"wp-image-2020\" srcset=\"https:\/\/site.ac-martinique.fr\/clg-julianicolas\/wp-content\/uploads\/sites\/119\/2024\/12\/Amoudi-1024x576.jpg 1024w, https:\/\/site.ac-martinique.fr\/clg-julianicolas\/wp-content\/uploads\/sites\/119\/2024\/12\/Amoudi-300x169.jpg 300w, https:\/\/site.ac-martinique.fr\/clg-julianicolas\/wp-content\/uploads\/sites\/119\/2024\/12\/Amoudi-768x432.jpg 768w, https:\/\/site.ac-martinique.fr\/clg-julianicolas\/wp-content\/uploads\/sites\/119\/2024\/12\/Amoudi-500x281.jpg 500w, https:\/\/site.ac-martinique.fr\/clg-julianicolas\/wp-content\/uploads\/sites\/119\/2024\/12\/Amoudi.jpg 1280w\" sizes=\"auto, (max-width: 1024px) 100vw, 1024px\" \/><\/figure>\n","protected":false},"excerpt":{"rendered":"<p>Les 19 et 20 novembre, les \u00e9l\u00e8ves de 6\u00e8me et 5\u00e8me du coll\u00e8ge, accompagn\u00e9s de leur professeur de fran\u00e7ais, ont eu le plaisir d&rsquo;accueillir deux auteurs dans le cadre du festival En pays r\u00eav\u00e9: Emmanuel Kh\u00e9rad, auteur de Regarde le &hellip; <a href=\"https:\/\/site.ac-martinique.fr\/clg-julianicolas\/?p=2037\">Continuer la lecture <span class=\"meta-nav\">&rarr;<\/span><\/a><\/p>\n","protected":false},"author":339,"featured_media":0,"comment_status":"closed","ping_status":"closed","sticky":false,"template":"","format":"standard","meta":{"footnotes":""},"categories":[1],"tags":[],"class_list":["post-2037","post","type-post","status-publish","format-standard","hentry","category-1"],"_links":{"self":[{"href":"https:\/\/site.ac-martinique.fr\/clg-julianicolas\/index.php?rest_route=\/wp\/v2\/posts\/2037","targetHints":{"allow":["GET"]}}],"collection":[{"href":"https:\/\/site.ac-martinique.fr\/clg-julianicolas\/index.php?rest_route=\/wp\/v2\/posts"}],"about":[{"href":"https:\/\/site.ac-martinique.fr\/clg-julianicolas\/index.php?rest_route=\/wp\/v2\/types\/post"}],"author":[{"embeddable":true,"href":"https:\/\/site.ac-martinique.fr\/clg-julianicolas\/index.php?rest_route=\/wp\/v2\/users\/339"}],"replies":[{"embeddable":true,"href":"https:\/\/site.ac-martinique.fr\/clg-julianicolas\/index.php?rest_route=%2Fwp%2Fv2%2Fcomments&post=2037"}],"version-history":[{"count":4,"href":"https:\/\/site.ac-martinique.fr\/clg-julianicolas\/index.php?rest_route=\/wp\/v2\/posts\/2037\/revisions"}],"predecessor-version":[{"id":2043,"href":"https:\/\/site.ac-martinique.fr\/clg-julianicolas\/index.php?rest_route=\/wp\/v2\/posts\/2037\/revisions\/2043"}],"wp:attachment":[{"href":"https:\/\/site.ac-martinique.fr\/clg-julianicolas\/index.php?rest_route=%2Fwp%2Fv2%2Fmedia&parent=2037"}],"wp:term":[{"taxonomy":"category","embeddable":true,"href":"https:\/\/site.ac-martinique.fr\/clg-julianicolas\/index.php?rest_route=%2Fwp%2Fv2%2Fcategories&post=2037"},{"taxonomy":"post_tag","embeddable":true,"href":"https:\/\/site.ac-martinique.fr\/clg-julianicolas\/index.php?rest_route=%2Fwp%2Fv2%2Ftags&post=2037"}],"curies":[{"name":"wp","href":"https:\/\/api.w.org\/{rel}","templated":true}]}}