{"id":2053,"date":"2024-12-10T21:53:58","date_gmt":"2024-12-11T01:53:58","guid":{"rendered":"https:\/\/site.ac-martinique.fr\/clg-julianicolas\/?p=2053"},"modified":"2024-12-10T21:53:59","modified_gmt":"2024-12-11T01:53:59","slug":"un-sapin-collaboratif-pour-illuminer-le-college","status":"publish","type":"post","link":"https:\/\/site.ac-martinique.fr\/clg-julianicolas\/?p=2053","title":{"rendered":"Un sapin collaboratif pour illuminer le coll\u00e8ge"},"content":{"rendered":"\n<p><br>Les \u00e9l\u00e8ves de 6\u00e8me 3, ainsi que des volontaires issus de diff\u00e9rentes classes, accompagn\u00e9s de leur professeur d\u2019arts plastiques, ont r\u00e9alis\u00e9 un sapin original m\u00ealant lianes naturelles et structure m\u00e9tallique en grillage.<\/p>\n\n\n\n<figure class=\"wp-block-gallery has-nested-images columns-default is-cropped wp-block-gallery-1 is-layout-flex wp-block-gallery-is-layout-flex\">\n<figure class=\"wp-block-image size-large\"><img loading=\"lazy\" decoding=\"async\" width=\"769\" height=\"1024\" data-id=\"2058\" src=\"https:\/\/site.ac-martinique.fr\/clg-julianicolas\/wp-content\/uploads\/sites\/119\/2024\/12\/Photo-3-sapin-769x1024.jpeg\" alt=\"\" class=\"wp-image-2058\" srcset=\"https:\/\/site.ac-martinique.fr\/clg-julianicolas\/wp-content\/uploads\/sites\/119\/2024\/12\/Photo-3-sapin-769x1024.jpeg 769w, https:\/\/site.ac-martinique.fr\/clg-julianicolas\/wp-content\/uploads\/sites\/119\/2024\/12\/Photo-3-sapin-225x300.jpeg 225w, https:\/\/site.ac-martinique.fr\/clg-julianicolas\/wp-content\/uploads\/sites\/119\/2024\/12\/Photo-3-sapin-768x1023.jpeg 768w, https:\/\/site.ac-martinique.fr\/clg-julianicolas\/wp-content\/uploads\/sites\/119\/2024\/12\/Photo-3-sapin.jpeg 868w\" sizes=\"auto, (max-width: 769px) 100vw, 769px\" \/><\/figure>\n<\/figure>\n\n\n\n<p><br>Cette oeuvre unique illustre parfaitement les valeurs de travail en \u00e9quipe et d\u2019innovation artistique. <\/p>\n\n\n\n<p>Le choix des mat\u00e9riaux alliant le naturel et l\u2019industriel refl\u00e8te un m\u00e9lange harmonieux et esth\u00e9tique, parfait pour la saison des f\u00eates.<\/p>\n\n\n\n<p><br>Un grand bravo \u00e0 tous les \u00e9l\u00e8ves et \u00e0 leur professeur pour cette r\u00e9alisation qui fait rayonner la cr\u00e9ativit\u00e9 au sein de notre coll\u00e8ge !<br><\/p>\n\n\n\n<figure class=\"wp-block-gallery has-nested-images columns-default is-cropped wp-block-gallery-2 is-layout-flex wp-block-gallery-is-layout-flex\"><\/figure>\n","protected":false},"excerpt":{"rendered":"<p>Les \u00e9l\u00e8ves de 6\u00e8me 3, ainsi que des volontaires issus de diff\u00e9rentes classes, accompagn\u00e9s de leur professeur d\u2019arts plastiques, ont r\u00e9alis\u00e9 un sapin original m\u00ealant lianes naturelles et structure m\u00e9tallique en grillage. Cette oeuvre unique illustre parfaitement les valeurs de &hellip; <a href=\"https:\/\/site.ac-martinique.fr\/clg-julianicolas\/?p=2053\">Continuer la lecture <span class=\"meta-nav\">&rarr;<\/span><\/a><\/p>\n","protected":false},"author":339,"featured_media":0,"comment_status":"closed","ping_status":"closed","sticky":false,"template":"","format":"standard","meta":{"footnotes":""},"categories":[1],"tags":[41,40],"class_list":["post-2053","post","type-post","status-publish","format-standard","hentry","category-1","tag-metal","tag-nature"],"_links":{"self":[{"href":"https:\/\/site.ac-martinique.fr\/clg-julianicolas\/index.php?rest_route=\/wp\/v2\/posts\/2053","targetHints":{"allow":["GET"]}}],"collection":[{"href":"https:\/\/site.ac-martinique.fr\/clg-julianicolas\/index.php?rest_route=\/wp\/v2\/posts"}],"about":[{"href":"https:\/\/site.ac-martinique.fr\/clg-julianicolas\/index.php?rest_route=\/wp\/v2\/types\/post"}],"author":[{"embeddable":true,"href":"https:\/\/site.ac-martinique.fr\/clg-julianicolas\/index.php?rest_route=\/wp\/v2\/users\/339"}],"replies":[{"embeddable":true,"href":"https:\/\/site.ac-martinique.fr\/clg-julianicolas\/index.php?rest_route=%2Fwp%2Fv2%2Fcomments&post=2053"}],"version-history":[{"count":2,"href":"https:\/\/site.ac-martinique.fr\/clg-julianicolas\/index.php?rest_route=\/wp\/v2\/posts\/2053\/revisions"}],"predecessor-version":[{"id":2059,"href":"https:\/\/site.ac-martinique.fr\/clg-julianicolas\/index.php?rest_route=\/wp\/v2\/posts\/2053\/revisions\/2059"}],"wp:attachment":[{"href":"https:\/\/site.ac-martinique.fr\/clg-julianicolas\/index.php?rest_route=%2Fwp%2Fv2%2Fmedia&parent=2053"}],"wp:term":[{"taxonomy":"category","embeddable":true,"href":"https:\/\/site.ac-martinique.fr\/clg-julianicolas\/index.php?rest_route=%2Fwp%2Fv2%2Fcategories&post=2053"},{"taxonomy":"post_tag","embeddable":true,"href":"https:\/\/site.ac-martinique.fr\/clg-julianicolas\/index.php?rest_route=%2Fwp%2Fv2%2Ftags&post=2053"}],"curies":[{"name":"wp","href":"https:\/\/api.w.org\/{rel}","templated":true}]}}