{"id":128,"date":"2021-10-19T10:44:56","date_gmt":"2021-10-19T14:44:56","guid":{"rendered":"https:\/\/site.ac-martinique.fr\/clg-mandyfrancois-elie\/?p=128"},"modified":"2021-10-19T10:44:56","modified_gmt":"2021-10-19T14:44:56","slug":"octobre-rose-31-jours-pour-informer-mobiliser-convaincre","status":"publish","type":"post","link":"https:\/\/site.ac-martinique.fr\/clg-mandyfrancois-elie\/?p=128","title":{"rendered":"OCTOBRE ROSE : 31 jours pour informer, mobiliser, convaincre!"},"content":{"rendered":"\n<figure class=\"wp-block-image\"><img decoding=\"async\" src=\"https:\/\/img-3.journaldesfemmes.fr\/7YDl4O4DKh82AK_O5lv_euLhD28=\/1080x\/smart\/ceb9476f5d0b4cff87a9f75289a5bb2e\/ccmcms-jdf\/18478099.jpg\" alt=\"\" \/><figcaption>Ruban rose, symbole du cancer du sein\u00a0<small>\u00a9\u00a0Serhii Brovko &#8211; 123RF<\/small><\/figcaption><\/figure>\n\n\n\n<p><strong>A l&rsquo;occasion d&rsquo; OCTOBRE ROSE, les initiatives se multiplient pour sensibiliser sur l&rsquo;importance du d\u00e9pistage du cancer du sein et accompagner les femmes touch\u00e9es par le cancer ainsi que leur entourage.<\/strong><\/p>\n\n\n\n<p>Aujourd&rsquo;hui en France,&nbsp;une femme sur huit risque de d\u00e9velopper un cancer du sein au cours de sa vie. Depuis 1994 en France,&nbsp;Octobre Rose est une campagne&nbsp;annuelle&nbsp;men\u00e9e par l&rsquo;association&nbsp;Ruban Rose&nbsp;qui permet de sensibiliser le grand public&nbsp;au d\u00e9pistage du cancer du sein, la&nbsp;premi\u00e8re cause de mortalit\u00e9 par cancer chez les femmes,&nbsp;et de r\u00e9colter des fonds pour la recherche m\u00e9dicale et scientifique.&nbsp;\u200b<\/p>\n","protected":false},"excerpt":{"rendered":"<p>A l&rsquo;occasion d&rsquo; OCTOBRE ROSE, les initiatives se multiplient pour sensibiliser sur l&rsquo;importance du d\u00e9pistage du cancer du sein et accompagner les femmes touch\u00e9es par le cancer ainsi que leur entourage. Aujourd&rsquo;hui en France,&nbsp;une femme sur huit risque de d\u00e9velopper un cancer du sein au cours de sa vie. Depuis 1994 en France,&nbsp;Octobre Rose est &hellip; <\/p>\n<p class=\"link-more\"><a href=\"https:\/\/site.ac-martinique.fr\/clg-mandyfrancois-elie\/?p=128\" class=\"more-link\">Continuer la lecture<span class=\"screen-reader-text\"> de &laquo;&nbsp;OCTOBRE ROSE : 31 jours pour informer, mobiliser, convaincre!&nbsp;&raquo;<\/span><\/a><\/p>\n","protected":false},"author":288,"featured_media":0,"comment_status":"closed","ping_status":"open","sticky":false,"template":"","format":"standard","meta":{"footnotes":""},"categories":[1],"tags":[],"class_list":["post-128","post","type-post","status-publish","format-standard","hentry","category-non-classe"],"_links":{"self":[{"href":"https:\/\/site.ac-martinique.fr\/clg-mandyfrancois-elie\/index.php?rest_route=\/wp\/v2\/posts\/128","targetHints":{"allow":["GET"]}}],"collection":[{"href":"https:\/\/site.ac-martinique.fr\/clg-mandyfrancois-elie\/index.php?rest_route=\/wp\/v2\/posts"}],"about":[{"href":"https:\/\/site.ac-martinique.fr\/clg-mandyfrancois-elie\/index.php?rest_route=\/wp\/v2\/types\/post"}],"author":[{"embeddable":true,"href":"https:\/\/site.ac-martinique.fr\/clg-mandyfrancois-elie\/index.php?rest_route=\/wp\/v2\/users\/288"}],"replies":[{"embeddable":true,"href":"https:\/\/site.ac-martinique.fr\/clg-mandyfrancois-elie\/index.php?rest_route=%2Fwp%2Fv2%2Fcomments&post=128"}],"version-history":[{"count":1,"href":"https:\/\/site.ac-martinique.fr\/clg-mandyfrancois-elie\/index.php?rest_route=\/wp\/v2\/posts\/128\/revisions"}],"predecessor-version":[{"id":129,"href":"https:\/\/site.ac-martinique.fr\/clg-mandyfrancois-elie\/index.php?rest_route=\/wp\/v2\/posts\/128\/revisions\/129"}],"wp:attachment":[{"href":"https:\/\/site.ac-martinique.fr\/clg-mandyfrancois-elie\/index.php?rest_route=%2Fwp%2Fv2%2Fmedia&parent=128"}],"wp:term":[{"taxonomy":"category","embeddable":true,"href":"https:\/\/site.ac-martinique.fr\/clg-mandyfrancois-elie\/index.php?rest_route=%2Fwp%2Fv2%2Fcategories&post=128"},{"taxonomy":"post_tag","embeddable":true,"href":"https:\/\/site.ac-martinique.fr\/clg-mandyfrancois-elie\/index.php?rest_route=%2Fwp%2Fv2%2Ftags&post=128"}],"curies":[{"name":"wp","href":"https:\/\/api.w.org\/{rel}","templated":true}]}}