{"id":290,"date":"2022-10-17T18:33:01","date_gmt":"2022-10-17T22:33:01","guid":{"rendered":"https:\/\/site.ac-martinique.fr\/clg-mandyfrancois-elie\/?p=290"},"modified":"2022-10-17T18:33:01","modified_gmt":"2022-10-17T22:33:01","slug":"rdv-avec-rman","status":"publish","type":"post","link":"https:\/\/site.ac-martinique.fr\/clg-mandyfrancois-elie\/?p=290","title":{"rendered":"RDV avec Rman"},"content":{"rendered":"\n<p>Les \u00e9l\u00e8ves de la CHAAP Design du coll\u00e8ge auront le plaisir d&rsquo;accueillir l&rsquo;artiste Rman qui a accompagn\u00e9 durant 4 ans les \u00e9l\u00e8ves de la Chaap du coll\u00e8ge de Dillon.<\/p>\n\n\n\n<figure class=\"wp-block-image size-large\"><img loading=\"lazy\" decoding=\"async\" width=\"780\" height=\"1024\" src=\"https:\/\/site.ac-martinique.fr\/clg-mandyfrancois-elie\/wp-content\/uploads\/sites\/101\/2022\/10\/Capture-de\u0301cran-2022-10-17-a\u0300-18.18.19-780x1024.png\" alt=\"\" class=\"wp-image-291\" srcset=\"https:\/\/site.ac-martinique.fr\/clg-mandyfrancois-elie\/wp-content\/uploads\/sites\/101\/2022\/10\/Capture-de\u0301cran-2022-10-17-a\u0300-18.18.19-780x1024.png 780w, https:\/\/site.ac-martinique.fr\/clg-mandyfrancois-elie\/wp-content\/uploads\/sites\/101\/2022\/10\/Capture-de\u0301cran-2022-10-17-a\u0300-18.18.19-229x300.png 229w, https:\/\/site.ac-martinique.fr\/clg-mandyfrancois-elie\/wp-content\/uploads\/sites\/101\/2022\/10\/Capture-de\u0301cran-2022-10-17-a\u0300-18.18.19-768x1008.png 768w, https:\/\/site.ac-martinique.fr\/clg-mandyfrancois-elie\/wp-content\/uploads\/sites\/101\/2022\/10\/Capture-de\u0301cran-2022-10-17-a\u0300-18.18.19-1170x1536.png 1170w, https:\/\/site.ac-martinique.fr\/clg-mandyfrancois-elie\/wp-content\/uploads\/sites\/101\/2022\/10\/Capture-de\u0301cran-2022-10-17-a\u0300-18.18.19.png 1432w\" sizes=\"auto, (max-width: 767px) 89vw, (max-width: 1000px) 54vw, (max-width: 1071px) 543px, 580px\" \/><\/figure>\n","protected":false},"excerpt":{"rendered":"<p>Les \u00e9l\u00e8ves de la CHAAP Design du coll\u00e8ge auront le plaisir d&rsquo;accueillir l&rsquo;artiste Rman qui a accompagn\u00e9 durant 4 ans les \u00e9l\u00e8ves de la Chaap du coll\u00e8ge de Dillon.<\/p>\n","protected":false},"author":261,"featured_media":0,"comment_status":"closed","ping_status":"open","sticky":false,"template":"","format":"standard","meta":{"footnotes":""},"categories":[1],"tags":[],"class_list":["post-290","post","type-post","status-publish","format-standard","hentry","category-non-classe"],"_links":{"self":[{"href":"https:\/\/site.ac-martinique.fr\/clg-mandyfrancois-elie\/index.php?rest_route=\/wp\/v2\/posts\/290","targetHints":{"allow":["GET"]}}],"collection":[{"href":"https:\/\/site.ac-martinique.fr\/clg-mandyfrancois-elie\/index.php?rest_route=\/wp\/v2\/posts"}],"about":[{"href":"https:\/\/site.ac-martinique.fr\/clg-mandyfrancois-elie\/index.php?rest_route=\/wp\/v2\/types\/post"}],"author":[{"embeddable":true,"href":"https:\/\/site.ac-martinique.fr\/clg-mandyfrancois-elie\/index.php?rest_route=\/wp\/v2\/users\/261"}],"replies":[{"embeddable":true,"href":"https:\/\/site.ac-martinique.fr\/clg-mandyfrancois-elie\/index.php?rest_route=%2Fwp%2Fv2%2Fcomments&post=290"}],"version-history":[{"count":1,"href":"https:\/\/site.ac-martinique.fr\/clg-mandyfrancois-elie\/index.php?rest_route=\/wp\/v2\/posts\/290\/revisions"}],"predecessor-version":[{"id":292,"href":"https:\/\/site.ac-martinique.fr\/clg-mandyfrancois-elie\/index.php?rest_route=\/wp\/v2\/posts\/290\/revisions\/292"}],"wp:attachment":[{"href":"https:\/\/site.ac-martinique.fr\/clg-mandyfrancois-elie\/index.php?rest_route=%2Fwp%2Fv2%2Fmedia&parent=290"}],"wp:term":[{"taxonomy":"category","embeddable":true,"href":"https:\/\/site.ac-martinique.fr\/clg-mandyfrancois-elie\/index.php?rest_route=%2Fwp%2Fv2%2Fcategories&post=290"},{"taxonomy":"post_tag","embeddable":true,"href":"https:\/\/site.ac-martinique.fr\/clg-mandyfrancois-elie\/index.php?rest_route=%2Fwp%2Fv2%2Ftags&post=290"}],"curies":[{"name":"wp","href":"https:\/\/api.w.org\/{rel}","templated":true}]}}