{"id":1356,"date":"2016-04-23T04:14:35","date_gmt":"2016-04-23T08:14:35","guid":{"rendered":"\/clg-mornedesesses\/?p=1356"},"modified":"2016-04-23T04:14:35","modified_gmt":"2016-04-23T08:14:35","slug":"residence-dartistes-pour-les-eleves-du-college-de-morne-des-esses","status":"publish","type":"post","link":"https:\/\/site.ac-martinique.fr\/clg-mornedesesses\/?p=1356","title":{"rendered":"RESIDENCE D\u2019ARTISTES POUR LES ELEVES DU COLLEGE DE MORNE DES ESSES"},"content":{"rendered":"<p>Cette ann\u00e9e les \u00e9l\u00e8ves du coll\u00e8ge du Morne des Esses ont eu l&rsquo;occasion de participer \u00e0 deux r\u00e9sidences d&rsquo;artistes autour de la musique\u00a0organis\u00e9e par leur professeur ELLEN MOURAIN:<\/p>\n<p><strong>La premi\u00e8re s&rsquo;est d\u00e9roul\u00e9e au mois d&rsquo;octobre 2015<\/strong>. Dans le cadre de la r\u00e9sidence de cr\u00e9ation intitul\u00e9e \u00ab\u00a0D&rsquo;une Rive \u00e0 l&rsquo;Autre\u00a0\u00bb\u00a0: autour de l&rsquo;artiste de jazz martiniquais Eric Ildefonse, se sont rassembl\u00e9s des artistes de renomm\u00e9e internationale issus de diff\u00e9rents pays.<\/p>\n<p>\u00ab\u00a0<u>D&rsquo;une rive \u00e0 l&rsquo;Autre<\/u>, est une \u0153uvre artistique propos\u00e9e et pilot\u00e9e par Eric Ildefonse.<\/p>\n<p>Les \u00e9l\u00e8ves du coll\u00e8ge du Morne des Esses, une classe de sixi\u00e8me et une classe de quatri\u00e8me ont donc eu le privil\u00e8ge d&rsquo;accueillir deux grands musiciens indiens: \u00e0 la sitar, Subrata De (New Delhi) et les tabl\u00e2 (percussions indiennes) : Nantha Kumar (Singapour\/Madrid).<\/p>\n<p>Ils ont ainsi pu d\u00e9couvrir ces deux instruments fondamentaux de la musique classique indienne, ont \u00e9chang\u00e9 avec les musiciens sur le mode d&rsquo;apprentissage de la musique en Inde et ont \u00e9galement appris quelques caract\u00e9ristiques de cette musique tr\u00e8s riche&#8230;Ils ont chant\u00e9 les notes de la musique indienne. Un temps d&rsquo;\u00e9change a \u00e9galement eu lieu autour des pratiques culturelles indiennes pr\u00e9sentes en Martinique et quelques \u00e9l\u00e8ves qui pratiquent le Baratha Natyam (danse classique indienne) ont eu l&rsquo;occasion de faire une petite d\u00e9monstration accompagn\u00e9es par les musiciens\u00a0!<\/p>\n<p>Les \u00e9l\u00e8ves et professeurs pr\u00e9sents ont beaucoup appr\u00e9ci\u00e9 cette rencontre propos\u00e9e par le domaine de Fond Saint Jacques et l&rsquo;association Kout\u00e9 Sa.<\/p>\n<p><a href=\"\/clg-mornedesesses\/wp-content\/uploads\/sites\/61\/2016\/04\/Re\u0301sidenceArtiste1.png\"><img loading=\"lazy\" decoding=\"async\" class=\" size-medium wp-image-1359 aligncenter\" src=\"\/clg-mornedesesses\/wp-content\/uploads\/sites\/61\/2016\/04\/Re\u0301sidenceArtiste1-300x180.png\" alt=\"Re\u0301sidenceArtiste1\" width=\"300\" height=\"180\" \/><\/a><\/p>\n<p><strong>La deuxi\u00e8me r\u00e9sidence d&rsquo;artistes a eu lieu au mois de janvier 2016<\/strong>. Les \u00e9l\u00e8ves de la chorale et de l&rsquo;atelier de pratique instrumentale ont eu l&rsquo;occasion de d\u00e9couvrir et de travailler autour des percussions corporelles lors de la venue d&rsquo;un percussionniste renomm\u00e9, Fabien Tisserand.<\/p>\n<p>Les \u00e9l\u00e8ves ont beaucoup appr\u00e9ci\u00e9 cette rencontre, ils sont rest\u00e9s concentr\u00e9s pendant deux heures utilisant leur corps comme un instrument percussif et chor\u00e9graphi\u00e9&#8230;et en ayant parfois mal aux cuisses et mains pour certains&#8230;mais c&rsquo;\u00e9tait pour la bonne cause&#8230;<\/p>\n<p>Fabien Tisserand doit revenir poursuivre ce travail avec les \u00e9l\u00e8ves du coll\u00e8ge autour de la chanson <u>Ma Maman M&rsquo;a Dit<\/u> d&rsquo;Eug\u00e8ne Mona.<\/p>\n<p><a href=\"\/clg-mornedesesses\/wp-content\/uploads\/sites\/61\/2016\/04\/Re\u0301sidenceArtiste2.png\"><img loading=\"lazy\" decoding=\"async\" class=\" size-medium wp-image-1358 aligncenter\" src=\"\/clg-mornedesesses\/wp-content\/uploads\/sites\/61\/2016\/04\/Re\u0301sidenceArtiste2-300x169.png\" alt=\"Re\u0301sidenceArtiste2\" width=\"300\" height=\"169\" \/><\/a><\/p>\n","protected":false},"excerpt":{"rendered":"<p>Cette ann\u00e9e les \u00e9l\u00e8ves du coll\u00e8ge du Morne des Esses ont eu l&rsquo;occasion de participer \u00e0 deux r\u00e9sidences d&rsquo;artistes autour de la musique\u00a0organis\u00e9e par leur professeur ELLEN MOURAIN: La premi\u00e8re s&rsquo;est d\u00e9roul\u00e9e au mois d&rsquo;octobre 2015. Dans le cadre de &hellip; <a href=\"https:\/\/site.ac-martinique.fr\/clg-mornedesesses\/?p=1356\">Continuer la lecture <span class=\"meta-nav\">&rarr;<\/span><\/a><\/p>\n","protected":false},"author":150,"featured_media":0,"comment_status":"closed","ping_status":"closed","sticky":false,"template":"","format":"standard","meta":{"footnotes":""},"categories":[],"tags":[],"class_list":["post-1356","post","type-post","status-publish","format-standard","hentry"],"_links":{"self":[{"href":"https:\/\/site.ac-martinique.fr\/clg-mornedesesses\/index.php?rest_route=\/wp\/v2\/posts\/1356","targetHints":{"allow":["GET"]}}],"collection":[{"href":"https:\/\/site.ac-martinique.fr\/clg-mornedesesses\/index.php?rest_route=\/wp\/v2\/posts"}],"about":[{"href":"https:\/\/site.ac-martinique.fr\/clg-mornedesesses\/index.php?rest_route=\/wp\/v2\/types\/post"}],"author":[{"embeddable":true,"href":"https:\/\/site.ac-martinique.fr\/clg-mornedesesses\/index.php?rest_route=\/wp\/v2\/users\/150"}],"replies":[{"embeddable":true,"href":"https:\/\/site.ac-martinique.fr\/clg-mornedesesses\/index.php?rest_route=%2Fwp%2Fv2%2Fcomments&post=1356"}],"version-history":[{"count":2,"href":"https:\/\/site.ac-martinique.fr\/clg-mornedesesses\/index.php?rest_route=\/wp\/v2\/posts\/1356\/revisions"}],"predecessor-version":[{"id":1360,"href":"https:\/\/site.ac-martinique.fr\/clg-mornedesesses\/index.php?rest_route=\/wp\/v2\/posts\/1356\/revisions\/1360"}],"wp:attachment":[{"href":"https:\/\/site.ac-martinique.fr\/clg-mornedesesses\/index.php?rest_route=%2Fwp%2Fv2%2Fmedia&parent=1356"}],"wp:term":[{"taxonomy":"category","embeddable":true,"href":"https:\/\/site.ac-martinique.fr\/clg-mornedesesses\/index.php?rest_route=%2Fwp%2Fv2%2Fcategories&post=1356"},{"taxonomy":"post_tag","embeddable":true,"href":"https:\/\/site.ac-martinique.fr\/clg-mornedesesses\/index.php?rest_route=%2Fwp%2Fv2%2Ftags&post=1356"}],"curies":[{"name":"wp","href":"https:\/\/api.w.org\/{rel}","templated":true}]}}