{"id":2266,"date":"2017-03-19T22:28:40","date_gmt":"2017-03-20T02:28:40","guid":{"rendered":"\/clg-mornedesesses\/?p=2266"},"modified":"2017-08-27T16:07:02","modified_gmt":"2017-08-27T14:07:02","slug":"apres-midi-de-lorientation-du-vendredi-10-mars-2017-2","status":"publish","type":"post","link":"https:\/\/site.ac-martinique.fr\/clg-mornedesesses\/?p=2266","title":{"rendered":"Apr\u00e8s midi de l&rsquo;Orientation du Vendredi 10 Mars 2017"},"content":{"rendered":"<p style=\"text-align: center;\"><img loading=\"lazy\" decoding=\"async\" class=\"alignnone size-medium wp-image-2795\" src=\"\/clg-mornedesesses\/wp-content\/uploads\/sites\/61\/2017\/08\/Capture-de\u0301cran-2017-08-27-10.04.55-210x300.png\" alt=\"\" width=\"210\" height=\"300\" srcset=\"https:\/\/site.ac-martinique.fr\/clg-mornedesesses\/wp-content\/uploads\/sites\/61\/2017\/08\/Capture-de\u0301cran-2017-08-27-10.04.55-210x300.png 210w, https:\/\/site.ac-martinique.fr\/clg-mornedesesses\/wp-content\/uploads\/sites\/61\/2017\/08\/Capture-de\u0301cran-2017-08-27-10.04.55.png 464w\" sizes=\"auto, (max-width: 210px) 100vw, 210px\" \/><\/p>\n<p>Lors de l&rsquo;apr\u00e8s-midi de l&rsquo;Orientation du Vendredi 10 Mars 2017, nous avons eu le privil\u00e8ge d&rsquo;accueillir dans l&rsquo;enceinte de notre coll\u00e8ge, 8 \u00e9tablissement post-3\u00e8me de l&rsquo;ile:<\/p>\n<ul>\n<li>Le LGT de Trinit\u00e9<\/li>\n<li>Le LP de Trinit\u00e9<\/li>\n<li>Le LPA du Robert<\/li>\n<li>Le LPO Nord Atlantique (Sainte-Marie)<\/li>\n<li>Le LPO Joseph Pernock (Lorrain)<\/li>\n<li>Le LEGTA de Croix-Rivail (Ducos)<\/li>\n<li>Le LP de Chateauboeuf (Fort-de-France)<\/li>\n<li>et Le LPR Nord Caraibes (Bellefontaine)<\/li>\n<\/ul>\n<p>Les \u00e9l\u00e8ves de 3\u00e8me, ainsi que leurs parents \u00e9taient convi\u00e9s \u00e0 cette manifestation. Elle\u00a0a d\u00e9but\u00e9 par une s\u00e9ance pl\u00e9ni\u00e8re anim\u00e9e par notre COPsy, Mme ARNETON, de 13h00 \u00e0 14h00. Mme BERTHOL, notre Professeur Documentaliste et r\u00e9f\u00e9rente Folios, a remis \u00e0 cette occasion les identifiants de connexion Folios aux parents et \u00e9l\u00e8ves pr\u00e9sents.<\/p>\n<p>3 ateliers tournants, se sont d\u00e9roul\u00e9s entre 14h00 et 16h30. Ils ont permis aux participants d&rsquo;\u00e9changer avec les repr\u00e9sentants des diff\u00e9rents \u00e9tablissements post-3\u00e8me.<\/p>\n<p>Cette manifestation a \u00e9t\u00e9 encadr\u00e9 par les \u00e9l\u00e8ves du CVC (sous la houlette de Mr AGESILAS) et les \u00e9l\u00e8ves du Parcours ArcEnCiel. Ils se sont charg\u00e9 de l&rsquo;accueil et de l&rsquo;accompagnement de tous les participants \u00e0 cette manifestation.<\/p>\n<p style=\"text-align: center;\"><img loading=\"lazy\" decoding=\"async\" class=\"alignnone size-medium wp-image-2792\" src=\"\/clg-mornedesesses\/wp-content\/uploads\/sites\/61\/2017\/08\/20170310_132342-300x169.jpg\" alt=\"\" width=\"300\" height=\"169\" srcset=\"https:\/\/site.ac-martinique.fr\/clg-mornedesesses\/wp-content\/uploads\/sites\/61\/2017\/08\/20170310_132342-300x169.jpg 300w, https:\/\/site.ac-martinique.fr\/clg-mornedesesses\/wp-content\/uploads\/sites\/61\/2017\/08\/20170310_132342-768x432.jpg 768w, https:\/\/site.ac-martinique.fr\/clg-mornedesesses\/wp-content\/uploads\/sites\/61\/2017\/08\/20170310_132342-1024x576.jpg 1024w\" sizes=\"auto, (max-width: 300px) 100vw, 300px\" \/> <img loading=\"lazy\" decoding=\"async\" class=\"alignnone size-medium wp-image-2791\" src=\"\/clg-mornedesesses\/wp-content\/uploads\/sites\/61\/2017\/08\/20170310_131443-300x169.jpg\" alt=\"\" width=\"300\" height=\"169\" srcset=\"https:\/\/site.ac-martinique.fr\/clg-mornedesesses\/wp-content\/uploads\/sites\/61\/2017\/08\/20170310_131443-300x169.jpg 300w, https:\/\/site.ac-martinique.fr\/clg-mornedesesses\/wp-content\/uploads\/sites\/61\/2017\/08\/20170310_131443-768x432.jpg 768w, https:\/\/site.ac-martinique.fr\/clg-mornedesesses\/wp-content\/uploads\/sites\/61\/2017\/08\/20170310_131443-1024x576.jpg 1024w\" sizes=\"auto, (max-width: 300px) 100vw, 300px\" \/><\/p>\n","protected":false},"excerpt":{"rendered":"<p>Lors de l&rsquo;apr\u00e8s-midi de l&rsquo;Orientation du Vendredi 10 Mars 2017, nous avons eu le privil\u00e8ge d&rsquo;accueillir dans l&rsquo;enceinte de notre coll\u00e8ge, 8 \u00e9tablissement post-3\u00e8me de l&rsquo;ile: Le LGT de Trinit\u00e9 Le LP de Trinit\u00e9 Le LPA du Robert Le LPO &hellip; <a href=\"https:\/\/site.ac-martinique.fr\/clg-mornedesesses\/?p=2266\">Continuer la lecture <span class=\"meta-nav\">&rarr;<\/span><\/a><\/p>\n","protected":false},"author":150,"featured_media":0,"comment_status":"closed","ping_status":"closed","sticky":false,"template":"","format":"standard","meta":{"footnotes":""},"categories":[5],"tags":[29,30,6,28,9],"class_list":["post-2266","post","type-post","status-publish","format-standard","hentry","category-annee-2016-2017","tag-2nd-gt","tag-2nd-pro","tag-3eme","tag-orientation","tag-parcours-avenir"],"_links":{"self":[{"href":"https:\/\/site.ac-martinique.fr\/clg-mornedesesses\/index.php?rest_route=\/wp\/v2\/posts\/2266","targetHints":{"allow":["GET"]}}],"collection":[{"href":"https:\/\/site.ac-martinique.fr\/clg-mornedesesses\/index.php?rest_route=\/wp\/v2\/posts"}],"about":[{"href":"https:\/\/site.ac-martinique.fr\/clg-mornedesesses\/index.php?rest_route=\/wp\/v2\/types\/post"}],"author":[{"embeddable":true,"href":"https:\/\/site.ac-martinique.fr\/clg-mornedesesses\/index.php?rest_route=\/wp\/v2\/users\/150"}],"replies":[{"embeddable":true,"href":"https:\/\/site.ac-martinique.fr\/clg-mornedesesses\/index.php?rest_route=%2Fwp%2Fv2%2Fcomments&post=2266"}],"version-history":[{"count":4,"href":"https:\/\/site.ac-martinique.fr\/clg-mornedesesses\/index.php?rest_route=\/wp\/v2\/posts\/2266\/revisions"}],"predecessor-version":[{"id":2796,"href":"https:\/\/site.ac-martinique.fr\/clg-mornedesesses\/index.php?rest_route=\/wp\/v2\/posts\/2266\/revisions\/2796"}],"wp:attachment":[{"href":"https:\/\/site.ac-martinique.fr\/clg-mornedesesses\/index.php?rest_route=%2Fwp%2Fv2%2Fmedia&parent=2266"}],"wp:term":[{"taxonomy":"category","embeddable":true,"href":"https:\/\/site.ac-martinique.fr\/clg-mornedesesses\/index.php?rest_route=%2Fwp%2Fv2%2Fcategories&post=2266"},{"taxonomy":"post_tag","embeddable":true,"href":"https:\/\/site.ac-martinique.fr\/clg-mornedesesses\/index.php?rest_route=%2Fwp%2Fv2%2Ftags&post=2266"}],"curies":[{"name":"wp","href":"https:\/\/api.w.org\/{rel}","templated":true}]}}