{"id":3400,"date":"2019-09-02T11:58:02","date_gmt":"2019-09-02T09:58:02","guid":{"rendered":"\/clg-mornedesesses\/?p=3400"},"modified":"2019-09-02T20:30:04","modified_gmt":"2019-09-02T18:30:04","slug":"nouveau-padlet-pour-les-5emes","status":"publish","type":"post","link":"https:\/\/site.ac-martinique.fr\/clg-mornedesesses\/?p=3400","title":{"rendered":"Education musicale au coll\u00e8ge !"},"content":{"rendered":"<div>\n<div>\n<h2><img loading=\"lazy\" decoding=\"async\" class=\"aligncenter wp-image-3401\" src=\"\/clg-mornedesesses\/wp-content\/uploads\/sites\/61\/2017\/11\/colore-vecteur-illustration-musique-de-fond_53-14363.jpg\" alt=\"\" width=\"335\" height=\"280\" srcset=\"https:\/\/site.ac-martinique.fr\/clg-mornedesesses\/wp-content\/uploads\/sites\/61\/2017\/11\/colore-vecteur-illustration-musique-de-fond_53-14363.jpg 626w, https:\/\/site.ac-martinique.fr\/clg-mornedesesses\/wp-content\/uploads\/sites\/61\/2017\/11\/colore-vecteur-illustration-musique-de-fond_53-14363-300x251.jpg 300w\" sizes=\"auto, (max-width: 335px) 100vw, 335px\" \/><\/h2>\n<h2 style=\"text-align: center;\"><span style=\"color: #ff0000;\">D\u00e9sormais, la chorale est une option facultative (au m\u00eame titre que le latin ou le cr\u00e9ole) qui permet d&rsquo;obtenir des points suppl\u00e9mentaires pour le DNB et obtenir une moyenne trimestrielle dans le bulletin.<\/span><\/h2>\n<h2 style=\"text-align: center;\"><span style=\"color: #ff0000;\">Inscrivez-vous !<\/span><\/h2>\n<h2><span style=\"color: #0000ff;\">Dans le cadre de la classe invers\u00e9e, les \u00e9l\u00e8ves du coll\u00e8ge pourront acc\u00e9der aux cours et r\u00e9visions sur ces sites :<\/span><\/h2>\n<h2><a href=\"https:\/\/ellen-musique.canoprof.fr\/\">https:\/\/ellen-musique.canoprof.fr\/<\/a><\/h2>\n<div><a href=\"https:\/\/padlet.com\/ellen_mourain\/musique6eme\">https:\/\/padlet.com\/ellen_mourain\/musique6eme<\/a><\/div>\n<div><\/div>\n<div><a href=\"https:\/\/padlet.com\/ellen_mourain\/5ememusique\">https:\/\/padlet.com\/ellen_mourain\/5ememusique<\/a><\/div>\n<div><\/div>\n<div><a href=\"https:\/\/padlet.com\/ellen_mourain\/musique4eme\">https:\/\/padlet.com\/ellen_mourain\/musique4eme<\/a><\/div>\n<div><\/div>\n<div><a href=\"https:\/\/padlet.com\/ellen_mourain\/musique3eme\">https:\/\/padlet.com\/ellen_mourain\/musique3eme<\/a><\/div>\n<\/div>\n<h2><span style=\"color: #00ccff;\">code :<\/span> <strong><span style=\"color: #00ff00;\">mourainmusique<\/span><\/strong><\/h2>\n<\/div>\n<div><\/div>\n<div style=\"text-align: center;\"><\/div>\n<div style=\"text-align: left;\"><\/div>\n<div style=\"text-align: center;\"><\/div>\n<div><\/div>\n<div>\n<div><img loading=\"lazy\" decoding=\"async\" class=\"size-medium wp-image-2353 aligncenter\" src=\"\/clg-mornedesesses\/wp-content\/uploads\/sites\/61\/2017\/08\/piano-1655558__480-300x200.jpg\" alt=\"\" width=\"300\" height=\"200\" srcset=\"https:\/\/site.ac-martinique.fr\/clg-mornedesesses\/wp-content\/uploads\/sites\/61\/2017\/08\/piano-1655558__480-300x200.jpg 300w, https:\/\/site.ac-martinique.fr\/clg-mornedesesses\/wp-content\/uploads\/sites\/61\/2017\/08\/piano-1655558__480.jpg 720w\" sizes=\"auto, (max-width: 300px) 100vw, 300px\" \/><\/div>\n<\/div>\n<div><\/div>\n","protected":false},"excerpt":{"rendered":"<p>D\u00e9sormais, la chorale est une option facultative (au m\u00eame titre que le latin ou le cr\u00e9ole) qui permet d&rsquo;obtenir des points suppl\u00e9mentaires pour le DNB et obtenir une moyenne trimestrielle dans le bulletin. Inscrivez-vous ! Dans le cadre de la &hellip; <a href=\"https:\/\/site.ac-martinique.fr\/clg-mornedesesses\/?p=3400\">Continuer la lecture <span class=\"meta-nav\">&rarr;<\/span><\/a><\/p>\n","protected":false},"author":150,"featured_media":0,"comment_status":"closed","ping_status":"closed","sticky":false,"template":"","format":"standard","meta":{"footnotes":""},"categories":[2],"tags":[15,10],"class_list":["post-3400","post","type-post","status-publish","format-standard","hentry","category-annee-2017-2018","tag-5eme","tag-musique"],"_links":{"self":[{"href":"https:\/\/site.ac-martinique.fr\/clg-mornedesesses\/index.php?rest_route=\/wp\/v2\/posts\/3400","targetHints":{"allow":["GET"]}}],"collection":[{"href":"https:\/\/site.ac-martinique.fr\/clg-mornedesesses\/index.php?rest_route=\/wp\/v2\/posts"}],"about":[{"href":"https:\/\/site.ac-martinique.fr\/clg-mornedesesses\/index.php?rest_route=\/wp\/v2\/types\/post"}],"author":[{"embeddable":true,"href":"https:\/\/site.ac-martinique.fr\/clg-mornedesesses\/index.php?rest_route=\/wp\/v2\/users\/150"}],"replies":[{"embeddable":true,"href":"https:\/\/site.ac-martinique.fr\/clg-mornedesesses\/index.php?rest_route=%2Fwp%2Fv2%2Fcomments&post=3400"}],"version-history":[{"count":4,"href":"https:\/\/site.ac-martinique.fr\/clg-mornedesesses\/index.php?rest_route=\/wp\/v2\/posts\/3400\/revisions"}],"predecessor-version":[{"id":3906,"href":"https:\/\/site.ac-martinique.fr\/clg-mornedesesses\/index.php?rest_route=\/wp\/v2\/posts\/3400\/revisions\/3906"}],"wp:attachment":[{"href":"https:\/\/site.ac-martinique.fr\/clg-mornedesesses\/index.php?rest_route=%2Fwp%2Fv2%2Fmedia&parent=3400"}],"wp:term":[{"taxonomy":"category","embeddable":true,"href":"https:\/\/site.ac-martinique.fr\/clg-mornedesesses\/index.php?rest_route=%2Fwp%2Fv2%2Fcategories&post=3400"},{"taxonomy":"post_tag","embeddable":true,"href":"https:\/\/site.ac-martinique.fr\/clg-mornedesesses\/index.php?rest_route=%2Fwp%2Fv2%2Ftags&post=3400"}],"curies":[{"name":"wp","href":"https:\/\/api.w.org\/{rel}","templated":true}]}}