{"id":3494,"date":"2018-03-21T14:54:47","date_gmt":"2018-03-21T13:54:47","guid":{"rendered":"\/clg-mornedesesses\/?p=3494"},"modified":"2018-03-21T14:54:47","modified_gmt":"2018-03-21T13:54:47","slug":"apres-midi-de-lorientation-du-vendredi-9-mars-2018","status":"publish","type":"post","link":"https:\/\/site.ac-martinique.fr\/clg-mornedesesses\/?p=3494","title":{"rendered":"Apr\u00e8s-midi de l&rsquo;Orientation du Vendredi 9 Mars 2018"},"content":{"rendered":"<p><img loading=\"lazy\" decoding=\"async\" class=\"aligncenter  wp-image-3493\" src=\"\/clg-mornedesesses\/wp-content\/uploads\/sites\/61\/2018\/03\/Capture-de\u0301cran-2018-03-21-09.49.59.png\" alt=\"\" width=\"352\" height=\"505\" srcset=\"https:\/\/site.ac-martinique.fr\/clg-mornedesesses\/wp-content\/uploads\/sites\/61\/2018\/03\/Capture-de\u0301cran-2018-03-21-09.49.59.png 586w, https:\/\/site.ac-martinique.fr\/clg-mornedesesses\/wp-content\/uploads\/sites\/61\/2018\/03\/Capture-de\u0301cran-2018-03-21-09.49.59-209x300.png 209w\" sizes=\"auto, (max-width: 352px) 100vw, 352px\" \/><\/p>\n<p>Lors de l&rsquo;apr\u00e8s-midi de l&rsquo;Orientation du Vendredi 9 Mars 2018, nous avons eu le privil\u00e8ge d&rsquo;accueillir dans l&rsquo;enceinte de notre coll\u00e8ge, 8 \u00e9tablissement post-3\u00e8me de l&rsquo;ile:<\/p>\n<ul>\n<li>Le LGT de Trinit\u00e9<\/li>\n<li>Le LP de Trinit\u00e9<\/li>\n<li>Le LPA du Robert<\/li>\n<li>Le LPO Nord Atlantique (Sainte-Marie)<\/li>\n<li>Le LPO Joseph Pernock (Lorrain)<\/li>\n<li>Le LEGTA de Croix-Rivail (Ducos)<\/li>\n<li>Le LP de Chateauboeuf (Fort-de-France)<\/li>\n<li>et Le LPR Nord Caraibes (Bellefontaine)<\/li>\n<\/ul>\n<p>Les \u00e9l\u00e8ves de 3\u00e8me, ainsi que leurs parents \u00e9taient convi\u00e9s \u00e0 cette manifestation. Elle\u00a0a d\u00e9but\u00e9 par une s\u00e9ance pl\u00e9ni\u00e8re anim\u00e9e par notre COPsy, Mme ARNETON, de 13h00 \u00e0 14h00.<\/p>\n<p>3 ateliers tournants, se sont d\u00e9roul\u00e9s entre 14h00 et 16h30. Ils ont permis aux participants d&rsquo;\u00e9changer avec les repr\u00e9sentants des diff\u00e9rents \u00e9tablissements post-3\u00e8me.<\/p>\n<p>Cette manifestation a \u00e9t\u00e9 encadr\u00e9 par les \u00e9l\u00e8ves du CVC (sous la houlette de Mr AGESILAS) et les \u00e9l\u00e8ves du Parcours ArcEnCiel. Ils se sont charg\u00e9 de l&rsquo;accueil et de l&rsquo;accompagnement de tous les participants \u00e0 cette manifestation.<\/p>\n<p>&nbsp;<\/p>\n","protected":false},"excerpt":{"rendered":"<p>Lors de l&rsquo;apr\u00e8s-midi de l&rsquo;Orientation du Vendredi 9 Mars 2018, nous avons eu le privil\u00e8ge d&rsquo;accueillir dans l&rsquo;enceinte de notre coll\u00e8ge, 8 \u00e9tablissement post-3\u00e8me de l&rsquo;ile: Le LGT de Trinit\u00e9 Le LP de Trinit\u00e9 Le LPA du Robert Le LPO &hellip; <a href=\"https:\/\/site.ac-martinique.fr\/clg-mornedesesses\/?p=3494\">Continuer la lecture <span class=\"meta-nav\">&rarr;<\/span><\/a><\/p>\n","protected":false},"author":150,"featured_media":0,"comment_status":"closed","ping_status":"closed","sticky":false,"template":"","format":"standard","meta":{"footnotes":""},"categories":[2],"tags":[6,37,28,9,38,25],"class_list":["post-3494","post","type-post","status-publish","format-standard","hentry","category-annee-2017-2018","tag-3eme","tag-cvc","tag-orientation","tag-parcours-avenir","tag-parcours-citoyen","tag-parentalite"],"_links":{"self":[{"href":"https:\/\/site.ac-martinique.fr\/clg-mornedesesses\/index.php?rest_route=\/wp\/v2\/posts\/3494","targetHints":{"allow":["GET"]}}],"collection":[{"href":"https:\/\/site.ac-martinique.fr\/clg-mornedesesses\/index.php?rest_route=\/wp\/v2\/posts"}],"about":[{"href":"https:\/\/site.ac-martinique.fr\/clg-mornedesesses\/index.php?rest_route=\/wp\/v2\/types\/post"}],"author":[{"embeddable":true,"href":"https:\/\/site.ac-martinique.fr\/clg-mornedesesses\/index.php?rest_route=\/wp\/v2\/users\/150"}],"replies":[{"embeddable":true,"href":"https:\/\/site.ac-martinique.fr\/clg-mornedesesses\/index.php?rest_route=%2Fwp%2Fv2%2Fcomments&post=3494"}],"version-history":[{"count":1,"href":"https:\/\/site.ac-martinique.fr\/clg-mornedesesses\/index.php?rest_route=\/wp\/v2\/posts\/3494\/revisions"}],"predecessor-version":[{"id":3495,"href":"https:\/\/site.ac-martinique.fr\/clg-mornedesesses\/index.php?rest_route=\/wp\/v2\/posts\/3494\/revisions\/3495"}],"wp:attachment":[{"href":"https:\/\/site.ac-martinique.fr\/clg-mornedesesses\/index.php?rest_route=%2Fwp%2Fv2%2Fmedia&parent=3494"}],"wp:term":[{"taxonomy":"category","embeddable":true,"href":"https:\/\/site.ac-martinique.fr\/clg-mornedesesses\/index.php?rest_route=%2Fwp%2Fv2%2Fcategories&post=3494"},{"taxonomy":"post_tag","embeddable":true,"href":"https:\/\/site.ac-martinique.fr\/clg-mornedesesses\/index.php?rest_route=%2Fwp%2Fv2%2Ftags&post=3494"}],"curies":[{"name":"wp","href":"https:\/\/api.w.org\/{rel}","templated":true}]}}