{"id":3830,"date":"2019-06-11T03:46:47","date_gmt":"2019-06-11T01:46:47","guid":{"rendered":"\/clg-mornedesesses\/?p=3830"},"modified":"2019-06-11T03:46:47","modified_gmt":"2019-06-11T01:46:47","slug":"voyage-pedagogique-a-sainte-lucie-du-21-au-25-mai-2019","status":"publish","type":"post","link":"https:\/\/site.ac-martinique.fr\/clg-mornedesesses\/?p=3830","title":{"rendered":"Voyage p\u00e9dagogique \u00e0 Sainte Lucie du 21 au 25 Mai 2019"},"content":{"rendered":"<p><strong>Martinique, Sainte Lucie : un partage historique aux destins singuliers\u2026<\/strong><\/p>\n<p>Ce voyage concerne l\u2019ensemble de la classe \u00e0 projet de 3<sup>\u00e8me<\/sup>du dispositif Arc-en-ciel, projet labellis\u00e9\u00a0\u00ab\u00a0projet acad\u00e9mique\u00a0\u00bb. Ce projet de voyage a pu \u00eatre r\u00e9alis\u00e9 \u00e0 l\u2019initiative des professeurs suivants\u00a0: Mme Maximin, porteur de ce projet, Mme Jourdan, Mme V\u00e9ridique et M. Gourpil.<br \/>\n<strong>Le programme du s\u00e9jour<\/strong> \u00e9tait le suivant\u00a0:<br \/>\n<strong>Le premier jour<\/strong>, nous avons d\u00e9couvert le patrimoine historique et culturel de Sainte-Lucie Lucie, c\u2019est \u00e0 dire que nous avons appr\u00e9ci\u00e9 la richesse et la diversit\u00e9 de sa production architecturale et artistique.<br \/>\nC\u2019est ainsi que nous avons pu profiter d\u2019une magnifique vue panoramique sur notre parcours.<\/p>\n<p><img loading=\"lazy\" decoding=\"async\" class=\"aligncenter size-full wp-image-3832\" src=\"\/clg-mornedesesses\/wp-content\/uploads\/sites\/61\/2019\/06\/photo-1.jpg\" alt=\"\" width=\"1387\" height=\"674\" srcset=\"https:\/\/site.ac-martinique.fr\/clg-mornedesesses\/wp-content\/uploads\/sites\/61\/2019\/06\/photo-1.jpg 1387w, https:\/\/site.ac-martinique.fr\/clg-mornedesesses\/wp-content\/uploads\/sites\/61\/2019\/06\/photo-1-300x146.jpg 300w, https:\/\/site.ac-martinique.fr\/clg-mornedesesses\/wp-content\/uploads\/sites\/61\/2019\/06\/photo-1-768x373.jpg 768w, https:\/\/site.ac-martinique.fr\/clg-mornedesesses\/wp-content\/uploads\/sites\/61\/2019\/06\/photo-1-1024x498.jpg 1024w\" sizes=\"auto, (max-width: 1387px) 100vw, 1387px\" \/><\/p>\n<p>Nous avons visit\u00e9 le domaine Balenbouche, ancienne maison de plantation situ\u00e9e dans le sud de l&rsquo;\u00eele. La propri\u00e9t\u00e9 comprend un moulin \u00e0 sucre du 18\u00e8me si\u00e8cle, une maison de plantation authentique et des terrains avec des vergers, des p\u00e2turages, des \u00e9tangs et des sentiers naturels.<\/p>\n<p><img loading=\"lazy\" decoding=\"async\" class=\"aligncenter size-full wp-image-3833\" src=\"\/clg-mornedesesses\/wp-content\/uploads\/sites\/61\/2019\/06\/photo-2.jpg\" alt=\"\" width=\"768\" height=\"780\" srcset=\"https:\/\/site.ac-martinique.fr\/clg-mornedesesses\/wp-content\/uploads\/sites\/61\/2019\/06\/photo-2.jpg 768w, https:\/\/site.ac-martinique.fr\/clg-mornedesesses\/wp-content\/uploads\/sites\/61\/2019\/06\/photo-2-295x300.jpg 295w\" sizes=\"auto, (max-width: 768px) 100vw, 768px\" \/> <img loading=\"lazy\" decoding=\"async\" class=\"aligncenter size-full wp-image-3834\" src=\"\/clg-mornedesesses\/wp-content\/uploads\/sites\/61\/2019\/06\/photo-3.jpg\" alt=\"\" width=\"1387\" height=\"674\" srcset=\"https:\/\/site.ac-martinique.fr\/clg-mornedesesses\/wp-content\/uploads\/sites\/61\/2019\/06\/photo-3.jpg 1387w, https:\/\/site.ac-martinique.fr\/clg-mornedesesses\/wp-content\/uploads\/sites\/61\/2019\/06\/photo-3-300x146.jpg 300w, https:\/\/site.ac-martinique.fr\/clg-mornedesesses\/wp-content\/uploads\/sites\/61\/2019\/06\/photo-3-768x373.jpg 768w, https:\/\/site.ac-martinique.fr\/clg-mornedesesses\/wp-content\/uploads\/sites\/61\/2019\/06\/photo-3-1024x498.jpg 1024w\" sizes=\"auto, (max-width: 1387px) 100vw, 1387px\" \/><\/p>\n<p>Nous avons d\u00e9jeun\u00e9 au domaine du Morne Courbaril, plantation de cacao dans un cadre verdoyant et profit\u00e9 pleinement de la vue des deux pitons.<\/p>\n<p><img loading=\"lazy\" decoding=\"async\" class=\"aligncenter size-full wp-image-3835\" src=\"\/clg-mornedesesses\/wp-content\/uploads\/sites\/61\/2019\/06\/photo-4.jpg\" alt=\"\" width=\"710\" height=\"532\" srcset=\"https:\/\/site.ac-martinique.fr\/clg-mornedesesses\/wp-content\/uploads\/sites\/61\/2019\/06\/photo-4.jpg 710w, https:\/\/site.ac-martinique.fr\/clg-mornedesesses\/wp-content\/uploads\/sites\/61\/2019\/06\/photo-4-300x225.jpg 300w\" sizes=\"auto, (max-width: 710px) 100vw, 710px\" \/> <img loading=\"lazy\" decoding=\"async\" class=\"aligncenter size-full wp-image-3836\" src=\"\/clg-mornedesesses\/wp-content\/uploads\/sites\/61\/2019\/06\/photo-5.jpg\" alt=\"\" width=\"717\" height=\"520\" srcset=\"https:\/\/site.ac-martinique.fr\/clg-mornedesesses\/wp-content\/uploads\/sites\/61\/2019\/06\/photo-5.jpg 717w, https:\/\/site.ac-martinique.fr\/clg-mornedesesses\/wp-content\/uploads\/sites\/61\/2019\/06\/photo-5-300x218.jpg 300w\" sizes=\"auto, (max-width: 717px) 100vw, 717px\" \/><\/p>\n<p>L\u2019apr\u00e8s-midi \u00e9tait consacr\u00e9 \u00e0 la visite dans les rues de Castries de l\u2019architecture coloniale et de la cath\u00e9drale.<br \/>\n<strong>Le deuxi\u00e8me jour, <\/strong>le matin, notre programme s\u2019est d\u00e9roul\u00e9 en trois temps\u00a0:<br \/>\nNous avons visit\u00e9 l\u2019Alliance fran\u00e7aise, organisme charg\u00e9 de promouvoir la langue et la culture fran\u00e7aise dans la Cara\u00efbe, situ\u00e9e \u00e0 Pointe S\u00e9raphine. En effet, les \u00e9l\u00e8ves ont pu\u00a0 participer \u00e0 des jeux avec la responsable p\u00e9dagogique\u00a0 et son animatrice. Ce fut l\u2019occasion pour nos jeunes de faire leur premi\u00e8re immersion linguistique en pratiquant l\u2019anglais de mani\u00e8re ludique. Ils \u00e9taient enchant\u00e9s.<\/p>\n<p><img loading=\"lazy\" decoding=\"async\" class=\"aligncenter size-full wp-image-3837\" src=\"\/clg-mornedesesses\/wp-content\/uploads\/sites\/61\/2019\/06\/photo-6.jpg\" alt=\"\" width=\"1506\" height=\"733\" srcset=\"https:\/\/site.ac-martinique.fr\/clg-mornedesesses\/wp-content\/uploads\/sites\/61\/2019\/06\/photo-6.jpg 1506w, https:\/\/site.ac-martinique.fr\/clg-mornedesesses\/wp-content\/uploads\/sites\/61\/2019\/06\/photo-6-300x146.jpg 300w, https:\/\/site.ac-martinique.fr\/clg-mornedesesses\/wp-content\/uploads\/sites\/61\/2019\/06\/photo-6-768x374.jpg 768w, https:\/\/site.ac-martinique.fr\/clg-mornedesesses\/wp-content\/uploads\/sites\/61\/2019\/06\/photo-6-1024x498.jpg 1024w\" sizes=\"auto, (max-width: 1506px) 100vw, 1506px\" \/><\/p>\n<p>Puis, nous avons visit\u00e9 l\u2019orphelinat \u00ab\u00a0Children Home\u00a0\u00bb tenu par les s\u0153urs dominicaines. Nous avions organis\u00e9 au pr\u00e9alable une r\u00e9colte de dons pour ces jeunes enfants\u00a0au sein de notre coll\u00e8ge : le slogan\u00a0\u00e9tait <strong>un don \u2550 un enfant heureux<\/strong>.<\/p>\n<p>Nos \u00e9l\u00e8ves se sont engag\u00e9s dans cette action humanitaire de mani\u00e8re active et \u00e9taient tr\u00e8s heureux.<\/p>\n<p><img loading=\"lazy\" decoding=\"async\" class=\"aligncenter size-full wp-image-3838\" src=\"\/clg-mornedesesses\/wp-content\/uploads\/sites\/61\/2019\/06\/photo-8.jpg\" alt=\"\" width=\"1509\" height=\"1131\" srcset=\"https:\/\/site.ac-martinique.fr\/clg-mornedesesses\/wp-content\/uploads\/sites\/61\/2019\/06\/photo-8.jpg 1509w, https:\/\/site.ac-martinique.fr\/clg-mornedesesses\/wp-content\/uploads\/sites\/61\/2019\/06\/photo-8-300x225.jpg 300w, https:\/\/site.ac-martinique.fr\/clg-mornedesesses\/wp-content\/uploads\/sites\/61\/2019\/06\/photo-8-768x576.jpg 768w, https:\/\/site.ac-martinique.fr\/clg-mornedesesses\/wp-content\/uploads\/sites\/61\/2019\/06\/photo-8-1024x767.jpg 1024w\" sizes=\"auto, (max-width: 1509px) 100vw, 1509px\" \/> <img loading=\"lazy\" decoding=\"async\" class=\"aligncenter size-full wp-image-3839\" src=\"\/clg-mornedesesses\/wp-content\/uploads\/sites\/61\/2019\/06\/photo-9.jpg\" alt=\"\" width=\"1509\" height=\"1131\" srcset=\"https:\/\/site.ac-martinique.fr\/clg-mornedesesses\/wp-content\/uploads\/sites\/61\/2019\/06\/photo-9.jpg 1509w, https:\/\/site.ac-martinique.fr\/clg-mornedesesses\/wp-content\/uploads\/sites\/61\/2019\/06\/photo-9-300x225.jpg 300w, https:\/\/site.ac-martinique.fr\/clg-mornedesesses\/wp-content\/uploads\/sites\/61\/2019\/06\/photo-9-768x576.jpg 768w, https:\/\/site.ac-martinique.fr\/clg-mornedesesses\/wp-content\/uploads\/sites\/61\/2019\/06\/photo-9-1024x767.jpg 1024w\" sizes=\"auto, (max-width: 1509px) 100vw, 1509px\" \/> <img loading=\"lazy\" decoding=\"async\" class=\"aligncenter size-full wp-image-3840\" src=\"\/clg-mornedesesses\/wp-content\/uploads\/sites\/61\/2019\/06\/photo-11.jpg\" alt=\"\" width=\"1506\" height=\"1129\" srcset=\"https:\/\/site.ac-martinique.fr\/clg-mornedesesses\/wp-content\/uploads\/sites\/61\/2019\/06\/photo-11.jpg 1506w, https:\/\/site.ac-martinique.fr\/clg-mornedesesses\/wp-content\/uploads\/sites\/61\/2019\/06\/photo-11-300x225.jpg 300w, https:\/\/site.ac-martinique.fr\/clg-mornedesesses\/wp-content\/uploads\/sites\/61\/2019\/06\/photo-11-768x576.jpg 768w, https:\/\/site.ac-martinique.fr\/clg-mornedesesses\/wp-content\/uploads\/sites\/61\/2019\/06\/photo-11-1024x768.jpg 1024w\" sizes=\"auto, (max-width: 1506px) 100vw, 1506px\" \/><\/p>\n<p>Puis nous avons visit\u00e9 un atelier de fabrication qui proposait la fabrication du chocolat, de l\u2019huile de coco, d\u2019accessoires et du batik.<\/p>\n<p><img loading=\"lazy\" decoding=\"async\" class=\"aligncenter size-full wp-image-3857\" src=\"\/clg-mornedesesses\/wp-content\/uploads\/sites\/61\/2019\/06\/photo-12.jpg\" alt=\"\" width=\"1148\" height=\"1658\" srcset=\"https:\/\/site.ac-martinique.fr\/clg-mornedesesses\/wp-content\/uploads\/sites\/61\/2019\/06\/photo-12.jpg 1148w, https:\/\/site.ac-martinique.fr\/clg-mornedesesses\/wp-content\/uploads\/sites\/61\/2019\/06\/photo-12-208x300.jpg 208w, https:\/\/site.ac-martinique.fr\/clg-mornedesesses\/wp-content\/uploads\/sites\/61\/2019\/06\/photo-12-768x1109.jpg 768w, https:\/\/site.ac-martinique.fr\/clg-mornedesesses\/wp-content\/uploads\/sites\/61\/2019\/06\/photo-12-709x1024.jpg 709w\" sizes=\"auto, (max-width: 1148px) 100vw, 1148px\" \/> <img loading=\"lazy\" decoding=\"async\" class=\"aligncenter size-full wp-image-3859\" src=\"\/clg-mornedesesses\/wp-content\/uploads\/sites\/61\/2019\/06\/photo-13.jpg\" alt=\"\" width=\"1131\" height=\"1507\" srcset=\"https:\/\/site.ac-martinique.fr\/clg-mornedesesses\/wp-content\/uploads\/sites\/61\/2019\/06\/photo-13.jpg 1131w, https:\/\/site.ac-martinique.fr\/clg-mornedesesses\/wp-content\/uploads\/sites\/61\/2019\/06\/photo-13-225x300.jpg 225w, https:\/\/site.ac-martinique.fr\/clg-mornedesesses\/wp-content\/uploads\/sites\/61\/2019\/06\/photo-13-768x1023.jpg 768w, https:\/\/site.ac-martinique.fr\/clg-mornedesesses\/wp-content\/uploads\/sites\/61\/2019\/06\/photo-13-769x1024.jpg 769w\" sizes=\"auto, (max-width: 1131px) 100vw, 1131px\" \/><\/p>\n<p>Fabrication du batik<\/p>\n<p><img loading=\"lazy\" decoding=\"async\" class=\"aligncenter size-full wp-image-3843\" src=\"\/clg-mornedesesses\/wp-content\/uploads\/sites\/61\/2019\/06\/photo-14.jpg\" alt=\"\" width=\"745\" height=\"600\" srcset=\"https:\/\/site.ac-martinique.fr\/clg-mornedesesses\/wp-content\/uploads\/sites\/61\/2019\/06\/photo-14.jpg 745w, https:\/\/site.ac-martinique.fr\/clg-mornedesesses\/wp-content\/uploads\/sites\/61\/2019\/06\/photo-14-300x242.jpg 300w\" sizes=\"auto, (max-width: 745px) 100vw, 745px\" \/> <img loading=\"lazy\" decoding=\"async\" class=\"aligncenter size-full wp-image-3844\" src=\"\/clg-mornedesesses\/wp-content\/uploads\/sites\/61\/2019\/06\/photo-15.jpg\" alt=\"\" width=\"723\" height=\"567\" srcset=\"https:\/\/site.ac-martinique.fr\/clg-mornedesesses\/wp-content\/uploads\/sites\/61\/2019\/06\/photo-15.jpg 723w, https:\/\/site.ac-martinique.fr\/clg-mornedesesses\/wp-content\/uploads\/sites\/61\/2019\/06\/photo-15-300x235.jpg 300w\" sizes=\"auto, (max-width: 723px) 100vw, 723px\" \/> <img loading=\"lazy\" decoding=\"async\" class=\"aligncenter size-full wp-image-3845\" src=\"\/clg-mornedesesses\/wp-content\/uploads\/sites\/61\/2019\/06\/photo-16.jpg\" alt=\"\" width=\"1507\" height=\"1131\" srcset=\"https:\/\/site.ac-martinique.fr\/clg-mornedesesses\/wp-content\/uploads\/sites\/61\/2019\/06\/photo-16.jpg 1507w, https:\/\/site.ac-martinique.fr\/clg-mornedesesses\/wp-content\/uploads\/sites\/61\/2019\/06\/photo-16-300x225.jpg 300w, https:\/\/site.ac-martinique.fr\/clg-mornedesesses\/wp-content\/uploads\/sites\/61\/2019\/06\/photo-16-768x576.jpg 768w, https:\/\/site.ac-martinique.fr\/clg-mornedesesses\/wp-content\/uploads\/sites\/61\/2019\/06\/photo-16-1024x769.jpg 1024w\" sizes=\"auto, (max-width: 1507px) 100vw, 1507px\" \/><\/p>\n<p>L\u2019apr\u00e8s-midi \u00e9tait consacr\u00e9 \u00e0 la visite de Pigeon Island, \u00eele situ\u00e9e au Nord- ouest de Sainte Lucie et reli\u00e9e par une chauss\u00e9e artificielle.<\/p>\n<p><img loading=\"lazy\" decoding=\"async\" class=\"aligncenter size-full wp-image-3846\" src=\"\/clg-mornedesesses\/wp-content\/uploads\/sites\/61\/2019\/06\/photo-17.jpg\" alt=\"\" width=\"1387\" height=\"674\" srcset=\"https:\/\/site.ac-martinique.fr\/clg-mornedesesses\/wp-content\/uploads\/sites\/61\/2019\/06\/photo-17.jpg 1387w, https:\/\/site.ac-martinique.fr\/clg-mornedesesses\/wp-content\/uploads\/sites\/61\/2019\/06\/photo-17-300x146.jpg 300w, https:\/\/site.ac-martinique.fr\/clg-mornedesesses\/wp-content\/uploads\/sites\/61\/2019\/06\/photo-17-768x373.jpg 768w, https:\/\/site.ac-martinique.fr\/clg-mornedesesses\/wp-content\/uploads\/sites\/61\/2019\/06\/photo-17-1024x498.jpg 1024w\" sizes=\"auto, (max-width: 1387px) 100vw, 1387px\" \/><\/p>\n<p>Nous avons escalad\u00e9 le Fort Rodney et nous \u00e9tions \u00e9merveill\u00e9s par la magnifique vue.<\/p>\n<p><img loading=\"lazy\" decoding=\"async\" class=\"aligncenter size-full wp-image-3847\" src=\"\/clg-mornedesesses\/wp-content\/uploads\/sites\/61\/2019\/06\/photo-18.jpg\" alt=\"\" width=\"706\" height=\"679\" srcset=\"https:\/\/site.ac-martinique.fr\/clg-mornedesesses\/wp-content\/uploads\/sites\/61\/2019\/06\/photo-18.jpg 706w, https:\/\/site.ac-martinique.fr\/clg-mornedesesses\/wp-content\/uploads\/sites\/61\/2019\/06\/photo-18-300x289.jpg 300w\" sizes=\"auto, (max-width: 706px) 100vw, 706px\" \/> <img loading=\"lazy\" decoding=\"async\" class=\"aligncenter size-full wp-image-3848\" src=\"\/clg-mornedesesses\/wp-content\/uploads\/sites\/61\/2019\/06\/photo-19.jpg\" alt=\"\" width=\"685\" height=\"679\" srcset=\"https:\/\/site.ac-martinique.fr\/clg-mornedesesses\/wp-content\/uploads\/sites\/61\/2019\/06\/photo-19.jpg 685w, https:\/\/site.ac-martinique.fr\/clg-mornedesesses\/wp-content\/uploads\/sites\/61\/2019\/06\/photo-19-150x150.jpg 150w, https:\/\/site.ac-martinique.fr\/clg-mornedesesses\/wp-content\/uploads\/sites\/61\/2019\/06\/photo-19-300x297.jpg 300w\" sizes=\"auto, (max-width: 685px) 100vw, 685px\" \/> <img loading=\"lazy\" decoding=\"async\" class=\"aligncenter size-full wp-image-3849\" src=\"\/clg-mornedesesses\/wp-content\/uploads\/sites\/61\/2019\/06\/photo-20.jpg\" alt=\"\" width=\"1506\" height=\"733\" srcset=\"https:\/\/site.ac-martinique.fr\/clg-mornedesesses\/wp-content\/uploads\/sites\/61\/2019\/06\/photo-20.jpg 1506w, https:\/\/site.ac-martinique.fr\/clg-mornedesesses\/wp-content\/uploads\/sites\/61\/2019\/06\/photo-20-300x146.jpg 300w, https:\/\/site.ac-martinique.fr\/clg-mornedesesses\/wp-content\/uploads\/sites\/61\/2019\/06\/photo-20-768x374.jpg 768w, https:\/\/site.ac-martinique.fr\/clg-mornedesesses\/wp-content\/uploads\/sites\/61\/2019\/06\/photo-20-1024x498.jpg 1024w\" sizes=\"auto, (max-width: 1506px) 100vw, 1506px\" \/><\/p>\n<p><strong>Le troisi\u00e8me jour,<\/strong><\/p>\n<p>Notre voyage p\u00e9dagogique se termine par une immersion linguistique dans un \u00e9tablissement scolaire \u00e0 Sainte Lucie\u00a0: Corinth Secondary School.<\/p>\n<p>Les \u00e9l\u00e8ves ont pu \u00e9changer avec leur camarade et participer \u00e0 un cours. Ils \u00e9taient \u00e9merveill\u00e9s par\u00a0 cet \u00e9change ainsi que les professeurs.<\/p>\n<p><img loading=\"lazy\" decoding=\"async\" class=\"aligncenter size-full wp-image-3850\" src=\"\/clg-mornedesesses\/wp-content\/uploads\/sites\/61\/2019\/06\/photo-21.jpg\" alt=\"\" width=\"1052\" height=\"537\" srcset=\"https:\/\/site.ac-martinique.fr\/clg-mornedesesses\/wp-content\/uploads\/sites\/61\/2019\/06\/photo-21.jpg 1052w, https:\/\/site.ac-martinique.fr\/clg-mornedesesses\/wp-content\/uploads\/sites\/61\/2019\/06\/photo-21-300x153.jpg 300w, https:\/\/site.ac-martinique.fr\/clg-mornedesesses\/wp-content\/uploads\/sites\/61\/2019\/06\/photo-21-768x392.jpg 768w, https:\/\/site.ac-martinique.fr\/clg-mornedesesses\/wp-content\/uploads\/sites\/61\/2019\/06\/photo-21-1024x523.jpg 1024w\" sizes=\"auto, (max-width: 1052px) 100vw, 1052px\" \/> <img loading=\"lazy\" decoding=\"async\" class=\"aligncenter size-full wp-image-3855\" src=\"\/clg-mornedesesses\/wp-content\/uploads\/sites\/61\/2019\/06\/photo-26.jpg\" alt=\"\" width=\"1508\" height=\"733\" srcset=\"https:\/\/site.ac-martinique.fr\/clg-mornedesesses\/wp-content\/uploads\/sites\/61\/2019\/06\/photo-26.jpg 1508w, https:\/\/site.ac-martinique.fr\/clg-mornedesesses\/wp-content\/uploads\/sites\/61\/2019\/06\/photo-26-300x146.jpg 300w, https:\/\/site.ac-martinique.fr\/clg-mornedesesses\/wp-content\/uploads\/sites\/61\/2019\/06\/photo-26-768x373.jpg 768w, https:\/\/site.ac-martinique.fr\/clg-mornedesesses\/wp-content\/uploads\/sites\/61\/2019\/06\/photo-26-1024x498.jpg 1024w\" sizes=\"auto, (max-width: 1508px) 100vw, 1508px\" \/> <img loading=\"lazy\" decoding=\"async\" class=\"aligncenter size-full wp-image-3854\" src=\"\/clg-mornedesesses\/wp-content\/uploads\/sites\/61\/2019\/06\/photo-25.jpg\" alt=\"\" width=\"1507\" height=\"1131\" srcset=\"https:\/\/site.ac-martinique.fr\/clg-mornedesesses\/wp-content\/uploads\/sites\/61\/2019\/06\/photo-25.jpg 1507w, https:\/\/site.ac-martinique.fr\/clg-mornedesesses\/wp-content\/uploads\/sites\/61\/2019\/06\/photo-25-300x225.jpg 300w, https:\/\/site.ac-martinique.fr\/clg-mornedesesses\/wp-content\/uploads\/sites\/61\/2019\/06\/photo-25-768x576.jpg 768w, https:\/\/site.ac-martinique.fr\/clg-mornedesesses\/wp-content\/uploads\/sites\/61\/2019\/06\/photo-25-1024x769.jpg 1024w\" sizes=\"auto, (max-width: 1507px) 100vw, 1507px\" \/> <img loading=\"lazy\" decoding=\"async\" class=\"aligncenter size-full wp-image-3853\" src=\"\/clg-mornedesesses\/wp-content\/uploads\/sites\/61\/2019\/06\/photo-24.jpg\" alt=\"\" width=\"1506\" height=\"733\" srcset=\"https:\/\/site.ac-martinique.fr\/clg-mornedesesses\/wp-content\/uploads\/sites\/61\/2019\/06\/photo-24.jpg 1506w, https:\/\/site.ac-martinique.fr\/clg-mornedesesses\/wp-content\/uploads\/sites\/61\/2019\/06\/photo-24-300x146.jpg 300w, https:\/\/site.ac-martinique.fr\/clg-mornedesesses\/wp-content\/uploads\/sites\/61\/2019\/06\/photo-24-768x374.jpg 768w, https:\/\/site.ac-martinique.fr\/clg-mornedesesses\/wp-content\/uploads\/sites\/61\/2019\/06\/photo-24-1024x498.jpg 1024w\" sizes=\"auto, (max-width: 1506px) 100vw, 1506px\" \/> <img loading=\"lazy\" decoding=\"async\" class=\"aligncenter size-full wp-image-3852\" src=\"\/clg-mornedesesses\/wp-content\/uploads\/sites\/61\/2019\/06\/photo-23.jpg\" alt=\"\" width=\"1509\" height=\"1131\" srcset=\"https:\/\/site.ac-martinique.fr\/clg-mornedesesses\/wp-content\/uploads\/sites\/61\/2019\/06\/photo-23.jpg 1509w, https:\/\/site.ac-martinique.fr\/clg-mornedesesses\/wp-content\/uploads\/sites\/61\/2019\/06\/photo-23-300x225.jpg 300w, https:\/\/site.ac-martinique.fr\/clg-mornedesesses\/wp-content\/uploads\/sites\/61\/2019\/06\/photo-23-768x576.jpg 768w, https:\/\/site.ac-martinique.fr\/clg-mornedesesses\/wp-content\/uploads\/sites\/61\/2019\/06\/photo-23-1024x767.jpg 1024w\" sizes=\"auto, (max-width: 1509px) 100vw, 1509px\" \/> <img loading=\"lazy\" decoding=\"async\" class=\"aligncenter size-full wp-image-3851\" src=\"\/clg-mornedesesses\/wp-content\/uploads\/sites\/61\/2019\/06\/photo-22.jpg\" alt=\"\" width=\"1506\" height=\"733\" srcset=\"https:\/\/site.ac-martinique.fr\/clg-mornedesesses\/wp-content\/uploads\/sites\/61\/2019\/06\/photo-22.jpg 1506w, https:\/\/site.ac-martinique.fr\/clg-mornedesesses\/wp-content\/uploads\/sites\/61\/2019\/06\/photo-22-300x146.jpg 300w, https:\/\/site.ac-martinique.fr\/clg-mornedesesses\/wp-content\/uploads\/sites\/61\/2019\/06\/photo-22-768x374.jpg 768w, https:\/\/site.ac-martinique.fr\/clg-mornedesesses\/wp-content\/uploads\/sites\/61\/2019\/06\/photo-22-1024x498.jpg 1024w\" sizes=\"auto, (max-width: 1506px) 100vw, 1506px\" \/><\/p>\n<p>Notre voyage p\u00e9dagogique s\u2019est achev\u00e9 sur une belle note linguistique avec des \u00e9changes fructueux et dans la bonne humeur.<\/p>\n","protected":false},"excerpt":{"rendered":"<p>Martinique, Sainte Lucie : un partage historique aux destins singuliers\u2026 Ce voyage concerne l\u2019ensemble de la classe \u00e0 projet de 3\u00e8medu dispositif Arc-en-ciel, projet labellis\u00e9\u00a0\u00ab\u00a0projet acad\u00e9mique\u00a0\u00bb. Ce projet de voyage a pu \u00eatre r\u00e9alis\u00e9 \u00e0 l\u2019initiative des professeurs suivants\u00a0: Mme &hellip; <a href=\"https:\/\/site.ac-martinique.fr\/clg-mornedesesses\/?p=3830\">Continuer la lecture <span class=\"meta-nav\">&rarr;<\/span><\/a><\/p>\n","protected":false},"author":150,"featured_media":0,"comment_status":"closed","ping_status":"closed","sticky":false,"template":"","format":"standard","meta":{"footnotes":""},"categories":[53],"tags":[],"class_list":["post-3830","post","type-post","status-publish","format-standard","hentry","category-annee-2018-2019"],"_links":{"self":[{"href":"https:\/\/site.ac-martinique.fr\/clg-mornedesesses\/index.php?rest_route=\/wp\/v2\/posts\/3830","targetHints":{"allow":["GET"]}}],"collection":[{"href":"https:\/\/site.ac-martinique.fr\/clg-mornedesesses\/index.php?rest_route=\/wp\/v2\/posts"}],"about":[{"href":"https:\/\/site.ac-martinique.fr\/clg-mornedesesses\/index.php?rest_route=\/wp\/v2\/types\/post"}],"author":[{"embeddable":true,"href":"https:\/\/site.ac-martinique.fr\/clg-mornedesesses\/index.php?rest_route=\/wp\/v2\/users\/150"}],"replies":[{"embeddable":true,"href":"https:\/\/site.ac-martinique.fr\/clg-mornedesesses\/index.php?rest_route=%2Fwp%2Fv2%2Fcomments&post=3830"}],"version-history":[{"count":3,"href":"https:\/\/site.ac-martinique.fr\/clg-mornedesesses\/index.php?rest_route=\/wp\/v2\/posts\/3830\/revisions"}],"predecessor-version":[{"id":3860,"href":"https:\/\/site.ac-martinique.fr\/clg-mornedesesses\/index.php?rest_route=\/wp\/v2\/posts\/3830\/revisions\/3860"}],"wp:attachment":[{"href":"https:\/\/site.ac-martinique.fr\/clg-mornedesesses\/index.php?rest_route=%2Fwp%2Fv2%2Fmedia&parent=3830"}],"wp:term":[{"taxonomy":"category","embeddable":true,"href":"https:\/\/site.ac-martinique.fr\/clg-mornedesesses\/index.php?rest_route=%2Fwp%2Fv2%2Fcategories&post=3830"},{"taxonomy":"post_tag","embeddable":true,"href":"https:\/\/site.ac-martinique.fr\/clg-mornedesesses\/index.php?rest_route=%2Fwp%2Fv2%2Ftags&post=3830"}],"curies":[{"name":"wp","href":"https:\/\/api.w.org\/{rel}","templated":true}]}}