{"id":4061,"date":"2020-08-27T18:33:20","date_gmt":"2020-08-27T16:33:20","guid":{"rendered":"\/clg-mornedesesses\/?p=4061"},"modified":"2021-03-23T22:16:05","modified_gmt":"2021-03-23T21:16:05","slug":"communique-de-rentree","status":"publish","type":"post","link":"https:\/\/site.ac-martinique.fr\/clg-mornedesesses\/?p=4061","title":{"rendered":"COMMUNIQUE DE RENTREE"},"content":{"rendered":"<p>Veuillez trouver ci-apr\u00e8s, les diff\u00e9rents horaires de rentr\u00e9e :<\/p>\n<h1><strong><span style=\"color: #ff0000;\">ANNEE SCOLAIRE 2020-2021<\/span><\/strong><\/h1>\n<h2><span style=\"color: #0000ff;\"><strong>LUNDI 31 AO\u00dbT :<\/strong> <\/span><\/h2>\n<h2>8H00: Rentr\u00e9e des Personnels<\/h2>\n<h2><span style=\"color: #0000ff;\"><strong>MARDI 01 SEPTEMBRE :<\/strong> <\/span><\/h2>\n<h2>8H30: Accueil des \u00e9l\u00e8ves de 3\u00e8me\u00a0 et de leurs parents<br \/>\n13H00: Accueil des \u00e9l\u00e8ves de 4\u00e8me et de leurs parents<\/h2>\n<h2><span style=\"color: #0000ff;\"><strong>MERCREDI 02 SEPTEMBRE :<\/strong><\/span><\/h2>\n<h2>8H30 Accueil des \u00e9l\u00e8ves de 5\u00e8me et de leurs parents<\/h2>\n<h2><strong><span style=\"color: #0000ff;\">JEUDI 03 SEPTEMBRE :<\/span><\/strong><\/h2>\n<h2>8H30: Premi\u00e8re matin\u00e9e d&rsquo;accueil des \u00e9l\u00e8ves de sixi\u00e8me et de leurs parents<\/h2>\n<h2><strong><span style=\"color: #0000ff;\">VENDREDI 04 SEPTEMBRE :<\/span><\/strong><\/h2>\n<h2>Deuxi\u00e8me matin\u00e9e d&rsquo;accueil des \u00e9l\u00e8ves <span style=\"color: #ff0000;\"><strong>de sixi\u00e8me<\/strong> <strong>uniquement<\/strong> <\/span>selon les emplois du temps<\/h2>\n<h2><span style=\"color: #0000ff;\"><strong>LUNDI 07 SEPTEMBRE :<\/strong><\/span><\/h2>\n<h2><span style=\"color: #ff0000;\">RENTREE GENERALE<\/span>\u00a0<span style=\"color: #ff0000;\">de tous les \u00e9l\u00e8ves<\/span> selon l&#8217;emploi du temps en vigueur<\/h2>\n<h2><span style=\"color: #ff0000;\"><em>Une Assembl\u00e9e g\u00e9n\u00e9rale des parents se tiendra le Jeudi 10\u00a0 Septembre 2020 \u00e0 16H00 au coll\u00e8ge du Morne des Esses<\/em><\/span><\/h2>\n<h3><span style=\"color: #ff0000;\"><strong>Le masque est obligatoire pour acc\u00e9der \u00e0 l&rsquo;\u00e9tablissement. N&rsquo;oubliez pas de respecter les gestes barri\u00e8res.<\/strong><\/span><\/h3>\n<p><strong>La principale\u00a0<\/strong><\/p>\n<p><strong>Mireille VENTURA<\/strong><\/p>\n","protected":false},"excerpt":{"rendered":"<p>Veuillez trouver ci-apr\u00e8s, les diff\u00e9rents horaires de rentr\u00e9e : ANNEE SCOLAIRE 2020-2021 LUNDI 31 AO\u00dbT : 8H00: Rentr\u00e9e des Personnels MARDI 01 SEPTEMBRE : 8H30: Accueil des \u00e9l\u00e8ves de 3\u00e8me\u00a0 et de leurs parents 13H00: Accueil des \u00e9l\u00e8ves de 4\u00e8me &hellip; <a href=\"https:\/\/site.ac-martinique.fr\/clg-mornedesesses\/?p=4061\">Continuer la lecture <span class=\"meta-nav\">&rarr;<\/span><\/a><\/p>\n","protected":false},"author":150,"featured_media":0,"comment_status":"closed","ping_status":"closed","sticky":false,"template":"","format":"standard","meta":{"footnotes":""},"categories":[1],"tags":[],"class_list":["post-4061","post","type-post","status-publish","format-standard","hentry","category-non-classe"],"_links":{"self":[{"href":"https:\/\/site.ac-martinique.fr\/clg-mornedesesses\/index.php?rest_route=\/wp\/v2\/posts\/4061","targetHints":{"allow":["GET"]}}],"collection":[{"href":"https:\/\/site.ac-martinique.fr\/clg-mornedesesses\/index.php?rest_route=\/wp\/v2\/posts"}],"about":[{"href":"https:\/\/site.ac-martinique.fr\/clg-mornedesesses\/index.php?rest_route=\/wp\/v2\/types\/post"}],"author":[{"embeddable":true,"href":"https:\/\/site.ac-martinique.fr\/clg-mornedesesses\/index.php?rest_route=\/wp\/v2\/users\/150"}],"replies":[{"embeddable":true,"href":"https:\/\/site.ac-martinique.fr\/clg-mornedesesses\/index.php?rest_route=%2Fwp%2Fv2%2Fcomments&post=4061"}],"version-history":[{"count":11,"href":"https:\/\/site.ac-martinique.fr\/clg-mornedesesses\/index.php?rest_route=\/wp\/v2\/posts\/4061\/revisions"}],"predecessor-version":[{"id":4073,"href":"https:\/\/site.ac-martinique.fr\/clg-mornedesesses\/index.php?rest_route=\/wp\/v2\/posts\/4061\/revisions\/4073"}],"wp:attachment":[{"href":"https:\/\/site.ac-martinique.fr\/clg-mornedesesses\/index.php?rest_route=%2Fwp%2Fv2%2Fmedia&parent=4061"}],"wp:term":[{"taxonomy":"category","embeddable":true,"href":"https:\/\/site.ac-martinique.fr\/clg-mornedesesses\/index.php?rest_route=%2Fwp%2Fv2%2Fcategories&post=4061"},{"taxonomy":"post_tag","embeddable":true,"href":"https:\/\/site.ac-martinique.fr\/clg-mornedesesses\/index.php?rest_route=%2Fwp%2Fv2%2Ftags&post=4061"}],"curies":[{"name":"wp","href":"https:\/\/api.w.org\/{rel}","templated":true}]}}