{"id":4074,"date":"2020-09-04T20:11:15","date_gmt":"2020-09-04T18:11:15","guid":{"rendered":"\/clg-mornedesesses\/?p=4074"},"modified":"2021-03-23T22:16:05","modified_gmt":"2021-03-23T21:16:05","slug":"reunion-de-rentree","status":"publish","type":"post","link":"https:\/\/site.ac-martinique.fr\/clg-mornedesesses\/?p=4074","title":{"rendered":"REUNION DE RENTREE"},"content":{"rendered":"<h1><span style=\"color: #ff0000;\"><strong>REUNION DE RENTREE<\/strong><\/span><\/h1>\n<p>Parents,<\/p>\n<p>Vous \u00eates convi\u00e9s \u00e0 l\u2019Assembl\u00e9e g\u00e9n\u00e9rale qui se tiendra au Coll\u00e8ge du Morne des Esses le<\/p>\n<p><span style=\"color: #ff0000;\"><strong><u>Jeudi 10 Septembre 2020 \u00e0 16H00<\/u><\/strong><\/span><\/p>\n<p><u>ORDRE DU JOUR<\/u><\/p>\n<p>1 &#8211; \u00a0Point sur la rentr\u00e9e<\/p>\n<p>2 &#8211; Point sur le protocole sanitaire (covid-19)<\/p>\n<p>3 &#8211; Attentes de la direction<\/p>\n<p>4 &#8211; Demi-pension et bourses<\/p>\n<p>5 &#8211; Pr\u00e9sentation de Minire<\/p>\n<p>6 &#8211; Accompagnement \u00e9ducatif<\/p>\n<p>7 &#8211; Elections des repr\u00e9sentants de parents\u00a0 d\u2019\u00e9l\u00e8ves au Conseil d\u2019Administration<\/p>\n<p>8 &#8211; Intervention des repr\u00e9sentants de parents d\u2019\u00e9l\u00e8ves<\/p>\n<p>9 &#8211; Questions diverses<\/p>\n<p>La Principale<\/p>\n<p>Mireille VENTURA<\/p>\n","protected":false},"excerpt":{"rendered":"<p>REUNION DE RENTREE Parents, Vous \u00eates convi\u00e9s \u00e0 l\u2019Assembl\u00e9e g\u00e9n\u00e9rale qui se tiendra au Coll\u00e8ge du Morne des Esses le Jeudi 10 Septembre 2020 \u00e0 16H00 ORDRE DU JOUR 1 &#8211; \u00a0Point sur la rentr\u00e9e 2 &#8211; Point sur le &hellip; <a href=\"https:\/\/site.ac-martinique.fr\/clg-mornedesesses\/?p=4074\">Continuer la lecture <span class=\"meta-nav\">&rarr;<\/span><\/a><\/p>\n","protected":false},"author":150,"featured_media":0,"comment_status":"closed","ping_status":"closed","sticky":false,"template":"","format":"standard","meta":{"footnotes":""},"categories":[1],"tags":[],"class_list":["post-4074","post","type-post","status-publish","format-standard","hentry","category-non-classe"],"_links":{"self":[{"href":"https:\/\/site.ac-martinique.fr\/clg-mornedesesses\/index.php?rest_route=\/wp\/v2\/posts\/4074","targetHints":{"allow":["GET"]}}],"collection":[{"href":"https:\/\/site.ac-martinique.fr\/clg-mornedesesses\/index.php?rest_route=\/wp\/v2\/posts"}],"about":[{"href":"https:\/\/site.ac-martinique.fr\/clg-mornedesesses\/index.php?rest_route=\/wp\/v2\/types\/post"}],"author":[{"embeddable":true,"href":"https:\/\/site.ac-martinique.fr\/clg-mornedesesses\/index.php?rest_route=\/wp\/v2\/users\/150"}],"replies":[{"embeddable":true,"href":"https:\/\/site.ac-martinique.fr\/clg-mornedesesses\/index.php?rest_route=%2Fwp%2Fv2%2Fcomments&post=4074"}],"version-history":[{"count":1,"href":"https:\/\/site.ac-martinique.fr\/clg-mornedesesses\/index.php?rest_route=\/wp\/v2\/posts\/4074\/revisions"}],"predecessor-version":[{"id":4075,"href":"https:\/\/site.ac-martinique.fr\/clg-mornedesesses\/index.php?rest_route=\/wp\/v2\/posts\/4074\/revisions\/4075"}],"wp:attachment":[{"href":"https:\/\/site.ac-martinique.fr\/clg-mornedesesses\/index.php?rest_route=%2Fwp%2Fv2%2Fmedia&parent=4074"}],"wp:term":[{"taxonomy":"category","embeddable":true,"href":"https:\/\/site.ac-martinique.fr\/clg-mornedesesses\/index.php?rest_route=%2Fwp%2Fv2%2Fcategories&post=4074"},{"taxonomy":"post_tag","embeddable":true,"href":"https:\/\/site.ac-martinique.fr\/clg-mornedesesses\/index.php?rest_route=%2Fwp%2Fv2%2Ftags&post=4074"}],"curies":[{"name":"wp","href":"https:\/\/api.w.org\/{rel}","templated":true}]}}