{"id":4086,"date":"2020-09-10T16:10:28","date_gmt":"2020-09-10T14:10:28","guid":{"rendered":"\/clg-mornedesesses\/?p=4086"},"modified":"2021-03-23T22:16:05","modified_gmt":"2021-03-23T21:16:05","slug":"modalites-de-paiement-de-la-demi-pension-au-college-du-morne-des-esses-1er-trimestre-20202021","status":"publish","type":"post","link":"https:\/\/site.ac-martinique.fr\/clg-mornedesesses\/?p=4086","title":{"rendered":"MODALITES DE PAIEMENT DE LA DEMI-PENSION AU COLLEGE DU MORNE DES ESSES  1er trimestre 2020\/2021"},"content":{"rendered":"<h2><span style=\"color: #0000ff;\"><strong>MODALITES DE PAIEMENT DE LA DEMI-PENSION AU COLLEGE DU MORNE DES ESSES 1er trimestre 2020\/2021<\/strong><\/span><\/h2>\n<p>Les \u00e9l\u00e8ves inscrits en qualit\u00e9 de\u00a0 demi-pensionnaires \u00a0d\u00e9jeuneront obligatoirement 4 jours (lundi, mardi, jeudi et vendredi).Le nombre de jours de repas est calcul\u00e9 en fonction du calendrier scolaire \u00e9dit\u00e9 par le Rectorat.<\/p>\n<p><span style=\"color: #0000ff;\"><strong>P\u00e9riode du 1<sup>er<\/sup> \u00a0\u00a0\u00a0trimestre de l\u2019ann\u00e9e scolaire 2020\/2021 <\/strong><\/span><\/p>\n<p><span style=\"color: #0000ff;\"><strong>Du 07 septembre 2020 au 18 d\u00e9cembre 2020<\/strong><\/span><\/p>\n<p><span style=\"color: #0000ff;\"><strong>Nombre de repas du trimestre\u00a0: 52 repas <\/strong><strong>\u00a0 \u00a0 \u00a0 \u00a0 \u00a0 \u00a0 \u00a0 \u00a0 \u00a0 \u00a0 \u00a0 \u00a0 \u00a0 \u00a0 \u00a0 \u00a0 \u00a0 \u00a0 \u00a0 \u00a0 \u00a0 \u00a0 \u00a0<\/strong><\/span><\/p>\n<p><span style=\"color: #0000ff;\"><strong>(Tarif du trimestre\u00a0: 114.40 euros)<\/strong><\/span><\/p>\n<p><strong>*<u>Tarif unitaire du repas \u00e9l\u00e8ve\u00a0: 2,20 euros<\/u> <\/strong><\/p>\n<p><span style=\"color: #ff0000;\"><strong>Des facilit\u00e9s de r\u00e8glement (<u>en 3 fois<\/u>)<\/strong><\/span> peuvent \u00eatre consenties aux familles. (Extrait du r\u00e8glement int\u00e9rieur de la demi-pension) :<\/p>\n<table>\n<tbody>\n<tr>\n<td width=\"113\"><strong><em>1<sup>er<\/sup> versement<\/em><\/strong><\/td>\n<td width=\"123\"><strong><em>2<sup>\u00e8me<\/sup> versement<\/em><\/strong><strong><em>\u00a0<\/em><\/strong><\/td>\n<td width=\"132\"><strong><em>3<sup>\u00e8me<\/sup> versement<\/em><\/strong><\/td>\n<\/tr>\n<tr>\n<td width=\"113\"><strong><em>37.40 euros<\/em><\/strong><\/td>\n<td width=\"123\"><strong><em>37.40 euros<\/em><\/strong><\/td>\n<td width=\"132\"><strong><em>39.60 euros<\/em><\/strong><\/td>\n<\/tr>\n<\/tbody>\n<\/table>\n<p><strong><u>Tarif des cartes perdues ou d\u00e9t\u00e9rior\u00e9es\u00a0: 10.00 euros (CA du 03\/12\/2019)<\/u><\/strong><\/p>\n<p><strong>Les familles qui choisissent de r\u00e9gler les frais de demi-pension en <u>3 versements<\/u> devront effectuer le paiement de 8H00 \u00e0 10H00 aux p\u00e9riodes suivantes au B\u00e2timent F (R\u00e9fectoire)<\/strong><\/p>\n<ul>\n<li><strong>1<sup>er<\/sup> versement\u00a0 \u00a0 \u00a0 \u00a0 \u00a0 :<\/strong><strong>\u00a0 \u00a0 \u00a0 \u00a0<\/strong><strong>du 21 septembre 2020 au 29 septembre 2020<\/strong><\/li>\n<li><strong>2<sup>eme<\/sup> versement\u00a0 \u00a0 \u00a0 \u00a0:<\/strong><strong>\u00a0 \u00a0 \u00a0 \u00a0<\/strong><strong>du 15 octobre 2020 au 21 octobre 2020<\/strong><\/li>\n<li><strong>3<sup>\u00e8me<\/sup> versement\u00a0 \u00a0 \u00a0 \u00a0:<\/strong><strong>\u00a0 \u00a0 \u00a0 \u00a0<\/strong><strong>du\u00a0 23 novembre 2020 au 30 novembre 2020<\/strong><\/li>\n<\/ul>\n<p>Les paiements seront effectu\u00e9s aupr\u00e8s du service intendance,<strong> en esp\u00e8ces<\/strong>, <strong>par carte bancaire<\/strong>, <strong>par ch\u00e8que bancaire ou postal<\/strong>.<\/p>\n<ul>\n<li><strong><em><u>R\u00e8glement par ch\u00e8que bancaire ou postal\u00a0:<\/u><\/em><\/strong><\/li>\n<\/ul>\n<p><strong>\u00a0Une bo\u00eete aux lettres est mise \u00e0 la disposition des parents \u00e0 l\u2019accueil de l\u2019\u00e9tablissement pour le <u>paiement de la demi-pension EXCLUSIVEMENT PAR CHEQUE<\/u>.<\/strong><\/p>\n<p><strong><em><u>Proc\u00e9dure<\/u><\/em><\/strong><\/p>\n<ol>\n<li><strong><em>Les ch\u00e8ques doivent \u00eatre libell\u00e9s \u00e0 l\u2019ordre de <u>l\u2019Agent Comptable du Coll\u00e8ge de Morne des Esses <\/u><\/em><\/strong><\/li>\n<li><strong><em>Inscrire au dos du ch\u00e8que\u00a0: le nom, le pr\u00e9nom, la classe de l\u2019\u00e9l\u00e8ve <\/em><\/strong><em>La Principale<\/em><\/li>\n<li><strong><em>Ne pas oublier de dater et de signer le ch\u00e8que<\/em><\/strong><\/li>\n<li><strong><em>Le d\u00e9poser dans la bo\u00eete aux lettres pr\u00e9vue \u00e0 cet effet.\u00a0<\/em><\/strong><\/li>\n<\/ol>\n<h2><span style=\"color: #ff0000;\"><strong>INFORMATIONS IMPORTANTES :<\/strong><\/span><\/h2>\n<ul>\n<li>\n<h3><span style=\"color: #ff0000;\"><strong><u>Retardataires\u00a0<\/u><\/strong><strong>: UNIQUEMENT LE VENDREDI DE 8H30 \u00e0 10H30<\/strong><\/span><\/h3>\n<\/li>\n<li>\n<h3><span style=\"color: #ff0000;\"><strong>PAS DE PAIEMENT DE CANTINE\u00a0<\/strong><strong>LE MERCREDI<\/strong><\/span><\/h3>\n<\/li>\n<li>\n<h3><span style=\"color: #ff0000;\"><strong>Certains parents disposent d\u2019un avoir qui sera d\u00e9duit pour\u00a0<\/strong><strong>ce 1<sup>er<\/sup> trimestre 2020\/2021<\/strong><\/span><\/h3>\n<\/li>\n<\/ul>\n<p>&nbsp;<\/p>\n","protected":false},"excerpt":{"rendered":"<p>MODALITES DE PAIEMENT DE LA DEMI-PENSION AU COLLEGE DU MORNE DES ESSES 1er trimestre 2020\/2021 Les \u00e9l\u00e8ves inscrits en qualit\u00e9 de\u00a0 demi-pensionnaires \u00a0d\u00e9jeuneront obligatoirement 4 jours (lundi, mardi, jeudi et vendredi).Le nombre de jours de repas est calcul\u00e9 en fonction &hellip; <a href=\"https:\/\/site.ac-martinique.fr\/clg-mornedesesses\/?p=4086\">Continuer la lecture <span class=\"meta-nav\">&rarr;<\/span><\/a><\/p>\n","protected":false},"author":150,"featured_media":0,"comment_status":"closed","ping_status":"closed","sticky":false,"template":"","format":"standard","meta":{"footnotes":""},"categories":[1],"tags":[],"class_list":["post-4086","post","type-post","status-publish","format-standard","hentry","category-non-classe"],"_links":{"self":[{"href":"https:\/\/site.ac-martinique.fr\/clg-mornedesesses\/index.php?rest_route=\/wp\/v2\/posts\/4086","targetHints":{"allow":["GET"]}}],"collection":[{"href":"https:\/\/site.ac-martinique.fr\/clg-mornedesesses\/index.php?rest_route=\/wp\/v2\/posts"}],"about":[{"href":"https:\/\/site.ac-martinique.fr\/clg-mornedesesses\/index.php?rest_route=\/wp\/v2\/types\/post"}],"author":[{"embeddable":true,"href":"https:\/\/site.ac-martinique.fr\/clg-mornedesesses\/index.php?rest_route=\/wp\/v2\/users\/150"}],"replies":[{"embeddable":true,"href":"https:\/\/site.ac-martinique.fr\/clg-mornedesesses\/index.php?rest_route=%2Fwp%2Fv2%2Fcomments&post=4086"}],"version-history":[{"count":4,"href":"https:\/\/site.ac-martinique.fr\/clg-mornedesesses\/index.php?rest_route=\/wp\/v2\/posts\/4086\/revisions"}],"predecessor-version":[{"id":4098,"href":"https:\/\/site.ac-martinique.fr\/clg-mornedesesses\/index.php?rest_route=\/wp\/v2\/posts\/4086\/revisions\/4098"}],"wp:attachment":[{"href":"https:\/\/site.ac-martinique.fr\/clg-mornedesesses\/index.php?rest_route=%2Fwp%2Fv2%2Fmedia&parent=4086"}],"wp:term":[{"taxonomy":"category","embeddable":true,"href":"https:\/\/site.ac-martinique.fr\/clg-mornedesesses\/index.php?rest_route=%2Fwp%2Fv2%2Fcategories&post=4086"},{"taxonomy":"post_tag","embeddable":true,"href":"https:\/\/site.ac-martinique.fr\/clg-mornedesesses\/index.php?rest_route=%2Fwp%2Fv2%2Ftags&post=4086"}],"curies":[{"name":"wp","href":"https:\/\/api.w.org\/{rel}","templated":true}]}}