{"id":4095,"date":"2020-09-14T17:07:17","date_gmt":"2020-09-14T15:07:17","guid":{"rendered":"\/clg-mornedesesses\/?p=4095"},"modified":"2021-03-23T22:16:05","modified_gmt":"2021-03-23T21:16:05","slug":"flyer-covid-19","status":"publish","type":"post","link":"https:\/\/site.ac-martinique.fr\/clg-mornedesesses\/?p=4095","title":{"rendered":"FLYER COVID 19"},"content":{"rendered":"<table>\n<tbody>\n<tr>\n<td><span style=\"color: #0000ff;\"><strong>Votre enfant pr\u00e9sente des signes qui pourraient faire penser \u00e0 la COVID-19.<\/strong><\/span><\/p>\n<p><span style=\"color: #ff0000;\"><strong>Prenez contact avec votre m\u00e9decin traitant<\/strong><\/span> le plus rapidement possible<\/p>\n<p>S\u2019il vous demande de r\u00e9aliser <strong>un test de Covid -19<\/strong> faites-le \u00e0 la date demand\u00e9e et notez la date du test\u00a0:<\/p>\n<p><span style=\"color: #ff0000;\"><strong>Informer aussit\u00f4t<\/strong> <\/span>le directeur d\u2019\u00e9cole ou le chef d\u2019\u00e9tablissement des d\u00e9marches en cours<\/p>\n<p>Si vous rencontrez des <strong>difficult\u00e9s <\/strong>dans ces d\u00e9marches parlez-en au directeur ou chef d\u2019\u00e9tablissement<\/p>\n<p>En attendant votre enfant <span style=\"color: #ff0000;\"><strong>doit<\/strong><\/span>\u00a0:<\/p>\n<p>\u00b7\u00a0\u00a0\u00a0\u00a0\u00a0\u00a0 <span style=\"color: #ff0000;\"><strong>rester \u00e0 la maison<\/strong><\/span> en respectant au maximum la distanciation physique<\/p>\n<p>\u00b7\u00a0\u00a0\u00a0\u00a0\u00a0\u00a0<span style=\"color: #ff0000;\"> se laver souvent les mains<\/span><\/p>\n<p>\u00b7\u00a0\u00a0\u00a0\u00a0\u00a0\u00a0 <span style=\"color: #ff0000;\">\u00e9viter d\u2019approcher des personnes <strong>fragiles<\/strong> ou des personnes <\/span><strong><span style=\"color: #ff0000;\">\u00e2g\u00e9es de plus de 65 ans.<\/span> <\/strong><\/p>\n<p>Si le <span style=\"color: #0000ff;\"><strong>test est positif<\/strong><\/span> reprenez contact <span style=\"color: #ff0000;\"><strong>imm\u00e9diatement<\/strong> <\/span>avec votre m\u00e9decin traitant et <span style=\"color: #0000ff;\"><strong>informer<\/strong><\/span> le directeur d\u2019\u00e9cole ou le chef d\u2019\u00e9tablissement<\/p>\n<p>Quelle que soit la situation, votre enfant ne pourra revenir \u00e0 l\u2019\u00e9cole <strong><span style=\"color: #0000ff;\">qu\u2019avec l\u2019avis de votre m\u00e9decin traitant<\/span> <\/strong>(sans avis m\u00e9dical il aura une \u00e9viction de 14 jours).<\/p>\n<p>Cette d\u00e9marche est tr\u00e8s importante pour <strong>votre enfant<\/strong>, pour <strong>sa famille, <\/strong>\u00a0pour ses <strong>camarades de classe et le personnel <\/strong>de l\u2019\u00e9cole ou de l\u2019\u00e9tablissement.<\/p>\n<p><strong>Merci de votre collaboration !<\/strong><\/p>\n<p><em><span style=\"color: #ff0000;\"><strong>Ensemble luttons contre la propagation du virus<\/strong><\/span><\/em><\/td>\n<\/tr>\n<\/tbody>\n<\/table>\n","protected":false},"excerpt":{"rendered":"<p>Votre enfant pr\u00e9sente des signes qui pourraient faire penser \u00e0 la COVID-19. Prenez contact avec votre m\u00e9decin traitant le plus rapidement possible S\u2019il vous demande de r\u00e9aliser un test de Covid -19 faites-le \u00e0 la date demand\u00e9e et notez la &hellip; <a href=\"https:\/\/site.ac-martinique.fr\/clg-mornedesesses\/?p=4095\">Continuer la lecture <span class=\"meta-nav\">&rarr;<\/span><\/a><\/p>\n","protected":false},"author":150,"featured_media":0,"comment_status":"closed","ping_status":"closed","sticky":false,"template":"","format":"standard","meta":{"footnotes":""},"categories":[1],"tags":[],"class_list":["post-4095","post","type-post","status-publish","format-standard","hentry","category-non-classe"],"_links":{"self":[{"href":"https:\/\/site.ac-martinique.fr\/clg-mornedesesses\/index.php?rest_route=\/wp\/v2\/posts\/4095","targetHints":{"allow":["GET"]}}],"collection":[{"href":"https:\/\/site.ac-martinique.fr\/clg-mornedesesses\/index.php?rest_route=\/wp\/v2\/posts"}],"about":[{"href":"https:\/\/site.ac-martinique.fr\/clg-mornedesesses\/index.php?rest_route=\/wp\/v2\/types\/post"}],"author":[{"embeddable":true,"href":"https:\/\/site.ac-martinique.fr\/clg-mornedesesses\/index.php?rest_route=\/wp\/v2\/users\/150"}],"replies":[{"embeddable":true,"href":"https:\/\/site.ac-martinique.fr\/clg-mornedesesses\/index.php?rest_route=%2Fwp%2Fv2%2Fcomments&post=4095"}],"version-history":[{"count":2,"href":"https:\/\/site.ac-martinique.fr\/clg-mornedesesses\/index.php?rest_route=\/wp\/v2\/posts\/4095\/revisions"}],"predecessor-version":[{"id":4097,"href":"https:\/\/site.ac-martinique.fr\/clg-mornedesesses\/index.php?rest_route=\/wp\/v2\/posts\/4095\/revisions\/4097"}],"wp:attachment":[{"href":"https:\/\/site.ac-martinique.fr\/clg-mornedesesses\/index.php?rest_route=%2Fwp%2Fv2%2Fmedia&parent=4095"}],"wp:term":[{"taxonomy":"category","embeddable":true,"href":"https:\/\/site.ac-martinique.fr\/clg-mornedesesses\/index.php?rest_route=%2Fwp%2Fv2%2Fcategories&post=4095"},{"taxonomy":"post_tag","embeddable":true,"href":"https:\/\/site.ac-martinique.fr\/clg-mornedesesses\/index.php?rest_route=%2Fwp%2Fv2%2Ftags&post=4095"}],"curies":[{"name":"wp","href":"https:\/\/api.w.org\/{rel}","templated":true}]}}