{"id":4099,"date":"2020-09-16T15:57:19","date_gmt":"2020-09-16T13:57:19","guid":{"rendered":"\/clg-mornedesesses\/?p=4099"},"modified":"2021-03-23T22:16:05","modified_gmt":"2021-03-23T21:16:05","slug":"elections-des-parents-au-conseil-dadministration-reunion-des-parents-le-18-09-2020","status":"publish","type":"post","link":"https:\/\/site.ac-martinique.fr\/clg-mornedesesses\/?p=4099","title":{"rendered":"Elections des parents au conseil d\u2019administration \u2013 R\u00e9union des parents le 18.09.2020"},"content":{"rendered":"<p><span style=\"color: #0000ff;\"><strong>Elections des parents au conseil d\u2019administration \u2013 R\u00e9union des parents<\/strong><\/span><\/p>\n<p><span style=\"color: #0000ff;\"><strong>le 18.09.2020<\/strong><\/span><\/p>\n<p>Chers parents,<\/p>\n<p>Conform\u00e9ment \u00e0 l\u2019assembl\u00e9e g\u00e9n\u00e9rale de parents qui s\u2019est tenue le 10 Septembre, vous \u00eates invit\u00e9s \u00e0 participer \u00e0 une r\u00e9union avec l\u2019association de parents d\u2019\u00e9l\u00e8ves qui se d\u00e9roulera le<\/p>\n<h1><span style=\"color: #ff0000;\"><strong><u>Vendredi 18 Septembre 2020 \u00e0 15H00<\/u><\/strong><\/span><\/h1>\n<h1><span style=\"color: #ff0000;\"><strong><em><u>Ordre du jour<\/u><\/em><\/strong>\u00a0:<\/span><\/h1>\n<p>1\/ Constitution des listes de parents candidats<\/p>\n<p>2\/ D\u00e9claration de candidatures<\/p>\n<p>La Principale<br \/>\nMireille VENTURA<\/p>\n","protected":false},"excerpt":{"rendered":"<p>Elections des parents au conseil d\u2019administration \u2013 R\u00e9union des parents le 18.09.2020 Chers parents, Conform\u00e9ment \u00e0 l\u2019assembl\u00e9e g\u00e9n\u00e9rale de parents qui s\u2019est tenue le 10 Septembre, vous \u00eates invit\u00e9s \u00e0 participer \u00e0 une r\u00e9union avec l\u2019association de parents d\u2019\u00e9l\u00e8ves qui &hellip; <a href=\"https:\/\/site.ac-martinique.fr\/clg-mornedesesses\/?p=4099\">Continuer la lecture <span class=\"meta-nav\">&rarr;<\/span><\/a><\/p>\n","protected":false},"author":150,"featured_media":0,"comment_status":"closed","ping_status":"closed","sticky":false,"template":"","format":"standard","meta":{"footnotes":""},"categories":[1],"tags":[],"class_list":["post-4099","post","type-post","status-publish","format-standard","hentry","category-non-classe"],"_links":{"self":[{"href":"https:\/\/site.ac-martinique.fr\/clg-mornedesesses\/index.php?rest_route=\/wp\/v2\/posts\/4099","targetHints":{"allow":["GET"]}}],"collection":[{"href":"https:\/\/site.ac-martinique.fr\/clg-mornedesesses\/index.php?rest_route=\/wp\/v2\/posts"}],"about":[{"href":"https:\/\/site.ac-martinique.fr\/clg-mornedesesses\/index.php?rest_route=\/wp\/v2\/types\/post"}],"author":[{"embeddable":true,"href":"https:\/\/site.ac-martinique.fr\/clg-mornedesesses\/index.php?rest_route=\/wp\/v2\/users\/150"}],"replies":[{"embeddable":true,"href":"https:\/\/site.ac-martinique.fr\/clg-mornedesesses\/index.php?rest_route=%2Fwp%2Fv2%2Fcomments&post=4099"}],"version-history":[{"count":2,"href":"https:\/\/site.ac-martinique.fr\/clg-mornedesesses\/index.php?rest_route=\/wp\/v2\/posts\/4099\/revisions"}],"predecessor-version":[{"id":4102,"href":"https:\/\/site.ac-martinique.fr\/clg-mornedesesses\/index.php?rest_route=\/wp\/v2\/posts\/4099\/revisions\/4102"}],"wp:attachment":[{"href":"https:\/\/site.ac-martinique.fr\/clg-mornedesesses\/index.php?rest_route=%2Fwp%2Fv2%2Fmedia&parent=4099"}],"wp:term":[{"taxonomy":"category","embeddable":true,"href":"https:\/\/site.ac-martinique.fr\/clg-mornedesesses\/index.php?rest_route=%2Fwp%2Fv2%2Fcategories&post=4099"},{"taxonomy":"post_tag","embeddable":true,"href":"https:\/\/site.ac-martinique.fr\/clg-mornedesesses\/index.php?rest_route=%2Fwp%2Fv2%2Ftags&post=4099"}],"curies":[{"name":"wp","href":"https:\/\/api.w.org\/{rel}","templated":true}]}}