{"id":4563,"date":"2024-06-21T21:46:03","date_gmt":"2024-06-22T01:46:03","guid":{"rendered":"https:\/\/site.ac-martinique.fr\/clg-mornedesesses\/?p=4563"},"modified":"2024-06-21T21:50:02","modified_gmt":"2024-06-22T01:50:02","slug":"campagne-dinscriptions-pour-le-transport-scolaire","status":"publish","type":"post","link":"https:\/\/site.ac-martinique.fr\/clg-mornedesesses\/?p=4563","title":{"rendered":"Campagne d&rsquo;inscriptions pour le transport scolaire"},"content":{"rendered":"\n<p>Vous pouvez t\u00e9l\u00e9charger le guide d&rsquo;inscription pas \u00e0 pas en cliquant <a href=\"https:\/\/site.ac-martinique.fr\/clg-mornedesesses\/wp-content\/uploads\/sites\/61\/2024\/06\/GUIDE-PAS-A-PAS.pdf\">ICI<\/a>. Les dates et lieux d&rsquo;inscription se trouvent plus bas. <strong>Pour le Morne des Esses<\/strong>, <strong>les inscriptions se feront du 1er au 5 Juillet 2024 au centre administratif du Morne des Esses rue du Calvaire <\/strong><\/p>\n\n\n\n<figure class=\"wp-block-image size-large\"><img loading=\"lazy\" decoding=\"async\" width=\"734\" height=\"1024\" src=\"https:\/\/site.ac-martinique.fr\/clg-mornedesesses\/wp-content\/uploads\/sites\/61\/2024\/06\/Visuel-generique-A3--734x1024.jpg\" alt=\"\" class=\"wp-image-4564\" srcset=\"https:\/\/site.ac-martinique.fr\/clg-mornedesesses\/wp-content\/uploads\/sites\/61\/2024\/06\/Visuel-generique-A3--734x1024.jpg 734w, https:\/\/site.ac-martinique.fr\/clg-mornedesesses\/wp-content\/uploads\/sites\/61\/2024\/06\/Visuel-generique-A3--215x300.jpg 215w, https:\/\/site.ac-martinique.fr\/clg-mornedesesses\/wp-content\/uploads\/sites\/61\/2024\/06\/Visuel-generique-A3--768x1071.jpg 768w, https:\/\/site.ac-martinique.fr\/clg-mornedesesses\/wp-content\/uploads\/sites\/61\/2024\/06\/Visuel-generique-A3--1101x1536.jpg 1101w, https:\/\/site.ac-martinique.fr\/clg-mornedesesses\/wp-content\/uploads\/sites\/61\/2024\/06\/Visuel-generique-A3-.jpg 1178w\" sizes=\"auto, (max-width: 734px) 100vw, 734px\" \/><\/figure>\n\n\n\n<figure class=\"wp-block-image size-large\"><img loading=\"lazy\" decoding=\"async\" width=\"724\" height=\"1024\" src=\"https:\/\/site.ac-martinique.fr\/clg-mornedesesses\/wp-content\/uploads\/sites\/61\/2024\/06\/01-1-724x1024.jpg\" alt=\"\" class=\"wp-image-4565\" srcset=\"https:\/\/site.ac-martinique.fr\/clg-mornedesesses\/wp-content\/uploads\/sites\/61\/2024\/06\/01-1-724x1024.jpg 724w, https:\/\/site.ac-martinique.fr\/clg-mornedesesses\/wp-content\/uploads\/sites\/61\/2024\/06\/01-1-212x300.jpg 212w, https:\/\/site.ac-martinique.fr\/clg-mornedesesses\/wp-content\/uploads\/sites\/61\/2024\/06\/01-1-768x1086.jpg 768w, https:\/\/site.ac-martinique.fr\/clg-mornedesesses\/wp-content\/uploads\/sites\/61\/2024\/06\/01-1.jpg 794w\" sizes=\"auto, (max-width: 724px) 100vw, 724px\" \/><\/figure>\n\n\n\n<figure class=\"wp-block-image size-large\"><img loading=\"lazy\" decoding=\"async\" width=\"724\" height=\"1024\" src=\"https:\/\/site.ac-martinique.fr\/clg-mornedesesses\/wp-content\/uploads\/sites\/61\/2024\/06\/02-1-724x1024.jpg\" alt=\"\" class=\"wp-image-4566\" srcset=\"https:\/\/site.ac-martinique.fr\/clg-mornedesesses\/wp-content\/uploads\/sites\/61\/2024\/06\/02-1-724x1024.jpg 724w, https:\/\/site.ac-martinique.fr\/clg-mornedesesses\/wp-content\/uploads\/sites\/61\/2024\/06\/02-1-212x300.jpg 212w, https:\/\/site.ac-martinique.fr\/clg-mornedesesses\/wp-content\/uploads\/sites\/61\/2024\/06\/02-1-768x1086.jpg 768w, https:\/\/site.ac-martinique.fr\/clg-mornedesesses\/wp-content\/uploads\/sites\/61\/2024\/06\/02-1.jpg 794w\" sizes=\"auto, (max-width: 724px) 100vw, 724px\" \/><\/figure>\n","protected":false},"excerpt":{"rendered":"<p>Vous pouvez t\u00e9l\u00e9charger le guide d&rsquo;inscription pas \u00e0 pas en cliquant ICI. Les dates et lieux d&rsquo;inscription se trouvent plus bas. Pour le Morne des Esses, les inscriptions se feront du 1er au 5 Juillet 2024 au centre administratif du &hellip; <a href=\"https:\/\/site.ac-martinique.fr\/clg-mornedesesses\/?p=4563\">Continuer la lecture <span class=\"meta-nav\">&rarr;<\/span><\/a><\/p>\n","protected":false},"author":150,"featured_media":0,"comment_status":"closed","ping_status":"closed","sticky":false,"template":"","format":"standard","meta":{"footnotes":""},"categories":[1],"tags":[],"class_list":["post-4563","post","type-post","status-publish","format-standard","hentry","category-non-classe"],"_links":{"self":[{"href":"https:\/\/site.ac-martinique.fr\/clg-mornedesesses\/index.php?rest_route=\/wp\/v2\/posts\/4563","targetHints":{"allow":["GET"]}}],"collection":[{"href":"https:\/\/site.ac-martinique.fr\/clg-mornedesesses\/index.php?rest_route=\/wp\/v2\/posts"}],"about":[{"href":"https:\/\/site.ac-martinique.fr\/clg-mornedesesses\/index.php?rest_route=\/wp\/v2\/types\/post"}],"author":[{"embeddable":true,"href":"https:\/\/site.ac-martinique.fr\/clg-mornedesesses\/index.php?rest_route=\/wp\/v2\/users\/150"}],"replies":[{"embeddable":true,"href":"https:\/\/site.ac-martinique.fr\/clg-mornedesesses\/index.php?rest_route=%2Fwp%2Fv2%2Fcomments&post=4563"}],"version-history":[{"count":3,"href":"https:\/\/site.ac-martinique.fr\/clg-mornedesesses\/index.php?rest_route=\/wp\/v2\/posts\/4563\/revisions"}],"predecessor-version":[{"id":4571,"href":"https:\/\/site.ac-martinique.fr\/clg-mornedesesses\/index.php?rest_route=\/wp\/v2\/posts\/4563\/revisions\/4571"}],"wp:attachment":[{"href":"https:\/\/site.ac-martinique.fr\/clg-mornedesesses\/index.php?rest_route=%2Fwp%2Fv2%2Fmedia&parent=4563"}],"wp:term":[{"taxonomy":"category","embeddable":true,"href":"https:\/\/site.ac-martinique.fr\/clg-mornedesesses\/index.php?rest_route=%2Fwp%2Fv2%2Fcategories&post=4563"},{"taxonomy":"post_tag","embeddable":true,"href":"https:\/\/site.ac-martinique.fr\/clg-mornedesesses\/index.php?rest_route=%2Fwp%2Fv2%2Ftags&post=4563"}],"curies":[{"name":"wp","href":"https:\/\/api.w.org\/{rel}","templated":true}]}}