{"id":4904,"date":"2026-05-02T00:25:30","date_gmt":"2026-05-02T04:25:30","guid":{"rendered":"https:\/\/site.ac-martinique.fr\/clg-mornedesesses\/?p=4904"},"modified":"2026-05-02T00:26:36","modified_gmt":"2026-05-02T04:26:36","slug":"rallye-math-eps-entre-les-colleges-samaritains","status":"publish","type":"post","link":"https:\/\/site.ac-martinique.fr\/clg-mornedesesses\/?p=4904","title":{"rendered":"Rallye math EPS entre les coll\u00e8ges samaritains !"},"content":{"rendered":"\n<figure class=\"wp-block-image size-large\"><img loading=\"lazy\" decoding=\"async\" width=\"1024\" height=\"615\" src=\"https:\/\/site.ac-martinique.fr\/clg-mornedesesses\/wp-content\/uploads\/sites\/61\/2026\/05\/01-05-2026-23-22-48-1024x615.jpg\" alt=\"\" class=\"wp-image-4905\" srcset=\"https:\/\/site.ac-martinique.fr\/clg-mornedesesses\/wp-content\/uploads\/sites\/61\/2026\/05\/01-05-2026-23-22-48-1024x615.jpg 1024w, https:\/\/site.ac-martinique.fr\/clg-mornedesesses\/wp-content\/uploads\/sites\/61\/2026\/05\/01-05-2026-23-22-48-300x180.jpg 300w, https:\/\/site.ac-martinique.fr\/clg-mornedesesses\/wp-content\/uploads\/sites\/61\/2026\/05\/01-05-2026-23-22-48-768x461.jpg 768w, https:\/\/site.ac-martinique.fr\/clg-mornedesesses\/wp-content\/uploads\/sites\/61\/2026\/05\/01-05-2026-23-22-48.jpg 1253w\" sizes=\"auto, (max-width: 1024px) 100vw, 1024px\" \/><\/figure>\n\n\n\n<h3 class=\"wp-block-heading\">Une action interdisciplinaire dans le cadre de la Semaine des math\u00e9matiques 2026<\/h3>\n\n\n\n<p><strong>Dans le cadre de la Semaine des math\u00e9matiques 2026<\/strong>, qui s\u2019est tenue du 14 au 25 mars sur le th\u00e8me national&nbsp;<em>\u00ab \u00c9galit\u00e9s \u00bb<\/em>, les coll\u00e8ges de Morne des Esses, Emmanuel Sald\u00e8s et Lagrosilli\u00e8re ont organis\u00e9 un&nbsp;<strong>rallye Maths\u2013EPS inter-\u00e9tablissements<\/strong>&nbsp;le mardi 24 mars 2026 au coll\u00e8ge du Morne des Esses.<\/p>\n\n\n\n<p>Ce projet commun aux \u00e9quipes p\u00e9dagogiques de math\u00e9matiques et d\u2019EPS illustre une d\u00e9marche interdisciplinaire dynamique, visant \u00e0 articuler&nbsp;<strong>engagement physique, raisonnement math\u00e9matique et coop\u00e9ration entre \u00e9l\u00e8ves<\/strong>.<\/p>\n\n\n\n<figure class=\"wp-block-image size-full\"><img loading=\"lazy\" decoding=\"async\" width=\"816\" height=\"545\" src=\"https:\/\/site.ac-martinique.fr\/clg-mornedesesses\/wp-content\/uploads\/sites\/61\/2026\/05\/02-05-2026-00-17-13.jpg\" alt=\"\" class=\"wp-image-4906\" srcset=\"https:\/\/site.ac-martinique.fr\/clg-mornedesesses\/wp-content\/uploads\/sites\/61\/2026\/05\/02-05-2026-00-17-13.jpg 816w, https:\/\/site.ac-martinique.fr\/clg-mornedesesses\/wp-content\/uploads\/sites\/61\/2026\/05\/02-05-2026-00-17-13-300x200.jpg 300w, https:\/\/site.ac-martinique.fr\/clg-mornedesesses\/wp-content\/uploads\/sites\/61\/2026\/05\/02-05-2026-00-17-13-768x513.jpg 768w\" sizes=\"auto, (max-width: 816px) 100vw, 816px\" \/><\/figure>\n\n\n\n<h3 class=\"wp-block-heading\">Une organisation collective et inter-\u00e9tablissements<\/h3>\n\n\n\n<p>Tous les \u00e9l\u00e8ves de 3e des trois coll\u00e8ges ont \u00e9t\u00e9 r\u00e9partis en&nbsp;<strong>19 \u00e9quipes de 6 \u00e9l\u00e8ves<\/strong>, favorisant les \u00e9changes et la coop\u00e9ration entre \u00e9tablissements.<\/p>\n\n\n\n<p>Les \u00e9quipes ont \u00e9t\u00e9 engag\u00e9es dans une alternance d\u2019\u00e9preuves mobilisant \u00e0 la fois :<\/p>\n\n\n\n<ul class=\"wp-block-list\">\n<li>les comp\u00e9tences math\u00e9matiques,<\/li>\n\n\n\n<li>les capacit\u00e9s physiques,<\/li>\n\n\n\n<li>et les strat\u00e9gies collectives.<\/li>\n<\/ul>\n\n\n\n<h3 class=\"wp-block-heading\">Des \u00e9preuves math\u00e9matiques int\u00e9grant le d\u00e9fi physique<\/h3>\n\n\n\n<p>Les \u00e9l\u00e8ves ont d\u00e9but\u00e9 par la&nbsp;<strong>course aux nombres (\u00e9dition mars 2026)<\/strong>, suivie d\u2019un diaporama de dix questions portant sur le calcul mental et les automatismes.<\/p>\n\n\n\n<p>Ils ont ensuite \u00e9t\u00e9 confront\u00e9s \u00e0&nbsp;<strong>dix probl\u00e8mes math\u00e9matiques<\/strong>, avec une modalit\u00e9 originale : les \u00e9quipes \u00e9taient r\u00e9parties en trois bin\u00f4mes devant relever un d\u00e9fi physique :<\/p>\n\n\n\n<ul class=\"wp-block-list\">\n<li>r\u00e9aliser 20 pompes \u00e0 deux,<\/li>\n\n\n\n<li>ou tenir une minute en gainage ou en position de chaise toujours \u00e0 deux.<\/li>\n<\/ul>\n\n\n\n<p>Chaque d\u00e9fi r\u00e9ussi permettait d\u2019obtenir&nbsp;<strong>une r\u00e9ponse correcte d\u00e8s le d\u00e9part<\/strong>&nbsp;pour les probl\u00e8mes.<\/p>\n\n\n\n<p><strong>Cette organisation a permis de valoriser l\u2019effort, la coh\u00e9sion d\u2019\u00e9quipe et la strat\u00e9gie collective.<\/strong><\/p>\n\n\n\n<figure class=\"wp-block-image size-large\"><img loading=\"lazy\" decoding=\"async\" width=\"1024\" height=\"449\" src=\"https:\/\/site.ac-martinique.fr\/clg-mornedesesses\/wp-content\/uploads\/sites\/61\/2026\/05\/02-05-2026-00-19-02-1024x449.jpg\" alt=\"\" class=\"wp-image-4907\" srcset=\"https:\/\/site.ac-martinique.fr\/clg-mornedesesses\/wp-content\/uploads\/sites\/61\/2026\/05\/02-05-2026-00-19-02-1024x449.jpg 1024w, https:\/\/site.ac-martinique.fr\/clg-mornedesesses\/wp-content\/uploads\/sites\/61\/2026\/05\/02-05-2026-00-19-02-300x132.jpg 300w, https:\/\/site.ac-martinique.fr\/clg-mornedesesses\/wp-content\/uploads\/sites\/61\/2026\/05\/02-05-2026-00-19-02-768x337.jpg 768w, https:\/\/site.ac-martinique.fr\/clg-mornedesesses\/wp-content\/uploads\/sites\/61\/2026\/05\/02-05-2026-00-19-02.jpg 1229w\" sizes=\"auto, (max-width: 1024px) 100vw, 1024px\" \/><\/figure>\n\n\n\n<h3 class=\"wp-block-heading\">Des \u00e9preuves sportives enrichies par les math\u00e9matiques<\/h3>\n\n\n\n<p>Trois \u00e9preuves d\u2019EPS \u00e9taient propos\u00e9es :<\/p>\n\n\n\n<ul class=\"wp-block-list\">\n<li>tennis de table,<\/li>\n\n\n\n<li>escalade,<\/li>\n\n\n\n<li>parcours gymnique.<\/li>\n<\/ul>\n\n\n\n<p>Avant chaque \u00e9preuve, un&nbsp;<strong>probl\u00e8me math\u00e9matique<\/strong>&nbsp;\u00e9tait propos\u00e9 : sa r\u00e9ussite permettait d\u2019obtenir un bonus.<\/p>\n\n\n\n<p><strong>Cette articulation renforce le lien entre disciplines et l\u2019engagement des \u00e9l\u00e8ves.<\/strong><\/p>\n\n\n\n<h3 class=\"wp-block-heading\">Une dynamique d\u2019engagement et de coop\u00e9ration<\/h3>\n\n\n\n<p>La matin\u00e9e a \u00e9t\u00e9 marqu\u00e9e par :<\/p>\n\n\n\n<ul class=\"wp-block-list\">\n<li>une forte implication des \u00e9l\u00e8ves,<\/li>\n\n\n\n<li>un esprit d\u2019\u00e9quipe particuli\u00e8rement d\u00e9velopp\u00e9,<\/li>\n\n\n\n<li>une dynamique inter-\u00e9tablissements tr\u00e8s positive.<\/li>\n<\/ul>\n\n\n\n<p>Les \u00e9l\u00e8ves ont su faire preuve de pers\u00e9v\u00e9rance, d\u2019entraide et d\u2019adaptabilit\u00e9 face aux diff\u00e9rentes situations propos\u00e9es.<\/p>\n\n\n\n<h3 class=\"wp-block-heading\">Une action pleinement inscrite dans les objectifs de la Semaine des math\u00e9matiques<\/h3>\n\n\n\n<p>Ce rallye illustre pleinement les objectifs de la Semaine des math\u00e9matiques :<\/p>\n\n\n\n<ul class=\"wp-block-list\">\n<li>donner du sens aux apprentissages,<\/li>\n\n\n\n<li>favoriser l\u2019\u00e9galit\u00e9 d\u2019acc\u00e8s aux savoirs,<\/li>\n\n\n\n<li>d\u00e9velopper la coop\u00e9ration entre \u00e9l\u00e8ves,<\/li>\n\n\n\n<li>valoriser les math\u00e9matiques dans des contextes vari\u00e9s.<\/li>\n<\/ul>\n\n\n\n<p>C&rsquo;est une \u00e9quipe du college Sald\u00e8s qui s&rsquo;impose devant deux \u00e9quipes du Morne des Esses, les trois \u00e9quipes repartant avec de belles m\u00e9dailles. Un grand merci aux trois principaux et aux trois \u00e9quipes \u00e9ducatives de Maths et EPS des coll\u00e8ges Morne des Esses, Sald\u00e8s et Lagrosilli\u00e8re qui ont permis le succ\u00e8s de cette matin\u00e9e.<\/p>\n\n\n\n<p><\/p>\n","protected":false},"excerpt":{"rendered":"<p>Une action interdisciplinaire dans le cadre de la Semaine des math\u00e9matiques 2026 Dans le cadre de la Semaine des math\u00e9matiques 2026, qui s\u2019est tenue du 14 au 25 mars sur le th\u00e8me national&nbsp;\u00ab \u00c9galit\u00e9s \u00bb, les coll\u00e8ges de Morne des &hellip; <a href=\"https:\/\/site.ac-martinique.fr\/clg-mornedesesses\/?p=4904\">Continuer la lecture <span class=\"meta-nav\">&rarr;<\/span><\/a><\/p>\n","protected":false},"author":150,"featured_media":0,"comment_status":"closed","ping_status":"closed","sticky":false,"template":"","format":"standard","meta":{"footnotes":""},"categories":[1],"tags":[],"class_list":["post-4904","post","type-post","status-publish","format-standard","hentry","category-non-classe"],"_links":{"self":[{"href":"https:\/\/site.ac-martinique.fr\/clg-mornedesesses\/index.php?rest_route=\/wp\/v2\/posts\/4904","targetHints":{"allow":["GET"]}}],"collection":[{"href":"https:\/\/site.ac-martinique.fr\/clg-mornedesesses\/index.php?rest_route=\/wp\/v2\/posts"}],"about":[{"href":"https:\/\/site.ac-martinique.fr\/clg-mornedesesses\/index.php?rest_route=\/wp\/v2\/types\/post"}],"author":[{"embeddable":true,"href":"https:\/\/site.ac-martinique.fr\/clg-mornedesesses\/index.php?rest_route=\/wp\/v2\/users\/150"}],"replies":[{"embeddable":true,"href":"https:\/\/site.ac-martinique.fr\/clg-mornedesesses\/index.php?rest_route=%2Fwp%2Fv2%2Fcomments&post=4904"}],"version-history":[{"count":3,"href":"https:\/\/site.ac-martinique.fr\/clg-mornedesesses\/index.php?rest_route=\/wp\/v2\/posts\/4904\/revisions"}],"predecessor-version":[{"id":4910,"href":"https:\/\/site.ac-martinique.fr\/clg-mornedesesses\/index.php?rest_route=\/wp\/v2\/posts\/4904\/revisions\/4910"}],"wp:attachment":[{"href":"https:\/\/site.ac-martinique.fr\/clg-mornedesesses\/index.php?rest_route=%2Fwp%2Fv2%2Fmedia&parent=4904"}],"wp:term":[{"taxonomy":"category","embeddable":true,"href":"https:\/\/site.ac-martinique.fr\/clg-mornedesesses\/index.php?rest_route=%2Fwp%2Fv2%2Fcategories&post=4904"},{"taxonomy":"post_tag","embeddable":true,"href":"https:\/\/site.ac-martinique.fr\/clg-mornedesesses\/index.php?rest_route=%2Fwp%2Fv2%2Ftags&post=4904"}],"curies":[{"name":"wp","href":"https:\/\/api.w.org\/{rel}","templated":true}]}}