{"id":3216,"date":"2026-08-28T15:58:51","date_gmt":"2026-08-28T13:58:51","guid":{"rendered":"https:\/\/site.ac-martinique.fr\/clg-paulsymphor\/?p=3216"},"modified":"2026-08-31T16:49:43","modified_gmt":"2026-08-31T14:49:43","slug":"planning-de-rentree-2026","status":"publish","type":"post","link":"https:\/\/site.ac-martinique.fr\/clg-paulsymphor\/2026\/08\/28\/planning-de-rentree-2026\/","title":{"rendered":"Planning de rentr\u00e9e 2026"},"content":{"rendered":"\n<p class=\"wp-block-paragraph\">Parents,<\/p>\n\n\n\n<p class=\"wp-block-paragraph\">C&rsquo;est bient\u00f4t la rentr\u00e9e ! Voici le planning de la rentr\u00e9e scolaire pour l&rsquo;ann\u00e9e scolaire 2026-2027.<\/p>\n\n\n\n<p class=\"wp-block-paragraph\"><strong><mark style=\"background-color:rgba(0, 0, 0, 0)\" class=\"has-inline-color has-luminous-vivid-orange-color\">Veuillez noter qu&rsquo;apr\u00e8s l&rsquo;appel des classes, une r\u00e9union avec les parents est pr\u00e9vue au r\u00e9fectoire de 9h \u00e0 10h suivant le planning de rentr\u00e9e scolaire qui suit.<\/mark><br><\/strong><br>Nous vous souhaitons \u00e0 toutes et \u00e0 tous une excellente fin de vacances et une tr\u00e8s bonne ann\u00e9e scolaire !<\/p>\n\n\n\n<div data-wp-interactive=\"core\/file\" class=\"wp-block-file\"><object data-wp-bind--hidden=\"!state.hasPdfPreview\" hidden class=\"wp-block-file__embed\" data=\"https:\/\/site.ac-martinique.fr\/clg-paulsymphor\/wp-content\/uploads\/sites\/75\/2026\/08\/Calendrier-de-rentree-2026-2027.pdf\" type=\"application\/pdf\" style=\"width:100%;height:800px\" aria-label=\"Contenu embarqu\u00e9 Calendrier de rentr\u00e9e 2026-2027.\"><\/object><a id=\"wp-block-file--media-3314da8b-744b-46b7-a699-687b26b1c4b5\" href=\"https:\/\/site.ac-martinique.fr\/clg-paulsymphor\/wp-content\/uploads\/sites\/75\/2026\/08\/Calendrier-de-rentree-2026-2027.pdf\">Calendrier de rentr\u00e9e 2026-2027<\/a><a href=\"https:\/\/site.ac-martinique.fr\/clg-paulsymphor\/wp-content\/uploads\/sites\/75\/2026\/08\/Calendrier-de-rentree-2026-2027.pdf\" class=\"wp-block-file__button wp-element-button\" download aria-describedby=\"wp-block-file--media-3314da8b-744b-46b7-a699-687b26b1c4b5\">T\u00e9l\u00e9charger<\/a><\/div>\n\n\n\n<p class=\"wp-block-paragraph\"><\/p>\n","protected":false},"excerpt":{"rendered":"<p>Parents, C&rsquo;est bient\u00f4t la rentr\u00e9e ! Voici le planning de la rentr\u00e9e scolaire pour l&rsquo;ann\u00e9e scolaire 2026-2027. Veuillez noter qu&rsquo;apr\u00e8s l&rsquo;appel des classes, une r\u00e9union avec les parents est pr\u00e9vue au r\u00e9fectoire de 9h \u00e0 10h suivant le planning de rentr\u00e9e scolaire qui suit.Nous vous souhaitons \u00e0 toutes et \u00e0 tous une excellente fin de [&hellip;]<\/p>\n","protected":false},"author":207,"featured_media":0,"comment_status":"closed","ping_status":"closed","sticky":false,"template":"","format":"standard","meta":{"footnotes":""},"categories":[28],"tags":[],"class_list":["post-3216","post","type-post","status-publish","format-standard","hentry","category-rentree2026"],"_links":{"self":[{"href":"https:\/\/site.ac-martinique.fr\/clg-paulsymphor\/wp-json\/wp\/v2\/posts\/3216","targetHints":{"allow":["GET"]}}],"collection":[{"href":"https:\/\/site.ac-martinique.fr\/clg-paulsymphor\/wp-json\/wp\/v2\/posts"}],"about":[{"href":"https:\/\/site.ac-martinique.fr\/clg-paulsymphor\/wp-json\/wp\/v2\/types\/post"}],"author":[{"embeddable":true,"href":"https:\/\/site.ac-martinique.fr\/clg-paulsymphor\/wp-json\/wp\/v2\/users\/207"}],"replies":[{"embeddable":true,"href":"https:\/\/site.ac-martinique.fr\/clg-paulsymphor\/wp-json\/wp\/v2\/comments?post=3216"}],"version-history":[{"count":5,"href":"https:\/\/site.ac-martinique.fr\/clg-paulsymphor\/wp-json\/wp\/v2\/posts\/3216\/revisions"}],"predecessor-version":[{"id":3224,"href":"https:\/\/site.ac-martinique.fr\/clg-paulsymphor\/wp-json\/wp\/v2\/posts\/3216\/revisions\/3224"}],"wp:attachment":[{"href":"https:\/\/site.ac-martinique.fr\/clg-paulsymphor\/wp-json\/wp\/v2\/media?parent=3216"}],"wp:term":[{"taxonomy":"category","embeddable":true,"href":"https:\/\/site.ac-martinique.fr\/clg-paulsymphor\/wp-json\/wp\/v2\/categories?post=3216"},{"taxonomy":"post_tag","embeddable":true,"href":"https:\/\/site.ac-martinique.fr\/clg-paulsymphor\/wp-json\/wp\/v2\/tags?post=3216"}],"curies":[{"name":"wp","href":"https:\/\/api.w.org\/{rel}","templated":true}]}}