{"id":799,"date":"2026-04-01T15:09:35","date_gmt":"2026-04-01T19:09:35","guid":{"rendered":"https:\/\/site.ac-martinique.fr\/clg-perrinon\/?p=799"},"modified":"2026-04-01T15:11:02","modified_gmt":"2026-04-01T19:11:02","slug":"sortie-baie-de-genipa","status":"publish","type":"post","link":"https:\/\/site.ac-martinique.fr\/clg-perrinon\/sortie-baie-de-genipa\/","title":{"rendered":"Sortie baie de G\u00e9nipa"},"content":{"rendered":"<p>Bel bonjou tout moun\u00a0!<\/p>\n<p>Pou simenn s\u00e9 lang-lan , kidonk simenn akad\u00e9mik kr\u00e9yol la osi, kolej Perrinon pwopoz\u00e9 s\u00e9 z\u00e9lev-la an s\u00f2ti\u00a0 p\u00e9dagojik adan kannal J\u00e9nipa a pa kot\u00e9 Twazil\u00e9.<\/p>\n<p>S\u00e9 z\u00e9lev-la t\u00e9 kontan toubannman al\u00e9 f\u00e8 kayak at\u00e8 Twazil\u00e9. Yo w\u00e8 \u00e9pi zi\u00e9-yo sa nou aprann adan sal klas la\u00a0: model pi\u00e9bwa \u00e9pi\u00a0 zannimo ou ka touv\u00e9 adan mang-lan, kisasay\u00e9sa&#8230;<\/p>\n<p>Yo pran konsians val\u00e8 \u00e9pi potalans mang-lan adan lavi.<\/p>\n<p>Mang-lan s\u00e9 an \u00e9kosistenm ki ni anchay lavi. I ka pwot\u00e9j\u00e9 kot-la \u00e9pi i enp\u00f2tan (potalan) pou zannimo.<br \/>\nMoun ka d\u00e9potjol\u00e9\u2019y, m\u00e9 f\u00f2 nou pwot\u00e9j\u00e9\u2019y.<\/p>\n<p><strong>F\u00f2 nou pwot\u00e9j\u00e9 mang-lan pas i potalan pou lavi-nou.<\/strong><\/p>\n<p><img loading=\"lazy\" decoding=\"async\" class=\"wp-image-800 alignleft\" src=\"https:\/\/site.ac-martinique.fr\/clg-perrinon\/wp-content\/uploads\/sites\/146\/2026\/04\/IMG_20260327_100924-300x225.jpg\" alt=\"\" width=\"219\" height=\"164\" srcset=\"https:\/\/site.ac-martinique.fr\/clg-perrinon\/wp-content\/uploads\/sites\/146\/2026\/04\/IMG_20260327_100924-300x225.jpg 300w, https:\/\/site.ac-martinique.fr\/clg-perrinon\/wp-content\/uploads\/sites\/146\/2026\/04\/IMG_20260327_100924-1024x768.jpg 1024w, https:\/\/site.ac-martinique.fr\/clg-perrinon\/wp-content\/uploads\/sites\/146\/2026\/04\/IMG_20260327_100924-768x576.jpg 768w, https:\/\/site.ac-martinique.fr\/clg-perrinon\/wp-content\/uploads\/sites\/146\/2026\/04\/IMG_20260327_100924-1536x1152.jpg 1536w, https:\/\/site.ac-martinique.fr\/clg-perrinon\/wp-content\/uploads\/sites\/146\/2026\/04\/IMG_20260327_100924-2048x1536.jpg 2048w\" sizes=\"auto, (max-width: 219px) 100vw, 219px\" \/><\/p>\n<p data-pm-slice=\"1 1 [&quot;bulletList&quot;,{},&quot;listItem&quot;,{}]\"><strong>Yonnd\u00e9 z\u00e9lev ja par\u00e9<\/strong><\/p>\n<p>&nbsp;<\/p>\n<p>&nbsp;<\/p>\n<p>&nbsp;<\/p>\n<p>&nbsp;<\/p>\n<p><img loading=\"lazy\" decoding=\"async\" class=\"size-medium wp-image-801 alignleft\" src=\"https:\/\/site.ac-martinique.fr\/clg-perrinon\/wp-content\/uploads\/sites\/146\/2026\/04\/IMG_20260328_165458-300x219.jpg\" alt=\"\" width=\"300\" height=\"219\" srcset=\"https:\/\/site.ac-martinique.fr\/clg-perrinon\/wp-content\/uploads\/sites\/146\/2026\/04\/IMG_20260328_165458-300x219.jpg 300w, https:\/\/site.ac-martinique.fr\/clg-perrinon\/wp-content\/uploads\/sites\/146\/2026\/04\/IMG_20260328_165458-1024x747.jpg 1024w, https:\/\/site.ac-martinique.fr\/clg-perrinon\/wp-content\/uploads\/sites\/146\/2026\/04\/IMG_20260328_165458-768x560.jpg 768w, https:\/\/site.ac-martinique.fr\/clg-perrinon\/wp-content\/uploads\/sites\/146\/2026\/04\/IMG_20260328_165458.jpg 1487w\" sizes=\"auto, (max-width: 300px) 100vw, 300px\" \/><\/p>\n<p data-pm-slice=\"1 1 [&quot;bulletList&quot;,{},&quot;listItem&quot;,{}]\"><strong>Nou ka ramennen s\u00e9 kayak-la adan boks-la (box)<\/strong><\/p>\n<p data-pm-slice=\"1 1 [&quot;bulletList&quot;,{},&quot;listItem&quot;,{}]\">\n<p data-pm-slice=\"1 1 [&quot;bulletList&quot;,{},&quot;listItem&quot;,{}]\">\n<p data-pm-slice=\"1 1 [&quot;bulletList&quot;,{},&quot;listItem&quot;,{}]\">\n<p data-pm-slice=\"1 1 [&quot;bulletList&quot;,{},&quot;listItem&quot;,{}]\">\n<p data-pm-slice=\"1 1 [&quot;bulletList&quot;,{},&quot;listItem&quot;,{}]\">\n<p data-pm-slice=\"1 1 [&quot;bulletList&quot;,{},&quot;listItem&quot;,{}]\"><img loading=\"lazy\" decoding=\"async\" class=\"alignnone  wp-image-802\" src=\"https:\/\/site.ac-martinique.fr\/clg-perrinon\/wp-content\/uploads\/sites\/146\/2026\/04\/IMG_20260327_115853-300x225.jpg\" alt=\"\" width=\"256\" height=\"192\" srcset=\"https:\/\/site.ac-martinique.fr\/clg-perrinon\/wp-content\/uploads\/sites\/146\/2026\/04\/IMG_20260327_115853-300x225.jpg 300w, https:\/\/site.ac-martinique.fr\/clg-perrinon\/wp-content\/uploads\/sites\/146\/2026\/04\/IMG_20260327_115853-1024x768.jpg 1024w, https:\/\/site.ac-martinique.fr\/clg-perrinon\/wp-content\/uploads\/sites\/146\/2026\/04\/IMG_20260327_115853-768x576.jpg 768w, https:\/\/site.ac-martinique.fr\/clg-perrinon\/wp-content\/uploads\/sites\/146\/2026\/04\/IMG_20260327_115853-1536x1152.jpg 1536w, https:\/\/site.ac-martinique.fr\/clg-perrinon\/wp-content\/uploads\/sites\/146\/2026\/04\/IMG_20260327_115853-2048x1536.jpg 2048w\" sizes=\"auto, (max-width: 256px) 100vw, 256px\" \/><\/p>\n<p data-pm-slice=\"1 1 [&quot;bulletList&quot;,{},&quot;listItem&quot;,{}]\"><strong>Lawmoni adan jes-la ka f\u00e8 kayak-la glis\u00e9 an manni\u00e8 flouz anl\u00e8 dlo<\/strong><\/p>\n<p data-pm-slice=\"1 1 [&quot;bulletList&quot;,{},&quot;listItem&quot;,{}]\"><img loading=\"lazy\" decoding=\"async\" class=\"alignnone wp-image-803\" src=\"https:\/\/site.ac-martinique.fr\/clg-perrinon\/wp-content\/uploads\/sites\/146\/2026\/04\/IMG-20260330-WA0083-225x300.jpg\" alt=\"\" width=\"144\" height=\"192\" srcset=\"https:\/\/site.ac-martinique.fr\/clg-perrinon\/wp-content\/uploads\/sites\/146\/2026\/04\/IMG-20260330-WA0083-225x300.jpg 225w, https:\/\/site.ac-martinique.fr\/clg-perrinon\/wp-content\/uploads\/sites\/146\/2026\/04\/IMG-20260330-WA0083-769x1024.jpg 769w, https:\/\/site.ac-martinique.fr\/clg-perrinon\/wp-content\/uploads\/sites\/146\/2026\/04\/IMG-20260330-WA0083-768x1023.jpg 768w, https:\/\/site.ac-martinique.fr\/clg-perrinon\/wp-content\/uploads\/sites\/146\/2026\/04\/IMG-20260330-WA0083-1153x1536.jpg 1153w, https:\/\/site.ac-martinique.fr\/clg-perrinon\/wp-content\/uploads\/sites\/146\/2026\/04\/IMG-20260330-WA0083.jpg 1179w\" sizes=\"auto, (max-width: 144px) 100vw, 144px\" \/><\/p>\n<p data-pm-slice=\"1 1 [&quot;bulletList&quot;,{},&quot;listItem&quot;,{}]\"><strong>Pal\u00e9tivi\u00e9, pi\u00e9bwa tipik adan mang-lan<\/strong><\/p>\n","protected":false},"excerpt":{"rendered":"<p>Bel bonjou tout moun\u00a0! Pou simenn s\u00e9 lang-lan , kidonk simenn akad\u00e9mik kr\u00e9yol la osi, kolej Perrinon pwopoz\u00e9 s\u00e9 z\u00e9lev-la an s\u00f2ti\u00a0 p\u00e9dagojik adan kannal J\u00e9nipa a pa kot\u00e9 Twazil\u00e9. S\u00e9 z\u00e9lev-la t\u00e9 kontan toubannman al\u00e9 f\u00e8 kayak at\u00e8 Twazil\u00e9. Yo w\u00e8 \u00e9pi zi\u00e9-yo sa nou aprann adan sal klas la\u00a0: model pi\u00e9bwa \u00e9pi\u00a0 zannimo [&hellip;]<\/p>\n","protected":false},"author":153,"featured_media":804,"comment_status":"closed","ping_status":"closed","sticky":false,"template":"","format":"standard","meta":{"footnotes":""},"categories":[1],"tags":[],"class_list":["post-799","post","type-post","status-publish","format-standard","has-post-thumbnail","hentry","category-non-classe"],"_links":{"self":[{"href":"https:\/\/site.ac-martinique.fr\/clg-perrinon\/wp-json\/wp\/v2\/posts\/799","targetHints":{"allow":["GET"]}}],"collection":[{"href":"https:\/\/site.ac-martinique.fr\/clg-perrinon\/wp-json\/wp\/v2\/posts"}],"about":[{"href":"https:\/\/site.ac-martinique.fr\/clg-perrinon\/wp-json\/wp\/v2\/types\/post"}],"author":[{"embeddable":true,"href":"https:\/\/site.ac-martinique.fr\/clg-perrinon\/wp-json\/wp\/v2\/users\/153"}],"replies":[{"embeddable":true,"href":"https:\/\/site.ac-martinique.fr\/clg-perrinon\/wp-json\/wp\/v2\/comments?post=799"}],"version-history":[{"count":2,"href":"https:\/\/site.ac-martinique.fr\/clg-perrinon\/wp-json\/wp\/v2\/posts\/799\/revisions"}],"predecessor-version":[{"id":806,"href":"https:\/\/site.ac-martinique.fr\/clg-perrinon\/wp-json\/wp\/v2\/posts\/799\/revisions\/806"}],"wp:featuredmedia":[{"embeddable":true,"href":"https:\/\/site.ac-martinique.fr\/clg-perrinon\/wp-json\/wp\/v2\/media\/804"}],"wp:attachment":[{"href":"https:\/\/site.ac-martinique.fr\/clg-perrinon\/wp-json\/wp\/v2\/media?parent=799"}],"wp:term":[{"taxonomy":"category","embeddable":true,"href":"https:\/\/site.ac-martinique.fr\/clg-perrinon\/wp-json\/wp\/v2\/categories?post=799"},{"taxonomy":"post_tag","embeddable":true,"href":"https:\/\/site.ac-martinique.fr\/clg-perrinon\/wp-json\/wp\/v2\/tags?post=799"}],"curies":[{"name":"wp","href":"https:\/\/api.w.org\/{rel}","templated":true}]}}