{"id":232,"date":"2015-08-27T02:55:14","date_gmt":"2015-08-27T01:55:14","guid":{"rendered":"\/clg-sainteluce\/?p=232"},"modified":"2015-08-28T00:27:28","modified_gmt":"2015-08-27T23:27:28","slug":"rentree-2015-2016","status":"publish","type":"post","link":"https:\/\/site.ac-martinique.fr\/clg-sainteluce\/?p=232","title":{"rendered":"RENTR\u00c9E 2015-2016"},"content":{"rendered":"<h1><span style=\"color: #ff0000\"><b><img loading=\"lazy\" decoding=\"async\" class=\"aligncenter  wp-image-360\" src=\"\/clg-sainteluce\/wp-content\/uploads\/sites\/65\/2015\/08\/C1G1_RENTREE-2015-16c.jpg\" alt=\"C1G1_RENTREE 2015-16c\" width=\"471\" height=\"666\" srcset=\"https:\/\/site.ac-martinique.fr\/clg-sainteluce\/wp-content\/uploads\/sites\/65\/2015\/08\/C1G1_RENTREE-2015-16c.jpg 1240w, https:\/\/site.ac-martinique.fr\/clg-sainteluce\/wp-content\/uploads\/sites\/65\/2015\/08\/C1G1_RENTREE-2015-16c-212x300.jpg 212w, https:\/\/site.ac-martinique.fr\/clg-sainteluce\/wp-content\/uploads\/sites\/65\/2015\/08\/C1G1_RENTREE-2015-16c-724x1024.jpg 724w\" sizes=\"auto, (max-width: 471px) 100vw, 471px\" \/>CALENDRIER DE RENTREE 2015-2016<\/b><\/span><\/h1>\n<p><b><i>RENTREE DES ENSEIGNANTS<\/i><\/b><b><i>\u00a0: Lundi 31 ao\u00fbt 2015 \u2013 07h30 (journ\u00e9e)<\/i><\/b><b><i>\u00a0<\/i><\/b><\/p>\n<p><b><i>RENTREE DES \u00c9L\u00c8VES<\/i><b><i>\u00a0: \u00a0<\/i><\/b><\/b><\/p>\n<ul>\n<li><b>6<\/b><b><sup>\u00e8me<\/sup><\/b><b>\u00a0: Mardi 1<\/b><b><sup>er<\/sup><\/b><b> septembre 2015 \u2013 07h30-16h00<\/b> (journ\u00e9e d\u2019int\u00e9gration, ateliers au coll\u00e8ge et sur le site de corps de garde)<\/li>\n<li><b>4<\/b><b><sup>\u00e8me<\/sup><\/b><b> et 3<\/b><b><sup>\u00e8me<\/sup><\/b><b>\u00a0: Mercredi 02 septembre 2015 \u2013 08h00-11h30<\/b><\/li>\n<li><b>5<\/b><b><sup>\u00e8me<\/sup><\/b><b>\u00a0: Jeudi 03 septembre 2015 \u2013 08h00-11h30<\/b><\/li>\n<\/ul>\n<p><em><span style=\"color: #ff0000\"><b>RENTREE TOUS NIVEAUX <\/b><b>:\u00a0Vendredi 04 Sept.\u00a02015 \u2013 07h30-12h00<\/b><\/span><\/em><\/p>\n<ul>\n<li><span style=\"color: #000000\"><b>07h30-09h30<\/b>\u00a0: 2 Evaluations<\/span><\/li>\n<li><b>10h00-11h00<\/b>\u00a0: 1 Evaluation<\/li>\n<li><b>11h00-12h00<\/b>\u00a0: R\u00e8gles de s\u00e9curit\u00e9<\/li>\n<\/ul>\n<p><span style=\"color: #ff6600\"><b><i>DEBUT DE LA CANTINE<\/i><\/b><\/span><b><i><span style=\"color: #ff6600\">\u00a0: Lundi 07 Sept.\u00a02015<\/span>\u00a0<\/i><\/b><\/p>\n<p><b><i>AVIS<\/i><\/b><b><i>\u00a0:<\/i><\/b><\/p>\n<ul>\n<li><b><i>Rentr\u00e9e des classes de 6<\/i><\/b><b><i><sup>e<\/sup><\/i><\/b><b><i> le mardi 1<\/i><\/b><b><i><sup>er<\/sup><\/i><\/b><b><i> septembre 2015\u00a0: pr\u00e9voir serviette et maillot de bain, bouteille d\u2019eau, casquette, go\u00fbter, v\u00eatement de rechange. Un panier pique-nique sera offert aux demi-pensionnaires pour le d\u00e9jeuner. Les externes devront porter leur repas. Les parents sont les bienvenus pour l\u2019encadrement\u00a0 des ateliers sportifs.<\/i><\/b><\/li>\n<\/ul>\n<ul>\n<li><b><i>Tous les \u00e9l\u00e8ves de la 6<\/i><\/b><b><i><sup>e<\/sup><\/i><\/b><b><i> \u00e0 la 3<\/i><\/b><b><i><sup>e<\/sup><\/i><\/b><b><i> devront porter des feuilles doubles et simples, trousse garnie (stylos, gomme, crayons de couleur\u2026). Se munir aussi du cartable pour la remise des livres.<\/i><\/b><\/li>\n<\/ul>\n<ul>\n<li><b><i>Pour plus d\u2019information, se r\u00e9f\u00e9rer au site du coll\u00e8ge<\/i><\/b><b><i>.<\/i><\/b><\/li>\n<\/ul>\n<p><span style=\"color: #3366ff\"><b>Rentr\u00e9e g\u00e9n\u00e9rale\u00a0: LUNDI 07 SEPTEMBRE 2015\u00a0 selon les emplois du temps<\/b><b>.<\/b><\/span><\/p>\n<h1><span style=\"color: #ff0000\"><strong>LISTE DES FOURNITURES SCOLAIRES 2015-2016<\/strong><\/span><\/h1>\n<p><span style=\"color: #ff0000\"><span style=\"color: #2b2b2b;line-height: 1.5\">Cliquer sur le lien suivant pour acc\u00e9der \u00e0 la liste<br \/>\n<\/span><span style=\"color: #2b2b2b;line-height: 1.5\">&gt;&gt;&gt;\u00a0<\/span><a style=\"line-height: 1.5\" href=\"\/clg-sainteluce\/wp-content\/uploads\/sites\/65\/2015\/08\/LISTEMATER2.pdf\">LISTE<\/a><strong><br \/>\n<\/strong><\/span><\/p>\n<h1><strong><span style=\"color: #ff0000\">PROGRAMME HISTOIRE DES ARTS<\/span><\/strong><\/h1>\n<p>Cliquer sur le lien suivant pour acc\u00e9der au programme<br \/>\n&gt;&gt;&gt;\u00a0<a href=\"\/clg-sainteluce\/wp-content\/uploads\/sites\/65\/2015\/08\/HDA20152016.pdf\">HDA 2015-2016<\/a><\/p>\n<p><i><span style=\"font-size: medium\">Acc\u00e9dez directement \u00e0 <span style=\"color: #3366ff\"><strong><a style=\"color: #3366ff\" href=\"https:\/\/cdt.ac-martinique.fr\/clg-sainteluce\/\" target=\"_blank\">CHOCOLAT, cahier de texte en ligne<\/a><\/strong><\/span> pour conna\u00eetre de l&rsquo;actualit\u00e9 scolaire&#8230; (travail \u00e0 faire, modifications d&#8217;emploi du temps, concours&#8230;)<\/span><\/i><a href=\"\/clg-sainteluce\/wp-content\/uploads\/sites\/65\/2015\/08\/HDA20152016.pdf\"><br \/>\n<\/a><\/p>\n","protected":false},"excerpt":{"rendered":"<p>CALENDRIER DE RENTREE 2015-2016 RENTREE DES ENSEIGNANTS\u00a0: Lundi 31 ao\u00fbt 2015 \u2013 07h30 (journ\u00e9e)\u00a0 RENTREE DES \u00c9L\u00c8VES\u00a0: \u00a0 6\u00e8me\u00a0: Mardi 1er septembre 2015 \u2013 07h30-16h00 (journ\u00e9e d\u2019int\u00e9gration, ateliers au coll\u00e8ge et sur le site de corps de garde) 4\u00e8me et 3\u00e8me\u00a0: Mercredi 02 septembre 2015 \u2013 08h00-11h30 5\u00e8me\u00a0: Jeudi 03 septembre 2015 \u2013 08h00-11h30 RENTREE &hellip; <a href=\"https:\/\/site.ac-martinique.fr\/clg-sainteluce\/?p=232\" class=\"more-link\">Continuer la lecture de <span class=\"screen-reader-text\">RENTR\u00c9E 2015-2016<\/span>  <span class=\"meta-nav\">&rarr;<\/span><\/a><\/p>\n","protected":false},"author":157,"featured_media":0,"comment_status":"closed","ping_status":"open","sticky":false,"template":"","format":"standard","meta":{"footnotes":""},"categories":[23],"tags":[24,25,26],"class_list":["post-232","post","type-post","status-publish","format-standard","hentry","category-documentation","tag-fourniture","tag-programme-hda","tag-rentree"],"_links":{"self":[{"href":"https:\/\/site.ac-martinique.fr\/clg-sainteluce\/index.php?rest_route=\/wp\/v2\/posts\/232","targetHints":{"allow":["GET"]}}],"collection":[{"href":"https:\/\/site.ac-martinique.fr\/clg-sainteluce\/index.php?rest_route=\/wp\/v2\/posts"}],"about":[{"href":"https:\/\/site.ac-martinique.fr\/clg-sainteluce\/index.php?rest_route=\/wp\/v2\/types\/post"}],"author":[{"embeddable":true,"href":"https:\/\/site.ac-martinique.fr\/clg-sainteluce\/index.php?rest_route=\/wp\/v2\/users\/157"}],"replies":[{"embeddable":true,"href":"https:\/\/site.ac-martinique.fr\/clg-sainteluce\/index.php?rest_route=%2Fwp%2Fv2%2Fcomments&post=232"}],"version-history":[{"count":11,"href":"https:\/\/site.ac-martinique.fr\/clg-sainteluce\/index.php?rest_route=\/wp\/v2\/posts\/232\/revisions"}],"predecessor-version":[{"id":411,"href":"https:\/\/site.ac-martinique.fr\/clg-sainteluce\/index.php?rest_route=\/wp\/v2\/posts\/232\/revisions\/411"}],"wp:attachment":[{"href":"https:\/\/site.ac-martinique.fr\/clg-sainteluce\/index.php?rest_route=%2Fwp%2Fv2%2Fmedia&parent=232"}],"wp:term":[{"taxonomy":"category","embeddable":true,"href":"https:\/\/site.ac-martinique.fr\/clg-sainteluce\/index.php?rest_route=%2Fwp%2Fv2%2Fcategories&post=232"},{"taxonomy":"post_tag","embeddable":true,"href":"https:\/\/site.ac-martinique.fr\/clg-sainteluce\/index.php?rest_route=%2Fwp%2Fv2%2Ftags&post=232"}],"curies":[{"name":"wp","href":"https:\/\/api.w.org\/{rel}","templated":true}]}}