{"id":2335,"date":"2023-12-30T10:33:47","date_gmt":"2023-12-30T14:33:47","guid":{"rendered":"https:\/\/site.ac-martinique.fr\/clg-sainteluce\/?p=2335"},"modified":"2023-12-30T10:33:48","modified_gmt":"2023-12-30T14:33:48","slug":"festival-de-jazz","status":"publish","type":"post","link":"https:\/\/site.ac-martinique.fr\/clg-sainteluce\/?p=2335","title":{"rendered":"FESTIVAL DE JAZZ"},"content":{"rendered":"\n<p>Le 28 novembre 2023, les \u00e9l\u00e8ves de la chorale du coll\u00e8ge de Sainte-Luce ont pu participer \u00e0 un concert donn\u00e9 \u00e0 l&rsquo;Atrium dans le cadre du Festival de Jazz de la Martinique.<\/p>\n\n\n\n<figure class=\"wp-block-video\"><video height=\"480\" style=\"aspect-ratio: 854 \/ 480;\" width=\"854\" controls src=\"https:\/\/site.ac-martinique.fr\/clg-sainteluce\/wp-content\/uploads\/sites\/65\/2023\/12\/CLGSTL_20231128_FESTIVAL-JAZZ_OK_1.mp4\"><\/video><\/figure>\n\n\n\n<p>Piano, basse et batterie se sont  accord\u00e9s sur sc\u00e8ne pour offrir aux spectateurs un voyage multiculturel aux sonorit\u00e9s riches et diverses. Une belle d\u00e9couverte pour certains qui ont beaucoup appr\u00e9ci\u00e9 le moment.<\/p>\n","protected":false},"excerpt":{"rendered":"<p>Le 28 novembre 2023, les \u00e9l\u00e8ves de la chorale du coll\u00e8ge de Sainte-Luce ont pu participer \u00e0 un concert donn\u00e9 \u00e0 l&rsquo;Atrium dans le cadre du Festival de Jazz de la Martinique. Piano, basse et batterie se sont accord\u00e9s sur sc\u00e8ne pour offrir aux spectateurs un voyage multiculturel aux sonorit\u00e9s riches et diverses. Une belle &hellip; <a href=\"https:\/\/site.ac-martinique.fr\/clg-sainteluce\/?p=2335\" class=\"more-link\">Continuer la lecture de <span class=\"screen-reader-text\">FESTIVAL DE JAZZ<\/span>  <span class=\"meta-nav\">&rarr;<\/span><\/a><\/p>\n","protected":false},"author":290,"featured_media":0,"comment_status":"closed","ping_status":"open","sticky":false,"template":"","format":"standard","meta":{"footnotes":""},"categories":[39,1,6],"tags":[],"class_list":["post-2335","post","type-post","status-publish","format-standard","hentry","category-musique","category-non-classe","category-sortie-pedagogique"],"_links":{"self":[{"href":"https:\/\/site.ac-martinique.fr\/clg-sainteluce\/index.php?rest_route=\/wp\/v2\/posts\/2335","targetHints":{"allow":["GET"]}}],"collection":[{"href":"https:\/\/site.ac-martinique.fr\/clg-sainteluce\/index.php?rest_route=\/wp\/v2\/posts"}],"about":[{"href":"https:\/\/site.ac-martinique.fr\/clg-sainteluce\/index.php?rest_route=\/wp\/v2\/types\/post"}],"author":[{"embeddable":true,"href":"https:\/\/site.ac-martinique.fr\/clg-sainteluce\/index.php?rest_route=\/wp\/v2\/users\/290"}],"replies":[{"embeddable":true,"href":"https:\/\/site.ac-martinique.fr\/clg-sainteluce\/index.php?rest_route=%2Fwp%2Fv2%2Fcomments&post=2335"}],"version-history":[{"count":2,"href":"https:\/\/site.ac-martinique.fr\/clg-sainteluce\/index.php?rest_route=\/wp\/v2\/posts\/2335\/revisions"}],"predecessor-version":[{"id":2343,"href":"https:\/\/site.ac-martinique.fr\/clg-sainteluce\/index.php?rest_route=\/wp\/v2\/posts\/2335\/revisions\/2343"}],"wp:attachment":[{"href":"https:\/\/site.ac-martinique.fr\/clg-sainteluce\/index.php?rest_route=%2Fwp%2Fv2%2Fmedia&parent=2335"}],"wp:term":[{"taxonomy":"category","embeddable":true,"href":"https:\/\/site.ac-martinique.fr\/clg-sainteluce\/index.php?rest_route=%2Fwp%2Fv2%2Fcategories&post=2335"},{"taxonomy":"post_tag","embeddable":true,"href":"https:\/\/site.ac-martinique.fr\/clg-sainteluce\/index.php?rest_route=%2Fwp%2Fv2%2Ftags&post=2335"}],"curies":[{"name":"wp","href":"https:\/\/api.w.org\/{rel}","templated":true}]}}