{"id":2637,"date":"2025-11-26T09:25:00","date_gmt":"2025-11-26T13:25:00","guid":{"rendered":"https:\/\/site.ac-martinique.fr\/clg-sainteluce\/?p=2637"},"modified":"2025-12-09T09:41:48","modified_gmt":"2025-12-09T13:41:48","slug":"nettoyage-du-littoral","status":"publish","type":"post","link":"https:\/\/site.ac-martinique.fr\/clg-sainteluce\/?p=2637","title":{"rendered":"NETTOYAGE DU LITTORAL"},"content":{"rendered":"\n<p>Ce mercredi matin, les \u00e9l\u00e8ves de 4C avaient organis\u00e9 le nettoyage de la plage de Pont Caf\u00e9, plage qu&rsquo;ils g\u00e8rent dans le cadre de leur Aire Marine Educative. Ils \u00e9taient accompagn\u00e9s pour l&rsquo;occasion des \u00e9co-d\u00e9l\u00e9gu\u00e9s du coll\u00e8ge et de parents d&rsquo;\u00e9l\u00e8ves. Cette action s&rsquo;inscrit dans la Semaine Europ\u00e9enne de R\u00e9duction des D\u00e9chets<\/p>\n\n\n\n<iframe loading=\"lazy\" width=\"560\" height=\"315\" src=\"https:\/\/www.youtube.com\/embed\/skPPkL5a4UY?si=JPJR8SvjS1a8VhLH\" title=\"YouTube video player\" frameborder=\"0\" allow=\"accelerometer; autoplay; clipboard-write; encrypted-media; gyroscope; picture-in-picture; web-share\" referrerpolicy=\"strict-origin-when-cross-origin\" allowfullscreen><\/iframe>\n\n\n\n<p>(SERD) et a pu s&rsquo;organiser gr\u00e2ce \u00e0 l&rsquo;aide mat\u00e9rielle et logistique de la mairie de Sainte-Luce. C&rsquo;est avec \u00e9nergie et enthousiasme qu&rsquo;ils ont ramass\u00e9 152 kg de d\u00e9chets! Une action dont ils peuvent \u00eatre fiers.<\/p>\n\n\n<div class=\"wp-block-image\">\n<figure class=\"aligncenter size-large\"><a href=\"https:\/\/site.ac-martinique.fr\/clg-sainteluce\/wp-content\/uploads\/sites\/65\/2025\/12\/CLGSTL_20251126_AME_NETTOYAGE-LITTORAL.png\"><img loading=\"lazy\" decoding=\"async\" width=\"1024\" height=\"574\" src=\"https:\/\/site.ac-martinique.fr\/clg-sainteluce\/wp-content\/uploads\/sites\/65\/2025\/12\/CLGSTL_20251126_AME_NETTOYAGE-LITTORAL-1024x574.png\" alt=\"\" class=\"wp-image-2638\" srcset=\"https:\/\/site.ac-martinique.fr\/clg-sainteluce\/wp-content\/uploads\/sites\/65\/2025\/12\/CLGSTL_20251126_AME_NETTOYAGE-LITTORAL-1024x574.png 1024w, https:\/\/site.ac-martinique.fr\/clg-sainteluce\/wp-content\/uploads\/sites\/65\/2025\/12\/CLGSTL_20251126_AME_NETTOYAGE-LITTORAL-300x168.png 300w, https:\/\/site.ac-martinique.fr\/clg-sainteluce\/wp-content\/uploads\/sites\/65\/2025\/12\/CLGSTL_20251126_AME_NETTOYAGE-LITTORAL-768x430.png 768w, https:\/\/site.ac-martinique.fr\/clg-sainteluce\/wp-content\/uploads\/sites\/65\/2025\/12\/CLGSTL_20251126_AME_NETTOYAGE-LITTORAL.png 1510w\" sizes=\"auto, (max-width: 1024px) 100vw, 1024px\" \/><\/a><\/figure>\n<\/div>\n\n\n<p><\/p>\n","protected":false},"excerpt":{"rendered":"<p>Ce mercredi matin, les \u00e9l\u00e8ves de 4C avaient organis\u00e9 le nettoyage de la plage de Pont Caf\u00e9, plage qu&rsquo;ils g\u00e8rent dans le cadre de leur Aire Marine Educative. Ils \u00e9taient accompagn\u00e9s pour l&rsquo;occasion des \u00e9co-d\u00e9l\u00e9gu\u00e9s du coll\u00e8ge et de parents d&rsquo;\u00e9l\u00e8ves. Cette action s&rsquo;inscrit dans la Semaine Europ\u00e9enne de R\u00e9duction des D\u00e9chets (SERD) et a &hellip; <a href=\"https:\/\/site.ac-martinique.fr\/clg-sainteluce\/?p=2637\" class=\"more-link\">Continuer la lecture de <span class=\"screen-reader-text\">NETTOYAGE DU LITTORAL<\/span>  <span class=\"meta-nav\">&rarr;<\/span><\/a><\/p>\n","protected":false},"author":156,"featured_media":2638,"comment_status":"closed","ping_status":"open","sticky":false,"template":"","format":"standard","meta":{"footnotes":""},"categories":[158,178],"tags":[181],"class_list":["post-2637","post","type-post","status-publish","format-standard","has-post-thumbnail","hentry","category-4eme","category-ame","tag-a-m-e"],"_links":{"self":[{"href":"https:\/\/site.ac-martinique.fr\/clg-sainteluce\/index.php?rest_route=\/wp\/v2\/posts\/2637","targetHints":{"allow":["GET"]}}],"collection":[{"href":"https:\/\/site.ac-martinique.fr\/clg-sainteluce\/index.php?rest_route=\/wp\/v2\/posts"}],"about":[{"href":"https:\/\/site.ac-martinique.fr\/clg-sainteluce\/index.php?rest_route=\/wp\/v2\/types\/post"}],"author":[{"embeddable":true,"href":"https:\/\/site.ac-martinique.fr\/clg-sainteluce\/index.php?rest_route=\/wp\/v2\/users\/156"}],"replies":[{"embeddable":true,"href":"https:\/\/site.ac-martinique.fr\/clg-sainteluce\/index.php?rest_route=%2Fwp%2Fv2%2Fcomments&post=2637"}],"version-history":[{"count":1,"href":"https:\/\/site.ac-martinique.fr\/clg-sainteluce\/index.php?rest_route=\/wp\/v2\/posts\/2637\/revisions"}],"predecessor-version":[{"id":2639,"href":"https:\/\/site.ac-martinique.fr\/clg-sainteluce\/index.php?rest_route=\/wp\/v2\/posts\/2637\/revisions\/2639"}],"wp:featuredmedia":[{"embeddable":true,"href":"https:\/\/site.ac-martinique.fr\/clg-sainteluce\/index.php?rest_route=\/wp\/v2\/media\/2638"}],"wp:attachment":[{"href":"https:\/\/site.ac-martinique.fr\/clg-sainteluce\/index.php?rest_route=%2Fwp%2Fv2%2Fmedia&parent=2637"}],"wp:term":[{"taxonomy":"category","embeddable":true,"href":"https:\/\/site.ac-martinique.fr\/clg-sainteluce\/index.php?rest_route=%2Fwp%2Fv2%2Fcategories&post=2637"},{"taxonomy":"post_tag","embeddable":true,"href":"https:\/\/site.ac-martinique.fr\/clg-sainteluce\/index.php?rest_route=%2Fwp%2Fv2%2Ftags&post=2637"}],"curies":[{"name":"wp","href":"https:\/\/api.w.org\/{rel}","templated":true}]}}