{"id":2647,"date":"2025-11-18T09:57:37","date_gmt":"2025-11-18T13:57:37","guid":{"rendered":"https:\/\/site.ac-martinique.fr\/clg-sainteluce\/?p=2647"},"modified":"2025-12-10T10:17:23","modified_gmt":"2025-12-10T14:17:23","slug":"festival-en-pays-reve","status":"publish","type":"post","link":"https:\/\/site.ac-martinique.fr\/clg-sainteluce\/?p=2647","title":{"rendered":"Festival en pays r\u00eav\u00e9"},"content":{"rendered":"<div class=\"wp-block-image\">\n<figure class=\"aligncenter size-full\"><a href=\"https:\/\/site.ac-martinique.fr\/clg-sainteluce\/wp-content\/uploads\/sites\/65\/2025\/12\/WhatsApp-Image-2025-11-18-at-17.24.45.jpeg\"><img loading=\"lazy\" decoding=\"async\" width=\"611\" height=\"789\" src=\"https:\/\/site.ac-martinique.fr\/clg-sainteluce\/wp-content\/uploads\/sites\/65\/2025\/12\/WhatsApp-Image-2025-11-18-at-17.24.45.jpeg\" alt=\"\" class=\"wp-image-2648\" srcset=\"https:\/\/site.ac-martinique.fr\/clg-sainteluce\/wp-content\/uploads\/sites\/65\/2025\/12\/WhatsApp-Image-2025-11-18-at-17.24.45.jpeg 611w, https:\/\/site.ac-martinique.fr\/clg-sainteluce\/wp-content\/uploads\/sites\/65\/2025\/12\/WhatsApp-Image-2025-11-18-at-17.24.45-232x300.jpeg 232w\" sizes=\"auto, (max-width: 611px) 100vw, 611px\" \/><\/a><\/figure>\n<\/div>\n\n\n<p>Ce matin mardi 18 Novembre, dans le cadre du Festival en pays r\u00eav\u00e9, l&rsquo;autrice martiniquaise Nicole CAGE est venue \u00e0 la rencontre de nos 3e. Un beau moment d&rsquo;\u00e9changes et de partage autour de la litt\u00e9rature et du m\u00e9tier d&rsquo;\u00e9crivain ! Une culture qui continue \u00e0 se construire pour nos \u00e9l\u00e8ves !<\/p>\n\n\n<div class=\"wp-block-image\">\n<figure class=\"aligncenter size-large\"><a href=\"https:\/\/site.ac-martinique.fr\/clg-sainteluce\/wp-content\/uploads\/sites\/65\/2025\/12\/WhatsApp-Image-2025-11-18-at-17.24.58.jpeg\"><img loading=\"lazy\" decoding=\"async\" width=\"1024\" height=\"759\" src=\"https:\/\/site.ac-martinique.fr\/clg-sainteluce\/wp-content\/uploads\/sites\/65\/2025\/12\/WhatsApp-Image-2025-11-18-at-17.24.58-1024x759.jpeg\" alt=\"\" class=\"wp-image-2649\" srcset=\"https:\/\/site.ac-martinique.fr\/clg-sainteluce\/wp-content\/uploads\/sites\/65\/2025\/12\/WhatsApp-Image-2025-11-18-at-17.24.58-1024x759.jpeg 1024w, https:\/\/site.ac-martinique.fr\/clg-sainteluce\/wp-content\/uploads\/sites\/65\/2025\/12\/WhatsApp-Image-2025-11-18-at-17.24.58-300x222.jpeg 300w, https:\/\/site.ac-martinique.fr\/clg-sainteluce\/wp-content\/uploads\/sites\/65\/2025\/12\/WhatsApp-Image-2025-11-18-at-17.24.58-768x569.jpeg 768w, https:\/\/site.ac-martinique.fr\/clg-sainteluce\/wp-content\/uploads\/sites\/65\/2025\/12\/WhatsApp-Image-2025-11-18-at-17.24.58.jpeg 1052w\" sizes=\"auto, (max-width: 1024px) 100vw, 1024px\" \/><\/a><\/figure>\n<\/div>\n\n\n<figure class=\"wp-block-video aligncenter\"><video height=\"850\" style=\"aspect-ratio: 478 \/ 850;\" width=\"478\" controls src=\"https:\/\/site.ac-martinique.fr\/clg-sainteluce\/wp-content\/uploads\/sites\/65\/2025\/12\/WhatsApp-Video-2025-11-18-at-17.25.17.mp4\"><\/video><figcaption class=\"wp-element-caption\">Nicole CAGE a partag\u00e9 un texte in\u00e9dit avec nos \u00e9l\u00e8ves \u2026en rythme\u2026et en chanson\u2026<\/figcaption><\/figure>\n\n\n\n<figure class=\"wp-block-gallery has-nested-images columns-default is-cropped wp-block-gallery-1 is-layout-flex wp-block-gallery-is-layout-flex\">\n<figure class=\"wp-block-image size-large\"><a href=\"https:\/\/site.ac-martinique.fr\/clg-sainteluce\/wp-content\/uploads\/sites\/65\/2025\/12\/WhatsApp-Image-2025-11-18-at-17.25.29-1.jpeg\"><img loading=\"lazy\" decoding=\"async\" width=\"759\" height=\"1024\" data-id=\"2651\" src=\"https:\/\/site.ac-martinique.fr\/clg-sainteluce\/wp-content\/uploads\/sites\/65\/2025\/12\/WhatsApp-Image-2025-11-18-at-17.25.29-1-759x1024.jpeg\" alt=\"\" class=\"wp-image-2651\" srcset=\"https:\/\/site.ac-martinique.fr\/clg-sainteluce\/wp-content\/uploads\/sites\/65\/2025\/12\/WhatsApp-Image-2025-11-18-at-17.25.29-1-759x1024.jpeg 759w, https:\/\/site.ac-martinique.fr\/clg-sainteluce\/wp-content\/uploads\/sites\/65\/2025\/12\/WhatsApp-Image-2025-11-18-at-17.25.29-1-222x300.jpeg 222w, https:\/\/site.ac-martinique.fr\/clg-sainteluce\/wp-content\/uploads\/sites\/65\/2025\/12\/WhatsApp-Image-2025-11-18-at-17.25.29-1-768x1036.jpeg 768w, https:\/\/site.ac-martinique.fr\/clg-sainteluce\/wp-content\/uploads\/sites\/65\/2025\/12\/WhatsApp-Image-2025-11-18-at-17.25.29-1.jpeg 780w\" sizes=\"auto, (max-width: 759px) 100vw, 759px\" \/><\/a><\/figure>\n\n\n\n<figure class=\"wp-block-image size-large\"><a href=\"https:\/\/site.ac-martinique.fr\/clg-sainteluce\/wp-content\/uploads\/sites\/65\/2025\/12\/WhatsApp-Image-2025-11-18-at-17.25.29.jpeg\"><img loading=\"lazy\" decoding=\"async\" width=\"759\" height=\"1024\" data-id=\"2652\" src=\"https:\/\/site.ac-martinique.fr\/clg-sainteluce\/wp-content\/uploads\/sites\/65\/2025\/12\/WhatsApp-Image-2025-11-18-at-17.25.29-759x1024.jpeg\" alt=\"\" class=\"wp-image-2652\" srcset=\"https:\/\/site.ac-martinique.fr\/clg-sainteluce\/wp-content\/uploads\/sites\/65\/2025\/12\/WhatsApp-Image-2025-11-18-at-17.25.29-759x1024.jpeg 759w, https:\/\/site.ac-martinique.fr\/clg-sainteluce\/wp-content\/uploads\/sites\/65\/2025\/12\/WhatsApp-Image-2025-11-18-at-17.25.29-222x300.jpeg 222w, https:\/\/site.ac-martinique.fr\/clg-sainteluce\/wp-content\/uploads\/sites\/65\/2025\/12\/WhatsApp-Image-2025-11-18-at-17.25.29-768x1036.jpeg 768w, https:\/\/site.ac-martinique.fr\/clg-sainteluce\/wp-content\/uploads\/sites\/65\/2025\/12\/WhatsApp-Image-2025-11-18-at-17.25.29.jpeg 780w\" sizes=\"auto, (max-width: 759px) 100vw, 759px\" \/><\/a><\/figure>\n<\/figure>\n\n\n\n<p>Moment litt\u00e9raire au CDI du coll\u00e8ge entre questions \u00e0 l&rsquo;autrice Nicole CAGE et lectures partag\u00e9es !<\/p>\n\n\n\n<figure class=\"wp-block-gallery has-nested-images columns-default is-cropped wp-block-gallery-2 is-layout-flex wp-block-gallery-is-layout-flex\">\n<figure class=\"wp-block-image size-large\"><a href=\"https:\/\/site.ac-martinique.fr\/clg-sainteluce\/wp-content\/uploads\/sites\/65\/2025\/12\/WhatsApp-Image-2025-11-18-at-17.25.47-1.jpeg\"><img loading=\"lazy\" decoding=\"async\" width=\"759\" height=\"1024\" data-id=\"2653\" src=\"https:\/\/site.ac-martinique.fr\/clg-sainteluce\/wp-content\/uploads\/sites\/65\/2025\/12\/WhatsApp-Image-2025-11-18-at-17.25.47-1-759x1024.jpeg\" alt=\"\" class=\"wp-image-2653\" srcset=\"https:\/\/site.ac-martinique.fr\/clg-sainteluce\/wp-content\/uploads\/sites\/65\/2025\/12\/WhatsApp-Image-2025-11-18-at-17.25.47-1-759x1024.jpeg 759w, https:\/\/site.ac-martinique.fr\/clg-sainteluce\/wp-content\/uploads\/sites\/65\/2025\/12\/WhatsApp-Image-2025-11-18-at-17.25.47-1-222x300.jpeg 222w, https:\/\/site.ac-martinique.fr\/clg-sainteluce\/wp-content\/uploads\/sites\/65\/2025\/12\/WhatsApp-Image-2025-11-18-at-17.25.47-1-768x1036.jpeg 768w, https:\/\/site.ac-martinique.fr\/clg-sainteluce\/wp-content\/uploads\/sites\/65\/2025\/12\/WhatsApp-Image-2025-11-18-at-17.25.47-1.jpeg 780w\" sizes=\"auto, (max-width: 759px) 100vw, 759px\" \/><\/a><\/figure>\n\n\n\n<figure class=\"wp-block-image size-large\"><a href=\"https:\/\/site.ac-martinique.fr\/clg-sainteluce\/wp-content\/uploads\/sites\/65\/2025\/12\/WhatsApp-Image-2025-11-18-at-17.25.47.jpeg\"><img loading=\"lazy\" decoding=\"async\" width=\"1024\" height=\"759\" data-id=\"2655\" src=\"https:\/\/site.ac-martinique.fr\/clg-sainteluce\/wp-content\/uploads\/sites\/65\/2025\/12\/WhatsApp-Image-2025-11-18-at-17.25.47-1024x759.jpeg\" alt=\"\" class=\"wp-image-2655\" srcset=\"https:\/\/site.ac-martinique.fr\/clg-sainteluce\/wp-content\/uploads\/sites\/65\/2025\/12\/WhatsApp-Image-2025-11-18-at-17.25.47-1024x759.jpeg 1024w, https:\/\/site.ac-martinique.fr\/clg-sainteluce\/wp-content\/uploads\/sites\/65\/2025\/12\/WhatsApp-Image-2025-11-18-at-17.25.47-300x222.jpeg 300w, https:\/\/site.ac-martinique.fr\/clg-sainteluce\/wp-content\/uploads\/sites\/65\/2025\/12\/WhatsApp-Image-2025-11-18-at-17.25.47-768x569.jpeg 768w, https:\/\/site.ac-martinique.fr\/clg-sainteluce\/wp-content\/uploads\/sites\/65\/2025\/12\/WhatsApp-Image-2025-11-18-at-17.25.47.jpeg 1052w\" sizes=\"auto, (max-width: 1024px) 100vw, 1024px\" \/><\/a><\/figure>\n\n\n\n<figure class=\"wp-block-image size-large\"><a href=\"https:\/\/site.ac-martinique.fr\/clg-sainteluce\/wp-content\/uploads\/sites\/65\/2025\/12\/WhatsApp-Image-2025-11-18-at-17.25.48.jpeg\"><img loading=\"lazy\" decoding=\"async\" width=\"1024\" height=\"759\" data-id=\"2654\" src=\"https:\/\/site.ac-martinique.fr\/clg-sainteluce\/wp-content\/uploads\/sites\/65\/2025\/12\/WhatsApp-Image-2025-11-18-at-17.25.48-1024x759.jpeg\" alt=\"\" class=\"wp-image-2654\" srcset=\"https:\/\/site.ac-martinique.fr\/clg-sainteluce\/wp-content\/uploads\/sites\/65\/2025\/12\/WhatsApp-Image-2025-11-18-at-17.25.48-1024x759.jpeg 1024w, https:\/\/site.ac-martinique.fr\/clg-sainteluce\/wp-content\/uploads\/sites\/65\/2025\/12\/WhatsApp-Image-2025-11-18-at-17.25.48-300x222.jpeg 300w, https:\/\/site.ac-martinique.fr\/clg-sainteluce\/wp-content\/uploads\/sites\/65\/2025\/12\/WhatsApp-Image-2025-11-18-at-17.25.48-768x569.jpeg 768w, https:\/\/site.ac-martinique.fr\/clg-sainteluce\/wp-content\/uploads\/sites\/65\/2025\/12\/WhatsApp-Image-2025-11-18-at-17.25.48.jpeg 1052w\" sizes=\"auto, (max-width: 1024px) 100vw, 1024px\" \/><\/a><\/figure>\n<\/figure>\n\n\n\n<figure class=\"wp-block-video aligncenter\"><video height=\"850\" style=\"aspect-ratio: 478 \/ 850;\" width=\"478\" controls src=\"https:\/\/site.ac-martinique.fr\/clg-sainteluce\/wp-content\/uploads\/sites\/65\/2025\/12\/WhatsApp-Video-2025-11-18-at-17.26.24.mp4\"><\/video><figcaption class=\"wp-element-caption\">Une exp\u00e9rience culturelle riche d&rsquo;enseignement pour nos \u00e9l\u00e8ves de 3e !<\/figcaption><\/figure>\n\n\n\n<p>Atelier d&rsquo;\u00e9criture avec l&rsquo;autrice Nicole CAGE : aux \u00e9l\u00e8ves d&rsquo;\u00e9crire \u2026 en musique \u2026et avec un objet de leur choix\u2026<\/p>\n\n\n\n<figure class=\"wp-block-gallery has-nested-images columns-default is-cropped wp-block-gallery-3 is-layout-flex wp-block-gallery-is-layout-flex\">\n<figure class=\"wp-block-image size-large\"><a href=\"https:\/\/site.ac-martinique.fr\/clg-sainteluce\/wp-content\/uploads\/sites\/65\/2025\/12\/WhatsApp-Image-2025-11-18-at-17.26.47-1.jpeg\"><img loading=\"lazy\" decoding=\"async\" width=\"1024\" height=\"760\" data-id=\"2657\" src=\"https:\/\/site.ac-martinique.fr\/clg-sainteluce\/wp-content\/uploads\/sites\/65\/2025\/12\/WhatsApp-Image-2025-11-18-at-17.26.47-1-1024x760.jpeg\" alt=\"\" class=\"wp-image-2657\" srcset=\"https:\/\/site.ac-martinique.fr\/clg-sainteluce\/wp-content\/uploads\/sites\/65\/2025\/12\/WhatsApp-Image-2025-11-18-at-17.26.47-1-1024x760.jpeg 1024w, https:\/\/site.ac-martinique.fr\/clg-sainteluce\/wp-content\/uploads\/sites\/65\/2025\/12\/WhatsApp-Image-2025-11-18-at-17.26.47-1-300x223.jpeg 300w, https:\/\/site.ac-martinique.fr\/clg-sainteluce\/wp-content\/uploads\/sites\/65\/2025\/12\/WhatsApp-Image-2025-11-18-at-17.26.47-1-768x570.jpeg 768w, https:\/\/site.ac-martinique.fr\/clg-sainteluce\/wp-content\/uploads\/sites\/65\/2025\/12\/WhatsApp-Image-2025-11-18-at-17.26.47-1-1536x1139.jpeg 1536w, https:\/\/site.ac-martinique.fr\/clg-sainteluce\/wp-content\/uploads\/sites\/65\/2025\/12\/WhatsApp-Image-2025-11-18-at-17.26.47-1.jpeg 1599w\" sizes=\"auto, (max-width: 1024px) 100vw, 1024px\" \/><\/a><\/figure>\n\n\n\n<figure class=\"wp-block-image size-large\"><a href=\"https:\/\/site.ac-martinique.fr\/clg-sainteluce\/wp-content\/uploads\/sites\/65\/2025\/12\/WhatsApp-Image-2025-11-18-at-17.26.47.jpeg\"><img loading=\"lazy\" decoding=\"async\" width=\"1024\" height=\"760\" data-id=\"2658\" src=\"https:\/\/site.ac-martinique.fr\/clg-sainteluce\/wp-content\/uploads\/sites\/65\/2025\/12\/WhatsApp-Image-2025-11-18-at-17.26.47-1024x760.jpeg\" alt=\"\" class=\"wp-image-2658\" srcset=\"https:\/\/site.ac-martinique.fr\/clg-sainteluce\/wp-content\/uploads\/sites\/65\/2025\/12\/WhatsApp-Image-2025-11-18-at-17.26.47-1024x760.jpeg 1024w, https:\/\/site.ac-martinique.fr\/clg-sainteluce\/wp-content\/uploads\/sites\/65\/2025\/12\/WhatsApp-Image-2025-11-18-at-17.26.47-300x223.jpeg 300w, https:\/\/site.ac-martinique.fr\/clg-sainteluce\/wp-content\/uploads\/sites\/65\/2025\/12\/WhatsApp-Image-2025-11-18-at-17.26.47-768x570.jpeg 768w, https:\/\/site.ac-martinique.fr\/clg-sainteluce\/wp-content\/uploads\/sites\/65\/2025\/12\/WhatsApp-Image-2025-11-18-at-17.26.47-1536x1139.jpeg 1536w, https:\/\/site.ac-martinique.fr\/clg-sainteluce\/wp-content\/uploads\/sites\/65\/2025\/12\/WhatsApp-Image-2025-11-18-at-17.26.47.jpeg 1599w\" sizes=\"auto, (max-width: 1024px) 100vw, 1024px\" \/><\/a><\/figure>\n\n\n\n<figure class=\"wp-block-image size-large\"><a href=\"https:\/\/site.ac-martinique.fr\/clg-sainteluce\/wp-content\/uploads\/sites\/65\/2025\/12\/WhatsApp-Image-2025-11-18-at-17.27.30.jpeg\"><img loading=\"lazy\" decoding=\"async\" width=\"759\" height=\"1024\" data-id=\"2659\" src=\"https:\/\/site.ac-martinique.fr\/clg-sainteluce\/wp-content\/uploads\/sites\/65\/2025\/12\/WhatsApp-Image-2025-11-18-at-17.27.30-759x1024.jpeg\" alt=\"\" class=\"wp-image-2659\" srcset=\"https:\/\/site.ac-martinique.fr\/clg-sainteluce\/wp-content\/uploads\/sites\/65\/2025\/12\/WhatsApp-Image-2025-11-18-at-17.27.30-759x1024.jpeg 759w, https:\/\/site.ac-martinique.fr\/clg-sainteluce\/wp-content\/uploads\/sites\/65\/2025\/12\/WhatsApp-Image-2025-11-18-at-17.27.30-222x300.jpeg 222w, https:\/\/site.ac-martinique.fr\/clg-sainteluce\/wp-content\/uploads\/sites\/65\/2025\/12\/WhatsApp-Image-2025-11-18-at-17.27.30-768x1036.jpeg 768w, https:\/\/site.ac-martinique.fr\/clg-sainteluce\/wp-content\/uploads\/sites\/65\/2025\/12\/WhatsApp-Image-2025-11-18-at-17.27.30.jpeg 780w\" sizes=\"auto, (max-width: 759px) 100vw, 759px\" \/><\/a><\/figure>\n<\/figure>\n\n\n\n<p><\/p>\n","protected":false},"excerpt":{"rendered":"<p>Ce matin mardi 18 Novembre, dans le cadre du Festival en pays r\u00eav\u00e9, l&rsquo;autrice martiniquaise Nicole CAGE est venue \u00e0 la rencontre de nos 3e. Un beau moment d&rsquo;\u00e9changes et de partage autour de la litt\u00e9rature et du m\u00e9tier d&rsquo;\u00e9crivain ! Une culture qui continue \u00e0 se construire pour nos \u00e9l\u00e8ves ! Moment litt\u00e9raire au &hellip; <a href=\"https:\/\/site.ac-martinique.fr\/clg-sainteluce\/?p=2647\" class=\"more-link\">Continuer la lecture de <span class=\"screen-reader-text\">Festival en pays r\u00eav\u00e9<\/span>  <span class=\"meta-nav\">&rarr;<\/span><\/a><\/p>\n","protected":false},"author":290,"featured_media":2654,"comment_status":"closed","ping_status":"open","sticky":false,"template":"","format":"standard","meta":{"footnotes":""},"categories":[152,129,175,151],"tags":[],"class_list":["post-2647","post","type-post","status-publish","format-standard","has-post-thumbnail","hentry","category-3eme","category-c-d-i","category-culture","category-francais-2"],"_links":{"self":[{"href":"https:\/\/site.ac-martinique.fr\/clg-sainteluce\/index.php?rest_route=\/wp\/v2\/posts\/2647","targetHints":{"allow":["GET"]}}],"collection":[{"href":"https:\/\/site.ac-martinique.fr\/clg-sainteluce\/index.php?rest_route=\/wp\/v2\/posts"}],"about":[{"href":"https:\/\/site.ac-martinique.fr\/clg-sainteluce\/index.php?rest_route=\/wp\/v2\/types\/post"}],"author":[{"embeddable":true,"href":"https:\/\/site.ac-martinique.fr\/clg-sainteluce\/index.php?rest_route=\/wp\/v2\/users\/290"}],"replies":[{"embeddable":true,"href":"https:\/\/site.ac-martinique.fr\/clg-sainteluce\/index.php?rest_route=%2Fwp%2Fv2%2Fcomments&post=2647"}],"version-history":[{"count":1,"href":"https:\/\/site.ac-martinique.fr\/clg-sainteluce\/index.php?rest_route=\/wp\/v2\/posts\/2647\/revisions"}],"predecessor-version":[{"id":2660,"href":"https:\/\/site.ac-martinique.fr\/clg-sainteluce\/index.php?rest_route=\/wp\/v2\/posts\/2647\/revisions\/2660"}],"wp:featuredmedia":[{"embeddable":true,"href":"https:\/\/site.ac-martinique.fr\/clg-sainteluce\/index.php?rest_route=\/wp\/v2\/media\/2654"}],"wp:attachment":[{"href":"https:\/\/site.ac-martinique.fr\/clg-sainteluce\/index.php?rest_route=%2Fwp%2Fv2%2Fmedia&parent=2647"}],"wp:term":[{"taxonomy":"category","embeddable":true,"href":"https:\/\/site.ac-martinique.fr\/clg-sainteluce\/index.php?rest_route=%2Fwp%2Fv2%2Fcategories&post=2647"},{"taxonomy":"post_tag","embeddable":true,"href":"https:\/\/site.ac-martinique.fr\/clg-sainteluce\/index.php?rest_route=%2Fwp%2Fv2%2Ftags&post=2647"}],"curies":[{"name":"wp","href":"https:\/\/api.w.org\/{rel}","templated":true}]}}