{"id":2743,"date":"2026-04-23T13:17:45","date_gmt":"2026-04-23T17:17:45","guid":{"rendered":"https:\/\/site.ac-martinique.fr\/clg-sainteluce\/?p=2743"},"modified":"2026-04-29T15:10:11","modified_gmt":"2026-04-29T19:10:11","slug":"2743","status":"publish","type":"post","link":"https:\/\/site.ac-martinique.fr\/clg-sainteluce\/?p=2743","title":{"rendered":"L&rsquo;AVARE &#8211; SORTIE TH\u00c9\u00c2TRE"},"content":{"rendered":"\n<figure class=\"wp-block-image size-full\"><a href=\"https:\/\/site.ac-martinique.fr\/clg-sainteluce\/wp-content\/uploads\/sites\/65\/2026\/04\/WhatsApp-Image-2026-04-23-at-17.18.22.jpeg\"><img loading=\"lazy\" decoding=\"async\" width=\"720\" height=\"731\" src=\"https:\/\/site.ac-martinique.fr\/clg-sainteluce\/wp-content\/uploads\/sites\/65\/2026\/04\/WhatsApp-Image-2026-04-23-at-17.18.22.jpeg\" alt=\"\" class=\"wp-image-2744\" srcset=\"https:\/\/site.ac-martinique.fr\/clg-sainteluce\/wp-content\/uploads\/sites\/65\/2026\/04\/WhatsApp-Image-2026-04-23-at-17.18.22.jpeg 720w, https:\/\/site.ac-martinique.fr\/clg-sainteluce\/wp-content\/uploads\/sites\/65\/2026\/04\/WhatsApp-Image-2026-04-23-at-17.18.22-295x300.jpeg 295w\" sizes=\"auto, (max-width: 720px) 100vw, 720px\" \/><\/a><\/figure>\n\n\n\n<p>Les 5e du coll\u00e8ge de Sainte-Luce \u00e0 Tropiques Atrium ce jeudi 23 Avril pour d\u00e9couvrir \u00ab\u00a0L&rsquo;Avare\u00a0\u00bb de Moli\u00e8re mise en sc\u00e8ne par Cl\u00e9ment Poir\u00e9e dans le cadre du Parcours \u00c9ducation Artistique et Culturelle.<\/p>\n\n\n\n<figure class=\"wp-block-image size-large\"><a href=\"https:\/\/site.ac-martinique.fr\/clg-sainteluce\/wp-content\/uploads\/sites\/65\/2026\/04\/CLGSTL_AVARE.jpeg\"><img loading=\"lazy\" decoding=\"async\" width=\"1024\" height=\"760\" src=\"https:\/\/site.ac-martinique.fr\/clg-sainteluce\/wp-content\/uploads\/sites\/65\/2026\/04\/CLGSTL_AVARE-1024x760.jpeg\" alt=\"\" class=\"wp-image-2745\" srcset=\"https:\/\/site.ac-martinique.fr\/clg-sainteluce\/wp-content\/uploads\/sites\/65\/2026\/04\/CLGSTL_AVARE-1024x760.jpeg 1024w, https:\/\/site.ac-martinique.fr\/clg-sainteluce\/wp-content\/uploads\/sites\/65\/2026\/04\/CLGSTL_AVARE-300x223.jpeg 300w, https:\/\/site.ac-martinique.fr\/clg-sainteluce\/wp-content\/uploads\/sites\/65\/2026\/04\/CLGSTL_AVARE-768x570.jpeg 768w, https:\/\/site.ac-martinique.fr\/clg-sainteluce\/wp-content\/uploads\/sites\/65\/2026\/04\/CLGSTL_AVARE-1536x1139.jpeg 1536w, https:\/\/site.ac-martinique.fr\/clg-sainteluce\/wp-content\/uploads\/sites\/65\/2026\/04\/CLGSTL_AVARE.jpeg 1599w\" sizes=\"auto, (max-width: 1024px) 100vw, 1024px\" \/><\/a><\/figure>\n\n\n\n<p>Il s&rsquo;agit d&rsquo;une pi\u00e8ce de th\u00e9\u00e2tre participative construite \u00e0 chaque repr\u00e9sentation \u00e0 partir des dons des spectateurs, et notamment des dons des \u00e9l\u00e8ves qui sont ensuite confi\u00e9s \u00e0 l&rsquo;association l&rsquo;Acise. Une belle d\u00e9couverte pour nos \u00e9l\u00e8ves d&rsquo;un classique de la litt\u00e9rature fran\u00e7aise revisit\u00e9 avec modernit\u00e9 en m\u00ealant l&rsquo;improvisation des costumes et accessoires au texte original de Moli\u00e8re.<\/p>\n\n\n\n<iframe loading=\"lazy\" width=\"560\" height=\"315\" src=\"https:\/\/www.youtube.com\/embed\/lEBg4BaCFCY?si=t1T8eJOEZo_-buOm\" title=\"YouTube video player\" frameborder=\"0\" allow=\"accelerometer; autoplay; clipboard-write; encrypted-media; gyroscope; picture-in-picture; web-share\" referrerpolicy=\"strict-origin-when-cross-origin\" allowfullscreen><\/iframe>\n\n\n\n<p>Nos \u00e9l\u00e8ves ont eu ensuite la chance d&rsquo;\u00e9changer directement avec le metteur en sc\u00e8ne Cl\u00e9ment Poir\u00e9e dont les choix originaux de mise en sc\u00e8ne brisent le 4e mur entre les artistes sur sc\u00e8ne et les spectateurs. Un beau moment th\u00e9\u00e2tral, amusant, instructif et inspirant pour nos \u00e9l\u00e8ves !<\/p>\n","protected":false},"excerpt":{"rendered":"<p>Les 5e du coll\u00e8ge de Sainte-Luce \u00e0 Tropiques Atrium ce jeudi 23 Avril pour d\u00e9couvrir \u00ab\u00a0L&rsquo;Avare\u00a0\u00bb de Moli\u00e8re mise en sc\u00e8ne par Cl\u00e9ment Poir\u00e9e dans le cadre du Parcours \u00c9ducation Artistique et Culturelle. Il s&rsquo;agit d&rsquo;une pi\u00e8ce de th\u00e9\u00e2tre participative construite \u00e0 chaque repr\u00e9sentation \u00e0 partir des dons des spectateurs, et notamment des dons des &hellip; <a href=\"https:\/\/site.ac-martinique.fr\/clg-sainteluce\/?p=2743\" class=\"more-link\">Continuer la lecture de <span class=\"screen-reader-text\">L&rsquo;AVARE &#8211; SORTIE TH\u00c9\u00c2TRE<\/span>  <span class=\"meta-nav\">&rarr;<\/span><\/a><\/p>\n","protected":false},"author":156,"featured_media":2745,"comment_status":"closed","ping_status":"open","sticky":false,"template":"","format":"standard","meta":{"footnotes":""},"categories":[1],"tags":[],"class_list":["post-2743","post","type-post","status-publish","format-standard","has-post-thumbnail","hentry","category-non-classe"],"_links":{"self":[{"href":"https:\/\/site.ac-martinique.fr\/clg-sainteluce\/index.php?rest_route=\/wp\/v2\/posts\/2743","targetHints":{"allow":["GET"]}}],"collection":[{"href":"https:\/\/site.ac-martinique.fr\/clg-sainteluce\/index.php?rest_route=\/wp\/v2\/posts"}],"about":[{"href":"https:\/\/site.ac-martinique.fr\/clg-sainteluce\/index.php?rest_route=\/wp\/v2\/types\/post"}],"author":[{"embeddable":true,"href":"https:\/\/site.ac-martinique.fr\/clg-sainteluce\/index.php?rest_route=\/wp\/v2\/users\/156"}],"replies":[{"embeddable":true,"href":"https:\/\/site.ac-martinique.fr\/clg-sainteluce\/index.php?rest_route=%2Fwp%2Fv2%2Fcomments&post=2743"}],"version-history":[{"count":2,"href":"https:\/\/site.ac-martinique.fr\/clg-sainteluce\/index.php?rest_route=\/wp\/v2\/posts\/2743\/revisions"}],"predecessor-version":[{"id":2748,"href":"https:\/\/site.ac-martinique.fr\/clg-sainteluce\/index.php?rest_route=\/wp\/v2\/posts\/2743\/revisions\/2748"}],"wp:featuredmedia":[{"embeddable":true,"href":"https:\/\/site.ac-martinique.fr\/clg-sainteluce\/index.php?rest_route=\/wp\/v2\/media\/2745"}],"wp:attachment":[{"href":"https:\/\/site.ac-martinique.fr\/clg-sainteluce\/index.php?rest_route=%2Fwp%2Fv2%2Fmedia&parent=2743"}],"wp:term":[{"taxonomy":"category","embeddable":true,"href":"https:\/\/site.ac-martinique.fr\/clg-sainteluce\/index.php?rest_route=%2Fwp%2Fv2%2Fcategories&post=2743"},{"taxonomy":"post_tag","embeddable":true,"href":"https:\/\/site.ac-martinique.fr\/clg-sainteluce\/index.php?rest_route=%2Fwp%2Fv2%2Ftags&post=2743"}],"curies":[{"name":"wp","href":"https:\/\/api.w.org\/{rel}","templated":true}]}}