{"id":489,"date":"2015-09-04T04:06:41","date_gmt":"2015-09-04T03:06:41","guid":{"rendered":"\/clg-sainteluce\/?p=489"},"modified":"2015-09-04T04:06:41","modified_gmt":"2015-09-04T03:06:41","slug":"preparation-du-sejour-linguistique-au-portugal","status":"publish","type":"post","link":"https:\/\/site.ac-martinique.fr\/clg-sainteluce\/?p=489","title":{"rendered":"PR\u00c9PARATION DU S\u00c9JOUR LINGUISTIQUE AU PORTUGAL"},"content":{"rendered":"<p><a href=\"\/clg-sainteluce\/wp-content\/uploads\/sites\/65\/2015\/09\/DSCN1010.jpg\"><img loading=\"lazy\" decoding=\"async\" class=\"aligncenter size-full wp-image-433\" src=\"\/clg-sainteluce\/wp-content\/uploads\/sites\/65\/2015\/09\/DSCN1010.jpg\" alt=\"DSCN1010\" width=\"886\" height=\"665\" srcset=\"https:\/\/site.ac-martinique.fr\/clg-sainteluce\/wp-content\/uploads\/sites\/65\/2015\/09\/DSCN1010.jpg 886w, https:\/\/site.ac-martinique.fr\/clg-sainteluce\/wp-content\/uploads\/sites\/65\/2015\/09\/DSCN1010-300x225.jpg 300w\" sizes=\"auto, (max-width: 886px) 100vw, 886px\" \/><\/a>Ci dessus, le stand de vente de p\u00e2tisseries et sucreries dans le cadre du s\u00e9jour linguistique \u00e0 Porto pr\u00e9vu pour\u00a0Mai 2016 par les \u00e9l\u00e8ves de 3\u00e8me de la division \u00ab\u00a0portugais\u00a0\u00bb. D&rsquo;autres actions seront mises en place durant l&rsquo;ann\u00e9e scolaire afin de financer le s\u00e9jour! Grand merci \u00e0 tous ceux qui soutiennent\u00a0ce\u00a0projet.<\/p>\n","protected":false},"excerpt":{"rendered":"<p>Ci dessus, le stand de vente de p\u00e2tisseries et sucreries dans le cadre du s\u00e9jour linguistique \u00e0 Porto pr\u00e9vu pour\u00a0Mai 2016 par les \u00e9l\u00e8ves de 3\u00e8me de la division \u00ab\u00a0portugais\u00a0\u00bb. D&rsquo;autres actions seront mises en place durant l&rsquo;ann\u00e9e scolaire afin de financer le s\u00e9jour! Grand merci \u00e0 tous ceux qui soutiennent\u00a0ce\u00a0projet.<\/p>\n","protected":false},"author":157,"featured_media":0,"comment_status":"closed","ping_status":"open","sticky":false,"template":"","format":"standard","meta":{"footnotes":""},"categories":[41],"tags":[51,52,42],"class_list":["post-489","post","type-post","status-publish","format-standard","hentry","category-langues-vivantes","tag-porto","tag-portugal","tag-sejour-linguistique"],"_links":{"self":[{"href":"https:\/\/site.ac-martinique.fr\/clg-sainteluce\/index.php?rest_route=\/wp\/v2\/posts\/489","targetHints":{"allow":["GET"]}}],"collection":[{"href":"https:\/\/site.ac-martinique.fr\/clg-sainteluce\/index.php?rest_route=\/wp\/v2\/posts"}],"about":[{"href":"https:\/\/site.ac-martinique.fr\/clg-sainteluce\/index.php?rest_route=\/wp\/v2\/types\/post"}],"author":[{"embeddable":true,"href":"https:\/\/site.ac-martinique.fr\/clg-sainteluce\/index.php?rest_route=\/wp\/v2\/users\/157"}],"replies":[{"embeddable":true,"href":"https:\/\/site.ac-martinique.fr\/clg-sainteluce\/index.php?rest_route=%2Fwp%2Fv2%2Fcomments&post=489"}],"version-history":[{"count":1,"href":"https:\/\/site.ac-martinique.fr\/clg-sainteluce\/index.php?rest_route=\/wp\/v2\/posts\/489\/revisions"}],"predecessor-version":[{"id":492,"href":"https:\/\/site.ac-martinique.fr\/clg-sainteluce\/index.php?rest_route=\/wp\/v2\/posts\/489\/revisions\/492"}],"wp:attachment":[{"href":"https:\/\/site.ac-martinique.fr\/clg-sainteluce\/index.php?rest_route=%2Fwp%2Fv2%2Fmedia&parent=489"}],"wp:term":[{"taxonomy":"category","embeddable":true,"href":"https:\/\/site.ac-martinique.fr\/clg-sainteluce\/index.php?rest_route=%2Fwp%2Fv2%2Fcategories&post=489"},{"taxonomy":"post_tag","embeddable":true,"href":"https:\/\/site.ac-martinique.fr\/clg-sainteluce\/index.php?rest_route=%2Fwp%2Fv2%2Ftags&post=489"}],"curies":[{"name":"wp","href":"https:\/\/api.w.org\/{rel}","templated":true}]}}