{"id":2433,"date":"2021-09-17T13:59:02","date_gmt":"2021-09-17T17:59:02","guid":{"rendered":"https:\/\/site.ac-martinique.fr\/clg-suzanneroussicesaire\/?p=2433"},"modified":"2021-09-17T13:59:02","modified_gmt":"2021-09-17T17:59:02","slug":"reunion-dinformation-des-parents-deleves-rentree-2021-2022","status":"publish","type":"post","link":"https:\/\/site.ac-martinique.fr\/clg-suzanneroussicesaire\/?p=2433","title":{"rendered":"R\u00e9union d&#8217;information des parents d&#8217;\u00e9l\u00e8ves rentr\u00e9e 2021-2022"},"content":{"rendered":"\n<p>En pi\u00e8ce jointe la note concernant la r\u00e9union d&#8217;information des parents <\/p>\n\n\n\n<div class=\"wp-block-file\"><a href=\"https:\/\/site.ac-martinique.fr\/clg-suzanneroussicesaire\/wp-content\/uploads\/sites\/44\/2021\/09\/Note-aux-parents-Reunion-generale-de-rentree.pdf\">Note-aux-parents-Reunion-generale-de-rentree<\/a><a href=\"https:\/\/site.ac-martinique.fr\/clg-suzanneroussicesaire\/wp-content\/uploads\/sites\/44\/2021\/09\/Note-aux-parents-Reunion-generale-de-rentree.pdf\" class=\"wp-block-file__button\" download>T\u00e9l\u00e9charger<\/a><\/div>\n","protected":false},"excerpt":{"rendered":"<p>En pi\u00e8ce jointe la note concernant la r\u00e9union d&#8217;information des parents<\/p>\n","protected":false},"author":107,"featured_media":0,"comment_status":"closed","ping_status":"open","sticky":false,"template":"","format":"standard","meta":{"footnotes":""},"categories":[1],"tags":[],"class_list":["post-2433","post","type-post","status-publish","format-standard","hentry","category-non-classe","has_no_thumb"],"_links":{"self":[{"href":"https:\/\/site.ac-martinique.fr\/clg-suzanneroussicesaire\/index.php?rest_route=\/wp\/v2\/posts\/2433","targetHints":{"allow":["GET"]}}],"collection":[{"href":"https:\/\/site.ac-martinique.fr\/clg-suzanneroussicesaire\/index.php?rest_route=\/wp\/v2\/posts"}],"about":[{"href":"https:\/\/site.ac-martinique.fr\/clg-suzanneroussicesaire\/index.php?rest_route=\/wp\/v2\/types\/post"}],"author":[{"embeddable":true,"href":"https:\/\/site.ac-martinique.fr\/clg-suzanneroussicesaire\/index.php?rest_route=\/wp\/v2\/users\/107"}],"replies":[{"embeddable":true,"href":"https:\/\/site.ac-martinique.fr\/clg-suzanneroussicesaire\/index.php?rest_route=%2Fwp%2Fv2%2Fcomments&post=2433"}],"version-history":[{"count":1,"href":"https:\/\/site.ac-martinique.fr\/clg-suzanneroussicesaire\/index.php?rest_route=\/wp\/v2\/posts\/2433\/revisions"}],"predecessor-version":[{"id":2435,"href":"https:\/\/site.ac-martinique.fr\/clg-suzanneroussicesaire\/index.php?rest_route=\/wp\/v2\/posts\/2433\/revisions\/2435"}],"wp:attachment":[{"href":"https:\/\/site.ac-martinique.fr\/clg-suzanneroussicesaire\/index.php?rest_route=%2Fwp%2Fv2%2Fmedia&parent=2433"}],"wp:term":[{"taxonomy":"category","embeddable":true,"href":"https:\/\/site.ac-martinique.fr\/clg-suzanneroussicesaire\/index.php?rest_route=%2Fwp%2Fv2%2Fcategories&post=2433"},{"taxonomy":"post_tag","embeddable":true,"href":"https:\/\/site.ac-martinique.fr\/clg-suzanneroussicesaire\/index.php?rest_route=%2Fwp%2Fv2%2Ftags&post=2433"}],"curies":[{"name":"wp","href":"https:\/\/api.w.org\/{rel}","templated":true}]}}