{"id":1187,"date":"2023-02-04T00:15:13","date_gmt":"2023-02-03T23:15:13","guid":{"rendered":"https:\/\/site.ac-martinique.fr\/clg-terreville\/?p=1187"},"modified":"2023-03-02T05:57:00","modified_gmt":"2023-03-02T04:57:00","slug":"actualites-mois-de-fevrier-2023","status":"publish","type":"post","link":"https:\/\/site.ac-martinique.fr\/clg-terreville\/?p=1187","title":{"rendered":"ACTUALITES MOIS DE FEVRIER 2023"},"content":{"rendered":"\n<figure class=\"wp-block-image size-large is-resized is-style-tw-shadow\"><img loading=\"lazy\" decoding=\"async\" src=\"https:\/\/site.ac-martinique.fr\/clg-terreville\/wp-content\/uploads\/sites\/90\/2023\/03\/sjj-affiche-724x1024.jpg\" alt=\"\" class=\"wp-image-1239\" width=\"749\" height=\"1059\" srcset=\"https:\/\/site.ac-martinique.fr\/clg-terreville\/wp-content\/uploads\/sites\/90\/2023\/03\/sjj-affiche-724x1024.jpg 724w, https:\/\/site.ac-martinique.fr\/clg-terreville\/wp-content\/uploads\/sites\/90\/2023\/03\/sjj-affiche-212x300.jpg 212w, https:\/\/site.ac-martinique.fr\/clg-terreville\/wp-content\/uploads\/sites\/90\/2023\/03\/sjj-affiche-768x1086.jpg 768w, https:\/\/site.ac-martinique.fr\/clg-terreville\/wp-content\/uploads\/sites\/90\/2023\/03\/sjj-affiche-1086x1536.jpg 1086w, https:\/\/site.ac-martinique.fr\/clg-terreville\/wp-content\/uploads\/sites\/90\/2023\/03\/sjj-affiche-750x1061.jpg 750w, https:\/\/site.ac-martinique.fr\/clg-terreville\/wp-content\/uploads\/sites\/90\/2023\/03\/sjj-affiche.jpg 1240w\" sizes=\"auto, (max-width: 749px) 100vw, 749px\" \/><\/figure>\n\n\n\n<figure class=\"wp-block-video\"><video height=\"1080\" style=\"aspect-ratio: 1920 \/ 1080;\" width=\"1920\" controls src=\"https:\/\/site.ac-martinique.fr\/clg-terreville\/wp-content\/uploads\/sites\/90\/2023\/03\/RENCONTRE-SIMON-JEAN-JOSEPH.mp4\"><\/video><\/figure>\n\n\n\n<h2 class=\"wp-block-heading\"><mark style=\"background-color:rgba(0, 0, 0, 0);color:#075f92\" class=\"has-inline-color\">Le permis moto au coll\u00e8ge, c&rsquo;est possible<\/mark><\/h2>\n\n\n\n<figure class=\"wp-block-image size-large is-resized is-style-tw-shadow\"><img loading=\"lazy\" decoding=\"async\" src=\"https:\/\/site.ac-martinique.fr\/clg-terreville\/wp-content\/uploads\/sites\/90\/2023\/02\/PERMIS-MOTO-538x1024.jpg\" alt=\"\" class=\"wp-image-1205\" width=\"751\" height=\"1429\" srcset=\"https:\/\/site.ac-martinique.fr\/clg-terreville\/wp-content\/uploads\/sites\/90\/2023\/02\/PERMIS-MOTO-538x1024.jpg 538w, https:\/\/site.ac-martinique.fr\/clg-terreville\/wp-content\/uploads\/sites\/90\/2023\/02\/PERMIS-MOTO-157x300.jpg 157w\" sizes=\"auto, (max-width: 751px) 100vw, 751px\" \/><\/figure>\n\n\n\n<figure class=\"wp-block-video\"><video height=\"432\" style=\"aspect-ratio: 640 \/ 432;\" width=\"640\" controls src=\"https:\/\/site.ac-martinique.fr\/clg-terreville\/wp-content\/uploads\/sites\/90\/2023\/02\/Les-motards-de-Terreville.mp4\"><\/video><\/figure>\n\n\n\n<h2 class=\"wp-block-heading\"><mark style=\"background-color:rgba(0, 0, 0, 0);color:#076499\" class=\"has-inline-color\">La Journ\u00e9e mondiale des zones humides<\/mark><\/h2>\n\n\n\n<div class=\"wp-block-columns is-layout-flex wp-container-core-columns-is-layout-abceabcf wp-block-columns-is-layout-flex\">\n<div class=\"wp-block-column is-layout-flow wp-block-column-is-layout-flow\" style=\"--col-width:66.66%;flex-basis:66.66%\">\n<h3 class=\"wp-block-heading\"><mark style=\"background-color:rgba(0, 0, 0, 0)\" class=\"has-inline-color has-vivid-purple-color\">La JMZH<\/mark><\/h3>\n\n\n\n<p class=\"has-text-align-left\">Chaque ann\u00e9e, la Journ\u00e9e mondiale des zones humides est fix\u00e9e au 2 f\u00e9vrier. \u00ab&nbsp;<a href=\"http:\/\/www.zones-humides.org\/theme-de-la-journee-mondiale-des-zones-humides\"><strong>Il est urgent de restaurer les zones humides <\/strong><\/a>\u00bb est le th\u00e8me choisi pour l&rsquo;\u00e9dition 2023. Il  rappelle que les zones humides continuent de disparaitre partout dans le monde alors qu\u2019il s\u2019agit d\u2019un des \u00e9cosyst\u00e8mes les plus utiles pour r\u00e9pondre aux crises du climat, de l\u2019eau et de la biodiversit\u00e9 que nous traversons.<\/p>\n\n\n\n<p class=\"has-text-align-left\">Au coll\u00e8ge, la classe de 5e2 a eu la chance de pouvoir se rendre sur le site de la For\u00eat Vatable et partir en bateau \u00e0 la visite des  \u00eelets et de la mangrove des Trois Ilets. Des ateliers anim\u00e9s par l&rsquo;\u00e9quipe de l&rsquo;ODE et du PNRM ont rythm\u00e9 la journ\u00e9e et sensibilis\u00e9 nos jeunes \u00e0 l&rsquo;\u00e9cosyst\u00e8me.<\/p>\n\n\n\n<p class=\"has-text-align-left\">Une belle initiative qui permettra aux \u00e9l\u00e8ves d&rsquo;aborder un travail d\u2019\u00e9criture avec leur professeur de fran\u00e7ais Mme Littr\u00e9, responsable du projet.<\/p>\n\n\n\n<figure class=\"wp-block-image size-large is-resized is-style-tw-shadow\"><img loading=\"lazy\" decoding=\"async\" src=\"https:\/\/site.ac-martinique.fr\/clg-terreville\/wp-content\/uploads\/sites\/90\/2023\/02\/RACINES-1024x577.jpeg\" alt=\"\" class=\"wp-image-1193\" width=\"445\" height=\"250\" srcset=\"https:\/\/site.ac-martinique.fr\/clg-terreville\/wp-content\/uploads\/sites\/90\/2023\/02\/RACINES-1024x577.jpeg 1024w, https:\/\/site.ac-martinique.fr\/clg-terreville\/wp-content\/uploads\/sites\/90\/2023\/02\/RACINES-300x169.jpeg 300w, https:\/\/site.ac-martinique.fr\/clg-terreville\/wp-content\/uploads\/sites\/90\/2023\/02\/RACINES-768x432.jpeg 768w, https:\/\/site.ac-martinique.fr\/clg-terreville\/wp-content\/uploads\/sites\/90\/2023\/02\/RACINES-1536x865.jpeg 1536w, https:\/\/site.ac-martinique.fr\/clg-terreville\/wp-content\/uploads\/sites\/90\/2023\/02\/RACINES-2048x1153.jpeg 2048w, https:\/\/site.ac-martinique.fr\/clg-terreville\/wp-content\/uploads\/sites\/90\/2023\/02\/RACINES-750x422.jpeg 750w\" sizes=\"auto, (max-width: 445px) 100vw, 445px\" \/><\/figure>\n<\/div>\n\n\n\n<div class=\"wp-block-column is-layout-flow wp-block-column-is-layout-flow\" style=\"--col-width:33.33%;flex-basis:33.33%\">\n<figure class=\"wp-block-image size-large is-resized is-style-tw-shadow\"><img loading=\"lazy\" decoding=\"async\" src=\"https:\/\/site.ac-martinique.fr\/clg-terreville\/wp-content\/uploads\/sites\/90\/2023\/02\/Milieux-humides-6-1-301x1024.png\" alt=\"\" class=\"wp-image-1190\" width=\"210\" height=\"714\" srcset=\"https:\/\/site.ac-martinique.fr\/clg-terreville\/wp-content\/uploads\/sites\/90\/2023\/02\/Milieux-humides-6-1-301x1024.png 301w, https:\/\/site.ac-martinique.fr\/clg-terreville\/wp-content\/uploads\/sites\/90\/2023\/02\/Milieux-humides-6-1-88x300.png 88w, https:\/\/site.ac-martinique.fr\/clg-terreville\/wp-content\/uploads\/sites\/90\/2023\/02\/Milieux-humides-6-1-768x2614.png 768w, https:\/\/site.ac-martinique.fr\/clg-terreville\/wp-content\/uploads\/sites\/90\/2023\/02\/Milieux-humides-6-1-451x1536.png 451w, https:\/\/site.ac-martinique.fr\/clg-terreville\/wp-content\/uploads\/sites\/90\/2023\/02\/Milieux-humides-6-1-602x2048.png 602w, https:\/\/site.ac-martinique.fr\/clg-terreville\/wp-content\/uploads\/sites\/90\/2023\/02\/Milieux-humides-6-1-750x2553.png 750w, https:\/\/site.ac-martinique.fr\/clg-terreville\/wp-content\/uploads\/sites\/90\/2023\/02\/Milieux-humides-6-1.png 960w\" sizes=\"auto, (max-width: 210px) 100vw, 210px\" \/><\/figure>\n<\/div>\n<\/div>\n\n\n\n<figure class=\"wp-block-image size-large is-resized is-style-tw-shadow\"><img loading=\"lazy\" decoding=\"async\" src=\"https:\/\/site.ac-martinique.fr\/clg-terreville\/wp-content\/uploads\/sites\/90\/2023\/02\/Mangrove-512x1024.jpg\" alt=\"\" class=\"wp-image-1201\" width=\"747\" height=\"1494\" srcset=\"https:\/\/site.ac-martinique.fr\/clg-terreville\/wp-content\/uploads\/sites\/90\/2023\/02\/Mangrove-512x1024.jpg 512w, https:\/\/site.ac-martinique.fr\/clg-terreville\/wp-content\/uploads\/sites\/90\/2023\/02\/Mangrove-150x300.jpg 150w, https:\/\/site.ac-martinique.fr\/clg-terreville\/wp-content\/uploads\/sites\/90\/2023\/02\/Mangrove-768x1536.jpg 768w, https:\/\/site.ac-martinique.fr\/clg-terreville\/wp-content\/uploads\/sites\/90\/2023\/02\/Mangrove-1024x2048.jpg 1024w, https:\/\/site.ac-martinique.fr\/clg-terreville\/wp-content\/uploads\/sites\/90\/2023\/02\/Mangrove-750x1500.jpg 750w, https:\/\/site.ac-martinique.fr\/clg-terreville\/wp-content\/uploads\/sites\/90\/2023\/02\/Mangrove.jpg 1240w\" sizes=\"auto, (max-width: 747px) 100vw, 747px\" \/><\/figure>\n","protected":false},"excerpt":{"rendered":"<p>Le permis moto au coll\u00e8ge, c&rsquo;est possible La Journ\u00e9e mondiale des zones humides La JMZH Chaque ann\u00e9e, la Journ\u00e9e mondiale des zones humides est fix\u00e9e au 2 f\u00e9vrier. \u00ab&nbsp;Il est urgent de restaurer les zones humides \u00bb est le th\u00e8me choisi pour l&rsquo;\u00e9dition 2023. Il rappelle que les zones humides continuent de disparaitre partout dans &hellip; <\/p>\n<p><a class=\"more-link btn\" href=\"https:\/\/site.ac-martinique.fr\/clg-terreville\/?p=1187\">Lire la suite<\/a><\/p>\n","protected":false},"author":234,"featured_media":0,"comment_status":"open","ping_status":"open","sticky":false,"template":"","format":"standard","meta":{"footnotes":""},"categories":[1],"tags":[],"class_list":["post-1187","post","type-post","status-publish","format-standard","hentry","category-non-classe","item-wrap"],"_links":{"self":[{"href":"https:\/\/site.ac-martinique.fr\/clg-terreville\/index.php?rest_route=\/wp\/v2\/posts\/1187","targetHints":{"allow":["GET"]}}],"collection":[{"href":"https:\/\/site.ac-martinique.fr\/clg-terreville\/index.php?rest_route=\/wp\/v2\/posts"}],"about":[{"href":"https:\/\/site.ac-martinique.fr\/clg-terreville\/index.php?rest_route=\/wp\/v2\/types\/post"}],"author":[{"embeddable":true,"href":"https:\/\/site.ac-martinique.fr\/clg-terreville\/index.php?rest_route=\/wp\/v2\/users\/234"}],"replies":[{"embeddable":true,"href":"https:\/\/site.ac-martinique.fr\/clg-terreville\/index.php?rest_route=%2Fwp%2Fv2%2Fcomments&post=1187"}],"version-history":[{"count":14,"href":"https:\/\/site.ac-martinique.fr\/clg-terreville\/index.php?rest_route=\/wp\/v2\/posts\/1187\/revisions"}],"predecessor-version":[{"id":1244,"href":"https:\/\/site.ac-martinique.fr\/clg-terreville\/index.php?rest_route=\/wp\/v2\/posts\/1187\/revisions\/1244"}],"wp:attachment":[{"href":"https:\/\/site.ac-martinique.fr\/clg-terreville\/index.php?rest_route=%2Fwp%2Fv2%2Fmedia&parent=1187"}],"wp:term":[{"taxonomy":"category","embeddable":true,"href":"https:\/\/site.ac-martinique.fr\/clg-terreville\/index.php?rest_route=%2Fwp%2Fv2%2Fcategories&post=1187"},{"taxonomy":"post_tag","embeddable":true,"href":"https:\/\/site.ac-martinique.fr\/clg-terreville\/index.php?rest_route=%2Fwp%2Fv2%2Ftags&post=1187"}],"curies":[{"name":"wp","href":"https:\/\/api.w.org\/{rel}","templated":true}]}}