{"id":1247,"date":"2023-03-17T04:58:56","date_gmt":"2023-03-17T03:58:56","guid":{"rendered":"https:\/\/site.ac-martinique.fr\/clg-terreville\/?p=1247"},"modified":"2023-04-01T15:26:36","modified_gmt":"2023-04-01T13:26:36","slug":"actualites-mois-de-mars-2023","status":"publish","type":"post","link":"https:\/\/site.ac-martinique.fr\/clg-terreville\/?p=1247","title":{"rendered":"ACTUALITES MOIS DE MARS 2023"},"content":{"rendered":"<div class=\"wp-block-image is-style-tw-shadow\">\n<figure class=\"aligncenter size-full is-resized\"><img loading=\"lazy\" decoding=\"async\" src=\"https:\/\/site.ac-martinique.fr\/clg-terreville\/wp-content\/uploads\/sites\/90\/2023\/04\/telechargement.png\" alt=\"\" class=\"wp-image-1292\" width=\"499\" height=\"209\" srcset=\"https:\/\/site.ac-martinique.fr\/clg-terreville\/wp-content\/uploads\/sites\/90\/2023\/04\/telechargement.png 346w, https:\/\/site.ac-martinique.fr\/clg-terreville\/wp-content\/uploads\/sites\/90\/2023\/04\/telechargement-300x126.png 300w\" sizes=\"auto, (max-width: 499px) 100vw, 499px\" \/><\/figure>\n<\/div>\n\n\n<figure class=\"wp-block-image size-full is-resized is-style-tw-shadow\"><img loading=\"lazy\" decoding=\"async\" src=\"https:\/\/site.ac-martinique.fr\/clg-terreville\/wp-content\/uploads\/sites\/90\/2023\/04\/semaine-des-langues.jpg\" alt=\"\" class=\"wp-image-1291\" width=\"748\" height=\"753\" srcset=\"https:\/\/site.ac-martinique.fr\/clg-terreville\/wp-content\/uploads\/sites\/90\/2023\/04\/semaine-des-langues.jpg 565w, https:\/\/site.ac-martinique.fr\/clg-terreville\/wp-content\/uploads\/sites\/90\/2023\/04\/semaine-des-langues-298x300.jpg 298w, https:\/\/site.ac-martinique.fr\/clg-terreville\/wp-content\/uploads\/sites\/90\/2023\/04\/semaine-des-langues-150x150.jpg 150w\" sizes=\"auto, (max-width: 748px) 100vw, 748px\" \/><\/figure>\n\n\n\n<figure class=\"wp-block-image size-large is-style-tw-shadow\"><img loading=\"lazy\" decoding=\"async\" width=\"1024\" height=\"1024\" src=\"https:\/\/site.ac-martinique.fr\/clg-terreville\/wp-content\/uploads\/sites\/90\/2023\/04\/pixiz-01-04-2023-14-06-19-1024x1024.jpg\" alt=\"\" class=\"wp-image-1293\" srcset=\"https:\/\/site.ac-martinique.fr\/clg-terreville\/wp-content\/uploads\/sites\/90\/2023\/04\/pixiz-01-04-2023-14-06-19-1024x1024.jpg 1024w, https:\/\/site.ac-martinique.fr\/clg-terreville\/wp-content\/uploads\/sites\/90\/2023\/04\/pixiz-01-04-2023-14-06-19-300x300.jpg 300w, https:\/\/site.ac-martinique.fr\/clg-terreville\/wp-content\/uploads\/sites\/90\/2023\/04\/pixiz-01-04-2023-14-06-19-150x150.jpg 150w, https:\/\/site.ac-martinique.fr\/clg-terreville\/wp-content\/uploads\/sites\/90\/2023\/04\/pixiz-01-04-2023-14-06-19-768x768.jpg 768w, https:\/\/site.ac-martinique.fr\/clg-terreville\/wp-content\/uploads\/sites\/90\/2023\/04\/pixiz-01-04-2023-14-06-19-750x750.jpg 750w, https:\/\/site.ac-martinique.fr\/clg-terreville\/wp-content\/uploads\/sites\/90\/2023\/04\/pixiz-01-04-2023-14-06-19.jpg 1200w\" sizes=\"auto, (max-width: 1024px) 100vw, 1024px\" \/><\/figure>\n\n\n\n<h2 class=\"wp-block-heading\"><mark style=\"background-color:rgba(0, 0, 0, 0)\" class=\"has-inline-color has-vivid-red-color\">ORIENTATION : \u00e0 la d\u00e9couverte des lyc\u00e9es<\/mark><\/h2>\n\n\n\n<figure class=\"wp-block-image size-full is-style-tw-shadow\"><img loading=\"lazy\" decoding=\"async\" width=\"900\" height=\"700\" src=\"https:\/\/site.ac-martinique.fr\/clg-terreville\/wp-content\/uploads\/sites\/90\/2023\/03\/pixiz-28-03-2023-03-18-49.jpg\" alt=\"\" class=\"wp-image-1270\" srcset=\"https:\/\/site.ac-martinique.fr\/clg-terreville\/wp-content\/uploads\/sites\/90\/2023\/03\/pixiz-28-03-2023-03-18-49.jpg 900w, https:\/\/site.ac-martinique.fr\/clg-terreville\/wp-content\/uploads\/sites\/90\/2023\/03\/pixiz-28-03-2023-03-18-49-300x233.jpg 300w, https:\/\/site.ac-martinique.fr\/clg-terreville\/wp-content\/uploads\/sites\/90\/2023\/03\/pixiz-28-03-2023-03-18-49-768x597.jpg 768w, https:\/\/site.ac-martinique.fr\/clg-terreville\/wp-content\/uploads\/sites\/90\/2023\/03\/pixiz-28-03-2023-03-18-49-750x583.jpg 750w\" sizes=\"auto, (max-width: 900px) 100vw, 900px\" \/><figcaption class=\"wp-element-caption\">Visite d\u00e9couverte des \u00e9l\u00e8ves de troisi\u00e8me au Lyc\u00e9e Schoelcher, Pr\u00e9sentation des locaux, des formations et  sp\u00e9cialit\u00e9s<\/figcaption><\/figure>\n\n\n\n<h2 class=\"wp-block-heading\"><mark style=\"background-color:rgba(0, 0, 0, 0)\" class=\"has-inline-color has-luminous-vivid-orange-color\">SEMAINE DE LA PRESSE <\/mark><\/h2>\n\n\n\n<div class=\"wp-block-columns is-layout-flex wp-container-core-columns-is-layout-abceabcf wp-block-columns-is-layout-flex\">\n<div class=\"wp-block-column is-layout-flow wp-block-column-is-layout-flow\">\n<figure class=\"wp-block-image size-large is-resized is-style-tw-shadow\"><img loading=\"lazy\" decoding=\"async\" src=\"https:\/\/site.ac-martinique.fr\/clg-terreville\/wp-content\/uploads\/sites\/90\/2023\/03\/SEMAINE-DE-LA-PRESSE-1-724x1024.jpg\" alt=\"\" class=\"wp-image-1283\" width=\"337\" height=\"476\" srcset=\"https:\/\/site.ac-martinique.fr\/clg-terreville\/wp-content\/uploads\/sites\/90\/2023\/03\/SEMAINE-DE-LA-PRESSE-1-724x1024.jpg 724w, https:\/\/site.ac-martinique.fr\/clg-terreville\/wp-content\/uploads\/sites\/90\/2023\/03\/SEMAINE-DE-LA-PRESSE-1-212x300.jpg 212w, https:\/\/site.ac-martinique.fr\/clg-terreville\/wp-content\/uploads\/sites\/90\/2023\/03\/SEMAINE-DE-LA-PRESSE-1-768x1086.jpg 768w, https:\/\/site.ac-martinique.fr\/clg-terreville\/wp-content\/uploads\/sites\/90\/2023\/03\/SEMAINE-DE-LA-PRESSE-1-1086x1536.jpg 1086w, https:\/\/site.ac-martinique.fr\/clg-terreville\/wp-content\/uploads\/sites\/90\/2023\/03\/SEMAINE-DE-LA-PRESSE-1-1448x2048.jpg 1448w, https:\/\/site.ac-martinique.fr\/clg-terreville\/wp-content\/uploads\/sites\/90\/2023\/03\/SEMAINE-DE-LA-PRESSE-1-750x1061.jpg 750w, https:\/\/site.ac-martinique.fr\/clg-terreville\/wp-content\/uploads\/sites\/90\/2023\/03\/SEMAINE-DE-LA-PRESSE-1-scaled.jpg 1810w\" sizes=\"auto, (max-width: 337px) 100vw, 337px\" \/><\/figure>\n<\/div>\n\n\n\n<div class=\"wp-block-column is-layout-flow wp-block-column-is-layout-flow\">\n<figure class=\"wp-block-image size-large is-style-tw-shadow\"><img loading=\"lazy\" decoding=\"async\" width=\"1024\" height=\"768\" src=\"https:\/\/site.ac-martinique.fr\/clg-terreville\/wp-content\/uploads\/sites\/90\/2023\/03\/20230327_134054-1-1024x768.jpg\" alt=\"\" class=\"wp-image-1284\" srcset=\"https:\/\/site.ac-martinique.fr\/clg-terreville\/wp-content\/uploads\/sites\/90\/2023\/03\/20230327_134054-1-1024x768.jpg 1024w, https:\/\/site.ac-martinique.fr\/clg-terreville\/wp-content\/uploads\/sites\/90\/2023\/03\/20230327_134054-1-300x225.jpg 300w, https:\/\/site.ac-martinique.fr\/clg-terreville\/wp-content\/uploads\/sites\/90\/2023\/03\/20230327_134054-1-768x576.jpg 768w, https:\/\/site.ac-martinique.fr\/clg-terreville\/wp-content\/uploads\/sites\/90\/2023\/03\/20230327_134054-1-1536x1152.jpg 1536w, https:\/\/site.ac-martinique.fr\/clg-terreville\/wp-content\/uploads\/sites\/90\/2023\/03\/20230327_134054-1-2048x1536.jpg 2048w, https:\/\/site.ac-martinique.fr\/clg-terreville\/wp-content\/uploads\/sites\/90\/2023\/03\/20230327_134054-1-750x563.jpg 750w\" sizes=\"auto, (max-width: 1024px) 100vw, 1024px\" \/><figcaption class=\"wp-element-caption\">R\u00e9alisation de Unes de magazines par les \u00e9l\u00e8ves de 4\u00e8me<\/figcaption><\/figure>\n\n\n\n<figure class=\"wp-block-image size-large is-style-tw-shadow\"><img loading=\"lazy\" decoding=\"async\" width=\"1024\" height=\"576\" src=\"https:\/\/site.ac-martinique.fr\/clg-terreville\/wp-content\/uploads\/sites\/90\/2023\/04\/IMG-20230328-WA0007-1024x576.jpg\" alt=\"\" class=\"wp-image-1295\" srcset=\"https:\/\/site.ac-martinique.fr\/clg-terreville\/wp-content\/uploads\/sites\/90\/2023\/04\/IMG-20230328-WA0007-1024x576.jpg 1024w, https:\/\/site.ac-martinique.fr\/clg-terreville\/wp-content\/uploads\/sites\/90\/2023\/04\/IMG-20230328-WA0007-300x169.jpg 300w, https:\/\/site.ac-martinique.fr\/clg-terreville\/wp-content\/uploads\/sites\/90\/2023\/04\/IMG-20230328-WA0007-768x432.jpg 768w, https:\/\/site.ac-martinique.fr\/clg-terreville\/wp-content\/uploads\/sites\/90\/2023\/04\/IMG-20230328-WA0007-750x422.jpg 750w, https:\/\/site.ac-martinique.fr\/clg-terreville\/wp-content\/uploads\/sites\/90\/2023\/04\/IMG-20230328-WA0007.jpg 1280w\" sizes=\"auto, (max-width: 1024px) 100vw, 1024px\" \/><figcaption class=\"wp-element-caption\">Etalage de jounaux gratuits  au CDI<\/figcaption><\/figure>\n<\/div>\n<\/div>\n\n\n\n<div class=\"wp-block-columns is-layout-flex wp-container-core-columns-is-layout-abceabcf wp-block-columns-is-layout-flex\">\n<div class=\"wp-block-column is-layout-flow wp-block-column-is-layout-flow\">\n<figure class=\"wp-block-image size-large is-style-tw-shadow\"><img loading=\"lazy\" decoding=\"async\" width=\"1024\" height=\"768\" src=\"https:\/\/site.ac-martinique.fr\/clg-terreville\/wp-content\/uploads\/sites\/90\/2023\/04\/IMG-20230330-WA0005-1024x768.jpg\" alt=\"\" class=\"wp-image-1299\" srcset=\"https:\/\/site.ac-martinique.fr\/clg-terreville\/wp-content\/uploads\/sites\/90\/2023\/04\/IMG-20230330-WA0005-1024x768.jpg 1024w, https:\/\/site.ac-martinique.fr\/clg-terreville\/wp-content\/uploads\/sites\/90\/2023\/04\/IMG-20230330-WA0005-300x225.jpg 300w, https:\/\/site.ac-martinique.fr\/clg-terreville\/wp-content\/uploads\/sites\/90\/2023\/04\/IMG-20230330-WA0005-768x576.jpg 768w, https:\/\/site.ac-martinique.fr\/clg-terreville\/wp-content\/uploads\/sites\/90\/2023\/04\/IMG-20230330-WA0005-1536x1152.jpg 1536w, https:\/\/site.ac-martinique.fr\/clg-terreville\/wp-content\/uploads\/sites\/90\/2023\/04\/IMG-20230330-WA0005-750x563.jpg 750w, https:\/\/site.ac-martinique.fr\/clg-terreville\/wp-content\/uploads\/sites\/90\/2023\/04\/IMG-20230330-WA0005.jpg 1600w\" sizes=\"auto, (max-width: 1024px) 100vw, 1024px\" \/><figcaption class=\"wp-element-caption\">La classe de 4e1 rencontre la journaliste Fabienne LEONCE<\/figcaption><\/figure>\n<\/div>\n\n\n\n<div class=\"wp-block-column is-layout-flow wp-block-column-is-layout-flow\">\n<figure class=\"wp-block-image size-large is-style-tw-shadow\"><img loading=\"lazy\" decoding=\"async\" width=\"1024\" height=\"768\" src=\"https:\/\/site.ac-martinique.fr\/clg-terreville\/wp-content\/uploads\/sites\/90\/2023\/04\/IMG-20230330-WA0006-1024x768.jpg\" alt=\"\" class=\"wp-image-1300\" srcset=\"https:\/\/site.ac-martinique.fr\/clg-terreville\/wp-content\/uploads\/sites\/90\/2023\/04\/IMG-20230330-WA0006-1024x768.jpg 1024w, https:\/\/site.ac-martinique.fr\/clg-terreville\/wp-content\/uploads\/sites\/90\/2023\/04\/IMG-20230330-WA0006-300x225.jpg 300w, https:\/\/site.ac-martinique.fr\/clg-terreville\/wp-content\/uploads\/sites\/90\/2023\/04\/IMG-20230330-WA0006-768x576.jpg 768w, https:\/\/site.ac-martinique.fr\/clg-terreville\/wp-content\/uploads\/sites\/90\/2023\/04\/IMG-20230330-WA0006-1536x1152.jpg 1536w, https:\/\/site.ac-martinique.fr\/clg-terreville\/wp-content\/uploads\/sites\/90\/2023\/04\/IMG-20230330-WA0006-750x563.jpg 750w, https:\/\/site.ac-martinique.fr\/clg-terreville\/wp-content\/uploads\/sites\/90\/2023\/04\/IMG-20230330-WA0006.jpg 1600w\" sizes=\"auto, (max-width: 1024px) 100vw, 1024px\" \/><figcaption class=\"wp-element-caption\">Les CM2 de Fond Lahay\u00e9 de passage dans nos murs en b\u00e9n\u00e9ficient aussi<\/figcaption><\/figure>\n<\/div>\n<\/div>\n\n\n\n<h2 class=\"wp-block-heading\"><mark style=\"background-color:rgba(0, 0, 0, 0)\" class=\"has-inline-color has-pale-cyan-blue-color\">JOURNEE MONDIALE DE L&rsquo;EAU<\/mark><\/h2>\n\n\n\n<div class=\"wp-block-columns is-layout-flex wp-container-core-columns-is-layout-abceabcf wp-block-columns-is-layout-flex\">\n<div class=\"wp-block-column is-layout-flow wp-block-column-is-layout-flow\">\n<p>Le mercredi 22 Mars, c\u2019\u00e9tait la journ\u00e9e&nbsp; mondiale de l\u2019EAU.                                                             A cette occasion, les \u00e9co-d\u00e9l\u00e9gu\u00e9s du coll\u00e8ge ont r\u00e9dig\u00e9 un texte de sensibilisation sur la valeur de l\u2019EAU. Apr\u00e8s avoir particip\u00e9 au tournage d\u2019un clip vid\u00e9o pour faire passer leur message, le film a \u00e9t\u00e9 visionn\u00e9 dans les classes.<\/p>\n<\/div>\n\n\n\n<div class=\"wp-block-column is-layout-flow wp-block-column-is-layout-flow\">\n<p>L&rsquo; objectif premier de cette action est d&rsquo;inciter le jeune public (et moins jeune) aux gestes qui pr\u00e9servent l\u2019eau.<\/p>\n\n\n\n<p>Une initiative r\u00e9ussie qui permet de f\u00e9liciter les \u00e9co-d\u00e9l\u00e9gu\u00e9s qui se sont bien engag\u00e9s dans ce projet de sensibilisation.    <\/p>\n<\/div>\n<\/div>\n\n\n\n<figure class=\"wp-block-video\"><video height=\"480\" style=\"aspect-ratio: 848 \/ 480;\" width=\"848\" controls src=\"https:\/\/site.ac-martinique.fr\/clg-terreville\/wp-content\/uploads\/sites\/90\/2023\/03\/eco-delegues.mp4\"><\/video><\/figure>\n\n\n\n<figure class=\"wp-block-image size-large is-resized is-style-tw-shadow\"><img loading=\"lazy\" decoding=\"async\" src=\"https:\/\/site.ac-martinique.fr\/clg-terreville\/wp-content\/uploads\/sites\/90\/2023\/03\/IMG-20230316-WA0013-724x1024.jpg\" alt=\"\" class=\"wp-image-1252\" width=\"746\" height=\"1055\" srcset=\"https:\/\/site.ac-martinique.fr\/clg-terreville\/wp-content\/uploads\/sites\/90\/2023\/03\/IMG-20230316-WA0013-724x1024.jpg 724w, https:\/\/site.ac-martinique.fr\/clg-terreville\/wp-content\/uploads\/sites\/90\/2023\/03\/IMG-20230316-WA0013-212x300.jpg 212w, https:\/\/site.ac-martinique.fr\/clg-terreville\/wp-content\/uploads\/sites\/90\/2023\/03\/IMG-20230316-WA0013-768x1086.jpg 768w, https:\/\/site.ac-martinique.fr\/clg-terreville\/wp-content\/uploads\/sites\/90\/2023\/03\/IMG-20230316-WA0013-1086x1536.jpg 1086w, https:\/\/site.ac-martinique.fr\/clg-terreville\/wp-content\/uploads\/sites\/90\/2023\/03\/IMG-20230316-WA0013-750x1061.jpg 750w, https:\/\/site.ac-martinique.fr\/clg-terreville\/wp-content\/uploads\/sites\/90\/2023\/03\/IMG-20230316-WA0013.jpg 1131w\" sizes=\"auto, (max-width: 746px) 100vw, 746px\" \/><\/figure>\n\n\n\n<h2 class=\"wp-block-heading\"><mark style=\"background-color:rgba(0, 0, 0, 0)\" class=\"has-inline-color has-luminous-vivid-amber-color\">Un programme bien charg\u00e9<\/mark><\/h2>\n\n\n\n<div class=\"wp-block-columns is-layout-flex wp-container-core-columns-is-layout-abceabcf wp-block-columns-is-layout-flex\">\n<div class=\"wp-block-column is-layout-flow wp-block-column-is-layout-flow\">\n<figure class=\"wp-block-image size-large is-style-tw-shadow\"><img loading=\"lazy\" decoding=\"async\" width=\"724\" height=\"1024\" src=\"https:\/\/site.ac-martinique.fr\/clg-terreville\/wp-content\/uploads\/sites\/90\/2023\/03\/IMG-20230323-WA0005-724x1024.jpg\" alt=\"\" class=\"wp-image-1279\" srcset=\"https:\/\/site.ac-martinique.fr\/clg-terreville\/wp-content\/uploads\/sites\/90\/2023\/03\/IMG-20230323-WA0005-724x1024.jpg 724w, https:\/\/site.ac-martinique.fr\/clg-terreville\/wp-content\/uploads\/sites\/90\/2023\/03\/IMG-20230323-WA0005-212x300.jpg 212w, https:\/\/site.ac-martinique.fr\/clg-terreville\/wp-content\/uploads\/sites\/90\/2023\/03\/IMG-20230323-WA0005-768x1087.jpg 768w, https:\/\/site.ac-martinique.fr\/clg-terreville\/wp-content\/uploads\/sites\/90\/2023\/03\/IMG-20230323-WA0005-750x1061.jpg 750w, https:\/\/site.ac-martinique.fr\/clg-terreville\/wp-content\/uploads\/sites\/90\/2023\/03\/IMG-20230323-WA0005.jpg 793w\" sizes=\"auto, (max-width: 724px) 100vw, 724px\" \/><\/figure>\n<\/div>\n\n\n\n<div class=\"wp-block-column is-layout-flow wp-block-column-is-layout-flow\">\n<figure class=\"wp-block-image size-large is-style-tw-shadow\"><img loading=\"lazy\" decoding=\"async\" width=\"724\" height=\"1024\" src=\"https:\/\/site.ac-martinique.fr\/clg-terreville\/wp-content\/uploads\/sites\/90\/2023\/03\/IMG-20230323-WA0004-724x1024.jpg\" alt=\"\" class=\"wp-image-1280\" srcset=\"https:\/\/site.ac-martinique.fr\/clg-terreville\/wp-content\/uploads\/sites\/90\/2023\/03\/IMG-20230323-WA0004-724x1024.jpg 724w, https:\/\/site.ac-martinique.fr\/clg-terreville\/wp-content\/uploads\/sites\/90\/2023\/03\/IMG-20230323-WA0004-212x300.jpg 212w, https:\/\/site.ac-martinique.fr\/clg-terreville\/wp-content\/uploads\/sites\/90\/2023\/03\/IMG-20230323-WA0004-768x1087.jpg 768w, https:\/\/site.ac-martinique.fr\/clg-terreville\/wp-content\/uploads\/sites\/90\/2023\/03\/IMG-20230323-WA0004-750x1061.jpg 750w, https:\/\/site.ac-martinique.fr\/clg-terreville\/wp-content\/uploads\/sites\/90\/2023\/03\/IMG-20230323-WA0004.jpg 793w\" sizes=\"auto, (max-width: 724px) 100vw, 724px\" \/><\/figure>\n<\/div>\n<\/div>\n\n\n\n<div data-wp-interactive=\"core\/file\" class=\"wp-block-file\"><object data-wp-bind--hidden=\"!state.hasPdfPreview\" hidden class=\"wp-block-file__embed\" data=\"https:\/\/site.ac-martinique.fr\/clg-terreville\/wp-content\/uploads\/sites\/90\/2023\/03\/FETE-DU-COURT.pdf\" type=\"application\/pdf\" style=\"width:100%;height:600px\" aria-label=\"PDF embarqu\u00e9\"><\/object><a href=\"https:\/\/site.ac-martinique.fr\/clg-terreville\/wp-content\/uploads\/sites\/90\/2023\/03\/FETE-DU-COURT.pdf\" class=\"wp-block-file__button wp-element-button\" download>T\u00e9l\u00e9charger<\/a><\/div>\n\n\n\n<h2 class=\"wp-block-heading\"><mark style=\"background-color:rgba(0, 0, 0, 0)\" class=\"has-inline-color has-vivid-cyan-blue-color\">Speed meeting 100 000 entrepreneurs<\/mark><\/h2>\n\n\n\n<figure class=\"wp-block-image size-large is-style-tw-shadow\"><img loading=\"lazy\" decoding=\"async\" width=\"1024\" height=\"1024\" src=\"https:\/\/site.ac-martinique.fr\/clg-terreville\/wp-content\/uploads\/sites\/90\/2023\/03\/speed-meting-23-1024x1024.jpg\" alt=\"\" class=\"wp-image-1255\" srcset=\"https:\/\/site.ac-martinique.fr\/clg-terreville\/wp-content\/uploads\/sites\/90\/2023\/03\/speed-meting-23-1024x1024.jpg 1024w, https:\/\/site.ac-martinique.fr\/clg-terreville\/wp-content\/uploads\/sites\/90\/2023\/03\/speed-meting-23-300x300.jpg 300w, https:\/\/site.ac-martinique.fr\/clg-terreville\/wp-content\/uploads\/sites\/90\/2023\/03\/speed-meting-23-150x150.jpg 150w, https:\/\/site.ac-martinique.fr\/clg-terreville\/wp-content\/uploads\/sites\/90\/2023\/03\/speed-meting-23-768x768.jpg 768w, https:\/\/site.ac-martinique.fr\/clg-terreville\/wp-content\/uploads\/sites\/90\/2023\/03\/speed-meting-23-750x750.jpg 750w, https:\/\/site.ac-martinique.fr\/clg-terreville\/wp-content\/uploads\/sites\/90\/2023\/03\/speed-meting-23.jpg 1240w\" sizes=\"auto, (max-width: 1024px) 100vw, 1024px\" \/><\/figure>\n","protected":false},"excerpt":{"rendered":"<p>ORIENTATION : \u00e0 la d\u00e9couverte des lyc\u00e9es SEMAINE DE LA PRESSE JOURNEE MONDIALE DE L&rsquo;EAU Le mercredi 22 Mars, c\u2019\u00e9tait la journ\u00e9e&nbsp; mondiale de l\u2019EAU. A cette occasion, les \u00e9co-d\u00e9l\u00e9gu\u00e9s du coll\u00e8ge ont r\u00e9dig\u00e9 un texte de sensibilisation sur la valeur de l\u2019EAU. Apr\u00e8s avoir particip\u00e9 au tournage d\u2019un clip vid\u00e9o pour faire passer leur &hellip; <\/p>\n<p><a class=\"more-link btn\" href=\"https:\/\/site.ac-martinique.fr\/clg-terreville\/?p=1247\">Lire la suite<\/a><\/p>\n","protected":false},"author":234,"featured_media":0,"comment_status":"open","ping_status":"open","sticky":false,"template":"","format":"standard","meta":{"footnotes":""},"categories":[1],"tags":[],"class_list":["post-1247","post","type-post","status-publish","format-standard","hentry","category-non-classe","item-wrap"],"_links":{"self":[{"href":"https:\/\/site.ac-martinique.fr\/clg-terreville\/index.php?rest_route=\/wp\/v2\/posts\/1247","targetHints":{"allow":["GET"]}}],"collection":[{"href":"https:\/\/site.ac-martinique.fr\/clg-terreville\/index.php?rest_route=\/wp\/v2\/posts"}],"about":[{"href":"https:\/\/site.ac-martinique.fr\/clg-terreville\/index.php?rest_route=\/wp\/v2\/types\/post"}],"author":[{"embeddable":true,"href":"https:\/\/site.ac-martinique.fr\/clg-terreville\/index.php?rest_route=\/wp\/v2\/users\/234"}],"replies":[{"embeddable":true,"href":"https:\/\/site.ac-martinique.fr\/clg-terreville\/index.php?rest_route=%2Fwp%2Fv2%2Fcomments&post=1247"}],"version-history":[{"count":18,"href":"https:\/\/site.ac-martinique.fr\/clg-terreville\/index.php?rest_route=\/wp\/v2\/posts\/1247\/revisions"}],"predecessor-version":[{"id":1301,"href":"https:\/\/site.ac-martinique.fr\/clg-terreville\/index.php?rest_route=\/wp\/v2\/posts\/1247\/revisions\/1301"}],"wp:attachment":[{"href":"https:\/\/site.ac-martinique.fr\/clg-terreville\/index.php?rest_route=%2Fwp%2Fv2%2Fmedia&parent=1247"}],"wp:term":[{"taxonomy":"category","embeddable":true,"href":"https:\/\/site.ac-martinique.fr\/clg-terreville\/index.php?rest_route=%2Fwp%2Fv2%2Fcategories&post=1247"},{"taxonomy":"post_tag","embeddable":true,"href":"https:\/\/site.ac-martinique.fr\/clg-terreville\/index.php?rest_route=%2Fwp%2Fv2%2Ftags&post=1247"}],"curies":[{"name":"wp","href":"https:\/\/api.w.org\/{rel}","templated":true}]}}