{"id":1302,"date":"2023-04-01T20:27:22","date_gmt":"2023-04-01T18:27:22","guid":{"rendered":"https:\/\/site.ac-martinique.fr\/clg-terreville\/?p=1302"},"modified":"2023-07-01T05:16:17","modified_gmt":"2023-07-01T03:16:17","slug":"liaison-cm2-6e","status":"publish","type":"post","link":"https:\/\/site.ac-martinique.fr\/clg-terreville\/?p=1302","title":{"rendered":"ACTUALITES MOIS D&rsquo;AVRIL 2023"},"content":{"rendered":"\n<h2 class=\"wp-block-heading\"><mark style=\"background-color:rgba(0, 0, 0, 0)\" class=\"has-inline-color has-vivid-cyan-blue-color\">L&rsquo;UNNS de Terreville au championnat d&rsquo;athl\u00e9tisme<\/mark><\/h2>\n\n\n\n<p>L&rsquo; article qui suit a \u00e9t\u00e9 enti\u00e8rement conceptualis\u00e9 et r\u00e9dig\u00e9 par Capucine SAMMUT, membre de l&rsquo;UNNS et \u00e9l\u00e8ve de 4e. <\/p>\n\n\n\n<p><em><mark style=\"background-color:rgba(0, 0, 0, 0)\" class=\"has-inline-color has-luminous-vivid-orange-color\">Save the name @ Sammut Capucine<\/mark><\/em><\/p>\n\n\n\n<figure class=\"wp-block-image size-large is-style-tw-shadow\"><img loading=\"lazy\" decoding=\"async\" width=\"791\" height=\"1024\" src=\"https:\/\/site.ac-martinique.fr\/clg-terreville\/wp-content\/uploads\/sites\/90\/2023\/05\/Championnat-athletisme-791x1024.jpg\" alt=\"\" class=\"wp-image-1362\" srcset=\"https:\/\/site.ac-martinique.fr\/clg-terreville\/wp-content\/uploads\/sites\/90\/2023\/05\/Championnat-athletisme-791x1024.jpg 791w, https:\/\/site.ac-martinique.fr\/clg-terreville\/wp-content\/uploads\/sites\/90\/2023\/05\/Championnat-athletisme-232x300.jpg 232w, https:\/\/site.ac-martinique.fr\/clg-terreville\/wp-content\/uploads\/sites\/90\/2023\/05\/Championnat-athletisme-768x994.jpg 768w, https:\/\/site.ac-martinique.fr\/clg-terreville\/wp-content\/uploads\/sites\/90\/2023\/05\/Championnat-athletisme-1187x1536.jpg 1187w, https:\/\/site.ac-martinique.fr\/clg-terreville\/wp-content\/uploads\/sites\/90\/2023\/05\/Championnat-athletisme-750x971.jpg 750w, https:\/\/site.ac-martinique.fr\/clg-terreville\/wp-content\/uploads\/sites\/90\/2023\/05\/Championnat-athletisme.jpg 1275w\" sizes=\"auto, (max-width: 791px) 100vw, 791px\" \/><\/figure>\n\n\n\n<h2 class=\"wp-block-heading\"><mark style=\"background-color:rgba(0, 0, 0, 0)\" class=\"has-inline-color has-luminous-vivid-orange-color\">El campeonato<\/mark><\/h2>\n\n\n\n<figure class=\"wp-block-image size-large is-resized is-style-tw-shadow\"><img loading=\"lazy\" decoding=\"async\" src=\"https:\/\/site.ac-martinique.fr\/clg-terreville\/wp-content\/uploads\/sites\/90\/2023\/06\/CAMPEONATO-724x1024.jpg\" alt=\"\" class=\"wp-image-1382\" width=\"750\" height=\"1061\" srcset=\"https:\/\/site.ac-martinique.fr\/clg-terreville\/wp-content\/uploads\/sites\/90\/2023\/06\/CAMPEONATO-724x1024.jpg 724w, https:\/\/site.ac-martinique.fr\/clg-terreville\/wp-content\/uploads\/sites\/90\/2023\/06\/CAMPEONATO-212x300.jpg 212w, https:\/\/site.ac-martinique.fr\/clg-terreville\/wp-content\/uploads\/sites\/90\/2023\/06\/CAMPEONATO-768x1086.jpg 768w, https:\/\/site.ac-martinique.fr\/clg-terreville\/wp-content\/uploads\/sites\/90\/2023\/06\/CAMPEONATO-1086x1536.jpg 1086w, https:\/\/site.ac-martinique.fr\/clg-terreville\/wp-content\/uploads\/sites\/90\/2023\/06\/CAMPEONATO-750x1061.jpg 750w, https:\/\/site.ac-martinique.fr\/clg-terreville\/wp-content\/uploads\/sites\/90\/2023\/06\/CAMPEONATO.jpg 1240w\" sizes=\"auto, (max-width: 750px) 100vw, 750px\" \/><\/figure>\n\n\n\n<h2 class=\"wp-block-heading\"><mark style=\"background-color:rgba(0, 0, 0, 0)\" class=\"has-inline-color has-vivid-green-cyan-color\">En route vers l&rsquo;Irlande<\/mark> <\/h2>\n\n\n\n<figure class=\"wp-block-image size-large is-style-tw-shadow\"><img loading=\"lazy\" decoding=\"async\" width=\"1024\" height=\"768\" src=\"https:\/\/site.ac-martinique.fr\/clg-terreville\/wp-content\/uploads\/sites\/90\/2023\/05\/IMG-20230428-WA0008-1024x768.jpg\" alt=\"\" class=\"wp-image-1331\" srcset=\"https:\/\/site.ac-martinique.fr\/clg-terreville\/wp-content\/uploads\/sites\/90\/2023\/05\/IMG-20230428-WA0008-1024x768.jpg 1024w, https:\/\/site.ac-martinique.fr\/clg-terreville\/wp-content\/uploads\/sites\/90\/2023\/05\/IMG-20230428-WA0008-300x225.jpg 300w, https:\/\/site.ac-martinique.fr\/clg-terreville\/wp-content\/uploads\/sites\/90\/2023\/05\/IMG-20230428-WA0008-768x576.jpg 768w, https:\/\/site.ac-martinique.fr\/clg-terreville\/wp-content\/uploads\/sites\/90\/2023\/05\/IMG-20230428-WA0008-1536x1152.jpg 1536w, https:\/\/site.ac-martinique.fr\/clg-terreville\/wp-content\/uploads\/sites\/90\/2023\/05\/IMG-20230428-WA0008-750x563.jpg 750w, https:\/\/site.ac-martinique.fr\/clg-terreville\/wp-content\/uploads\/sites\/90\/2023\/05\/IMG-20230428-WA0008.jpg 1600w\" sizes=\"auto, (max-width: 1024px) 100vw, 1024px\" \/><\/figure>\n\n\n\n<h2 class=\"wp-block-heading\"><mark style=\"background-color:rgba(0, 0, 0, 0)\" class=\"has-inline-color has-vivid-cyan-blue-color\">Sortie culturelle, d\u00e9couverte du Nord Atlantique par les \u00e9l\u00e8ves des Cord\u00e9es de la R\u00e9ussite<\/mark><\/h2>\n\n\n\n<figure class=\"wp-block-image size-large is-style-tw-shadow\"><img loading=\"lazy\" decoding=\"async\" width=\"1000\" height=\"1024\" src=\"https:\/\/site.ac-martinique.fr\/clg-terreville\/wp-content\/uploads\/sites\/90\/2023\/05\/cordees-nord-atlantique-1000x1024.jpg\" alt=\"\" class=\"wp-image-1326\" srcset=\"https:\/\/site.ac-martinique.fr\/clg-terreville\/wp-content\/uploads\/sites\/90\/2023\/05\/cordees-nord-atlantique-1000x1024.jpg 1000w, https:\/\/site.ac-martinique.fr\/clg-terreville\/wp-content\/uploads\/sites\/90\/2023\/05\/cordees-nord-atlantique-293x300.jpg 293w, https:\/\/site.ac-martinique.fr\/clg-terreville\/wp-content\/uploads\/sites\/90\/2023\/05\/cordees-nord-atlantique-768x787.jpg 768w, https:\/\/site.ac-martinique.fr\/clg-terreville\/wp-content\/uploads\/sites\/90\/2023\/05\/cordees-nord-atlantique-750x768.jpg 750w, https:\/\/site.ac-martinique.fr\/clg-terreville\/wp-content\/uploads\/sites\/90\/2023\/05\/cordees-nord-atlantique.jpg 1240w\" sizes=\"auto, (max-width: 1000px) 100vw, 1000px\" \/><\/figure>\n\n\n\n<p>Cliquez ci-dessous pour voir le diaporama<\/p>\n\n\n\n<figure class=\"wp-block-video\"><video height=\"1350\" style=\"aspect-ratio: 1080 \/ 1350;\" width=\"1080\" controls src=\"https:\/\/site.ac-martinique.fr\/clg-terreville\/wp-content\/uploads\/sites\/90\/2023\/04\/Cordees-dans-le-Nord-Atlantique.mp4\"><\/video><\/figure>\n\n\n\n<h2 class=\"wp-block-heading\"><mark style=\"background-color:rgba(0, 0, 0, 0)\" class=\"has-inline-color has-vivid-cyan-blue-color\">Challenge artististique pour une s\u00e9lection d&rsquo;\u00e9l\u00e8ves avec le Rallye art 2023<\/mark><\/h2>\n\n\n\n<figure class=\"wp-block-image size-large is-style-tw-shadow\"><img loading=\"lazy\" decoding=\"async\" width=\"1024\" height=\"1024\" src=\"https:\/\/site.ac-martinique.fr\/clg-terreville\/wp-content\/uploads\/sites\/90\/2023\/04\/rallye-art-2023-1024x1024.jpg\" alt=\"\" class=\"wp-image-1320\" srcset=\"https:\/\/site.ac-martinique.fr\/clg-terreville\/wp-content\/uploads\/sites\/90\/2023\/04\/rallye-art-2023-1024x1024.jpg 1024w, https:\/\/site.ac-martinique.fr\/clg-terreville\/wp-content\/uploads\/sites\/90\/2023\/04\/rallye-art-2023-300x300.jpg 300w, https:\/\/site.ac-martinique.fr\/clg-terreville\/wp-content\/uploads\/sites\/90\/2023\/04\/rallye-art-2023-150x150.jpg 150w, https:\/\/site.ac-martinique.fr\/clg-terreville\/wp-content\/uploads\/sites\/90\/2023\/04\/rallye-art-2023-768x768.jpg 768w, https:\/\/site.ac-martinique.fr\/clg-terreville\/wp-content\/uploads\/sites\/90\/2023\/04\/rallye-art-2023-750x750.jpg 750w, https:\/\/site.ac-martinique.fr\/clg-terreville\/wp-content\/uploads\/sites\/90\/2023\/04\/rallye-art-2023.jpg 1240w\" sizes=\"auto, (max-width: 1024px) 100vw, 1024px\" \/><\/figure>\n\n\n\n<p>Les \u00e9l\u00e8ves de 6e\/5e et 4e\/3e ont r\u00e9alis\u00e9 une production en bin\u00f4me apr\u00e8s un travail de r\u00e9flexion autour de l&rsquo;artiste parrain cette ann\u00e9e : Corentin de Sieter.<\/p>\n","protected":false},"excerpt":{"rendered":"<p>L&rsquo;UNNS de Terreville au championnat d&rsquo;athl\u00e9tisme L&rsquo; article qui suit a \u00e9t\u00e9 enti\u00e8rement conceptualis\u00e9 et r\u00e9dig\u00e9 par Capucine SAMMUT, membre de l&rsquo;UNNS et \u00e9l\u00e8ve de 4e. Save the name @ Sammut Capucine El campeonato En route vers l&rsquo;Irlande Sortie culturelle, d\u00e9couverte du Nord Atlantique par les \u00e9l\u00e8ves des Cord\u00e9es de la R\u00e9ussite Cliquez ci-dessous pour &hellip; <\/p>\n<p><a class=\"more-link btn\" href=\"https:\/\/site.ac-martinique.fr\/clg-terreville\/?p=1302\">Lire la suite<\/a><\/p>\n","protected":false},"author":234,"featured_media":0,"comment_status":"open","ping_status":"open","sticky":false,"template":"","format":"standard","meta":{"footnotes":""},"categories":[1],"tags":[],"class_list":["post-1302","post","type-post","status-publish","format-standard","hentry","category-non-classe","item-wrap"],"_links":{"self":[{"href":"https:\/\/site.ac-martinique.fr\/clg-terreville\/index.php?rest_route=\/wp\/v2\/posts\/1302","targetHints":{"allow":["GET"]}}],"collection":[{"href":"https:\/\/site.ac-martinique.fr\/clg-terreville\/index.php?rest_route=\/wp\/v2\/posts"}],"about":[{"href":"https:\/\/site.ac-martinique.fr\/clg-terreville\/index.php?rest_route=\/wp\/v2\/types\/post"}],"author":[{"embeddable":true,"href":"https:\/\/site.ac-martinique.fr\/clg-terreville\/index.php?rest_route=\/wp\/v2\/users\/234"}],"replies":[{"embeddable":true,"href":"https:\/\/site.ac-martinique.fr\/clg-terreville\/index.php?rest_route=%2Fwp%2Fv2%2Fcomments&post=1302"}],"version-history":[{"count":13,"href":"https:\/\/site.ac-martinique.fr\/clg-terreville\/index.php?rest_route=\/wp\/v2\/posts\/1302\/revisions"}],"predecessor-version":[{"id":1401,"href":"https:\/\/site.ac-martinique.fr\/clg-terreville\/index.php?rest_route=\/wp\/v2\/posts\/1302\/revisions\/1401"}],"wp:attachment":[{"href":"https:\/\/site.ac-martinique.fr\/clg-terreville\/index.php?rest_route=%2Fwp%2Fv2%2Fmedia&parent=1302"}],"wp:term":[{"taxonomy":"category","embeddable":true,"href":"https:\/\/site.ac-martinique.fr\/clg-terreville\/index.php?rest_route=%2Fwp%2Fv2%2Fcategories&post=1302"},{"taxonomy":"post_tag","embeddable":true,"href":"https:\/\/site.ac-martinique.fr\/clg-terreville\/index.php?rest_route=%2Fwp%2Fv2%2Ftags&post=1302"}],"curies":[{"name":"wp","href":"https:\/\/api.w.org\/{rel}","templated":true}]}}