{"id":1849,"date":"2024-05-13T21:22:35","date_gmt":"2024-05-13T19:22:35","guid":{"rendered":"https:\/\/site.ac-martinique.fr\/clg-terreville\/?p=1849"},"modified":"2024-06-11T03:39:56","modified_gmt":"2024-06-11T01:39:56","slug":"actualites-mois-de-mai-2","status":"publish","type":"post","link":"https:\/\/site.ac-martinique.fr\/clg-terreville\/?p=1849","title":{"rendered":"ACTUALITES MOIS DE MAI"},"content":{"rendered":"\n<h2 class=\"wp-block-heading\"><mark style=\"background-color:rgba(0, 0, 0, 0)\" class=\"has-inline-color has-vivid-red-color\">Finale du Troph\u00e9e d&rsquo;improvisation \u00e0 Paris<\/mark><\/h2>\n\n\n\n<figure class=\"wp-block-image size-large is-resized is-style-tw-shadow\"><img loading=\"lazy\" decoding=\"async\" width=\"724\" height=\"1024\" src=\"https:\/\/site.ac-martinique.fr\/clg-terreville\/wp-content\/uploads\/sites\/90\/2024\/06\/Trophee-dimprovisation-724x1024.jpg\" alt=\"\" class=\"wp-image-1891\" style=\"width:751px;height:auto\" srcset=\"https:\/\/site.ac-martinique.fr\/clg-terreville\/wp-content\/uploads\/sites\/90\/2024\/06\/Trophee-dimprovisation-724x1024.jpg 724w, https:\/\/site.ac-martinique.fr\/clg-terreville\/wp-content\/uploads\/sites\/90\/2024\/06\/Trophee-dimprovisation-212x300.jpg 212w, https:\/\/site.ac-martinique.fr\/clg-terreville\/wp-content\/uploads\/sites\/90\/2024\/06\/Trophee-dimprovisation-768x1086.jpg 768w, https:\/\/site.ac-martinique.fr\/clg-terreville\/wp-content\/uploads\/sites\/90\/2024\/06\/Trophee-dimprovisation-1086x1536.jpg 1086w, https:\/\/site.ac-martinique.fr\/clg-terreville\/wp-content\/uploads\/sites\/90\/2024\/06\/Trophee-dimprovisation-750x1061.jpg 750w, https:\/\/site.ac-martinique.fr\/clg-terreville\/wp-content\/uploads\/sites\/90\/2024\/06\/Trophee-dimprovisation.jpg 1240w\" sizes=\"auto, (max-width: 724px) 100vw, 724px\" \/><\/figure>\n\n\n\n<h2 class=\"wp-block-heading\"><mark style=\"background-color:rgba(0, 0, 0, 0);color:#162491\" class=\"has-inline-color\">Comm\u00e9moration du 22 mai<\/mark><\/h2>\n\n\n\n<figure class=\"wp-block-image size-large is-resized is-style-tw-shadow\"><img loading=\"lazy\" decoding=\"async\" width=\"724\" height=\"1024\" src=\"https:\/\/site.ac-martinique.fr\/clg-terreville\/wp-content\/uploads\/sites\/90\/2024\/06\/Victor-Schoelcher-724x1024.jpg\" alt=\"\" class=\"wp-image-1897\" style=\"width:749px;height:auto\" srcset=\"https:\/\/site.ac-martinique.fr\/clg-terreville\/wp-content\/uploads\/sites\/90\/2024\/06\/Victor-Schoelcher-724x1024.jpg 724w, https:\/\/site.ac-martinique.fr\/clg-terreville\/wp-content\/uploads\/sites\/90\/2024\/06\/Victor-Schoelcher-212x300.jpg 212w, https:\/\/site.ac-martinique.fr\/clg-terreville\/wp-content\/uploads\/sites\/90\/2024\/06\/Victor-Schoelcher-768x1086.jpg 768w, https:\/\/site.ac-martinique.fr\/clg-terreville\/wp-content\/uploads\/sites\/90\/2024\/06\/Victor-Schoelcher-1086x1536.jpg 1086w, https:\/\/site.ac-martinique.fr\/clg-terreville\/wp-content\/uploads\/sites\/90\/2024\/06\/Victor-Schoelcher-750x1061.jpg 750w, https:\/\/site.ac-martinique.fr\/clg-terreville\/wp-content\/uploads\/sites\/90\/2024\/06\/Victor-Schoelcher.jpg 1240w\" sizes=\"auto, (max-width: 724px) 100vw, 724px\" \/><\/figure>\n\n\n\n<figure class=\"wp-block-image size-large is-style-tw-shadow\"><img loading=\"lazy\" decoding=\"async\" width=\"1024\" height=\"768\" src=\"https:\/\/site.ac-martinique.fr\/clg-terreville\/wp-content\/uploads\/sites\/90\/2024\/06\/WhatsApp-Image-2024-06-10-at-21.05.53-1024x768.jpeg\" alt=\"\" class=\"wp-image-1898\" srcset=\"https:\/\/site.ac-martinique.fr\/clg-terreville\/wp-content\/uploads\/sites\/90\/2024\/06\/WhatsApp-Image-2024-06-10-at-21.05.53-1024x768.jpeg 1024w, https:\/\/site.ac-martinique.fr\/clg-terreville\/wp-content\/uploads\/sites\/90\/2024\/06\/WhatsApp-Image-2024-06-10-at-21.05.53-300x225.jpeg 300w, https:\/\/site.ac-martinique.fr\/clg-terreville\/wp-content\/uploads\/sites\/90\/2024\/06\/WhatsApp-Image-2024-06-10-at-21.05.53-768x576.jpeg 768w, https:\/\/site.ac-martinique.fr\/clg-terreville\/wp-content\/uploads\/sites\/90\/2024\/06\/WhatsApp-Image-2024-06-10-at-21.05.53-1536x1152.jpeg 1536w, https:\/\/site.ac-martinique.fr\/clg-terreville\/wp-content\/uploads\/sites\/90\/2024\/06\/WhatsApp-Image-2024-06-10-at-21.05.53-750x563.jpeg 750w, https:\/\/site.ac-martinique.fr\/clg-terreville\/wp-content\/uploads\/sites\/90\/2024\/06\/WhatsApp-Image-2024-06-10-at-21.05.53.jpeg 1600w\" sizes=\"auto, (max-width: 1024px) 100vw, 1024px\" \/><\/figure>\n\n\n\n<p class=\"has-text-align-center\"><em>Affiche r\u00e9alis\u00e9e par Emmy et Clara<\/em><\/p>\n\n\n\n<h2 class=\"wp-block-heading\"><mark style=\"background-color:rgba(0, 0, 0, 0)\" class=\"has-inline-color has-vivid-red-color\">La journ\u00e9e du madras<\/mark><\/h2>\n\n\n\n<figure class=\"wp-block-gallery has-nested-images columns-default is-cropped wp-block-gallery-1 is-layout-flex wp-block-gallery-is-layout-flex\">\n<figure class=\"wp-block-image size-large is-style-tw-shadow\"><img loading=\"lazy\" decoding=\"async\" width=\"768\" height=\"1024\" data-id=\"1852\" src=\"https:\/\/site.ac-martinique.fr\/clg-terreville\/wp-content\/uploads\/sites\/90\/2024\/05\/programme-journee-madras-768x1024.jpg\" alt=\"\" class=\"wp-image-1852\" srcset=\"https:\/\/site.ac-martinique.fr\/clg-terreville\/wp-content\/uploads\/sites\/90\/2024\/05\/programme-journee-madras-768x1024.jpg 768w, https:\/\/site.ac-martinique.fr\/clg-terreville\/wp-content\/uploads\/sites\/90\/2024\/05\/programme-journee-madras-225x300.jpg 225w, https:\/\/site.ac-martinique.fr\/clg-terreville\/wp-content\/uploads\/sites\/90\/2024\/05\/programme-journee-madras-1152x1536.jpg 1152w, https:\/\/site.ac-martinique.fr\/clg-terreville\/wp-content\/uploads\/sites\/90\/2024\/05\/programme-journee-madras-750x1000.jpg 750w, https:\/\/site.ac-martinique.fr\/clg-terreville\/wp-content\/uploads\/sites\/90\/2024\/05\/programme-journee-madras.jpg 1240w\" sizes=\"auto, (max-width: 768px) 100vw, 768px\" \/><\/figure>\n<\/figure>\n\n\n\n<figure class=\"wp-block-image size-large is-style-tw-shadow\"><img loading=\"lazy\" decoding=\"async\" width=\"1024\" height=\"768\" src=\"https:\/\/site.ac-martinique.fr\/clg-terreville\/wp-content\/uploads\/sites\/90\/2024\/05\/WhatsApp-Image-2024-05-25-at-14.41.35-1024x768.jpeg\" alt=\"\" class=\"wp-image-1856\" srcset=\"https:\/\/site.ac-martinique.fr\/clg-terreville\/wp-content\/uploads\/sites\/90\/2024\/05\/WhatsApp-Image-2024-05-25-at-14.41.35-1024x768.jpeg 1024w, https:\/\/site.ac-martinique.fr\/clg-terreville\/wp-content\/uploads\/sites\/90\/2024\/05\/WhatsApp-Image-2024-05-25-at-14.41.35-300x225.jpeg 300w, https:\/\/site.ac-martinique.fr\/clg-terreville\/wp-content\/uploads\/sites\/90\/2024\/05\/WhatsApp-Image-2024-05-25-at-14.41.35-768x576.jpeg 768w, https:\/\/site.ac-martinique.fr\/clg-terreville\/wp-content\/uploads\/sites\/90\/2024\/05\/WhatsApp-Image-2024-05-25-at-14.41.35-1536x1152.jpeg 1536w, https:\/\/site.ac-martinique.fr\/clg-terreville\/wp-content\/uploads\/sites\/90\/2024\/05\/WhatsApp-Image-2024-05-25-at-14.41.35-750x563.jpeg 750w, https:\/\/site.ac-martinique.fr\/clg-terreville\/wp-content\/uploads\/sites\/90\/2024\/05\/WhatsApp-Image-2024-05-25-at-14.41.35.jpeg 1600w\" sizes=\"auto, (max-width: 1024px) 100vw, 1024px\" \/><figcaption class=\"wp-element-caption\">Journ\u00e9e du madras, Jeudi 16 mai 2024<\/figcaption><\/figure>\n","protected":false},"excerpt":{"rendered":"<p>Finale du Troph\u00e9e d&rsquo;improvisation \u00e0 Paris Comm\u00e9moration du 22 mai Affiche r\u00e9alis\u00e9e par Emmy et Clara La journ\u00e9e du madras<\/p>\n","protected":false},"author":234,"featured_media":0,"comment_status":"open","ping_status":"open","sticky":false,"template":"","format":"standard","meta":{"footnotes":""},"categories":[1],"tags":[],"class_list":["post-1849","post","type-post","status-publish","format-standard","hentry","category-non-classe","item-wrap"],"_links":{"self":[{"href":"https:\/\/site.ac-martinique.fr\/clg-terreville\/index.php?rest_route=\/wp\/v2\/posts\/1849","targetHints":{"allow":["GET"]}}],"collection":[{"href":"https:\/\/site.ac-martinique.fr\/clg-terreville\/index.php?rest_route=\/wp\/v2\/posts"}],"about":[{"href":"https:\/\/site.ac-martinique.fr\/clg-terreville\/index.php?rest_route=\/wp\/v2\/types\/post"}],"author":[{"embeddable":true,"href":"https:\/\/site.ac-martinique.fr\/clg-terreville\/index.php?rest_route=\/wp\/v2\/users\/234"}],"replies":[{"embeddable":true,"href":"https:\/\/site.ac-martinique.fr\/clg-terreville\/index.php?rest_route=%2Fwp%2Fv2%2Fcomments&post=1849"}],"version-history":[{"count":10,"href":"https:\/\/site.ac-martinique.fr\/clg-terreville\/index.php?rest_route=\/wp\/v2\/posts\/1849\/revisions"}],"predecessor-version":[{"id":1901,"href":"https:\/\/site.ac-martinique.fr\/clg-terreville\/index.php?rest_route=\/wp\/v2\/posts\/1849\/revisions\/1901"}],"wp:attachment":[{"href":"https:\/\/site.ac-martinique.fr\/clg-terreville\/index.php?rest_route=%2Fwp%2Fv2%2Fmedia&parent=1849"}],"wp:term":[{"taxonomy":"category","embeddable":true,"href":"https:\/\/site.ac-martinique.fr\/clg-terreville\/index.php?rest_route=%2Fwp%2Fv2%2Fcategories&post=1849"},{"taxonomy":"post_tag","embeddable":true,"href":"https:\/\/site.ac-martinique.fr\/clg-terreville\/index.php?rest_route=%2Fwp%2Fv2%2Ftags&post=1849"}],"curies":[{"name":"wp","href":"https:\/\/api.w.org\/{rel}","templated":true}]}}