{"id":1909,"date":"2024-06-20T03:57:08","date_gmt":"2024-06-20T01:57:08","guid":{"rendered":"https:\/\/site.ac-martinique.fr\/clg-terreville\/?p=1909"},"modified":"2024-09-06T00:37:20","modified_gmt":"2024-09-05T22:37:20","slug":"actualites-mois-de-juin","status":"publish","type":"post","link":"https:\/\/site.ac-martinique.fr\/clg-terreville\/?p=1909","title":{"rendered":"ACTUALITES MOIS DE JUIN"},"content":{"rendered":"\n<h2 class=\"wp-block-heading\"><mark style=\"background-color:rgba(0, 0, 0, 0)\" class=\"has-inline-color has-vivid-red-color\">LISTES DE MATERIEL PAR NIVEAU 2024-25<\/mark> ><\/h2>\n\n\n\n<h2 class=\"wp-block-heading\"><mark style=\"background-color:rgba(0, 0, 0, 0)\" class=\"has-inline-color has-pale-pink-color\">Inscription \u00e0 la demi-pension<\/mark> ><\/h2>\n\n\n\n<h2 class=\"wp-block-heading\"><mark style=\"background-color:rgba(0, 0, 0, 0)\" class=\"has-inline-color has-cyan-bluish-gray-color\">Planning d&rsquo;inscriptions rentr\u00e9e 2024-25<\/mark> ><\/h2>\n\n\n\n<blockquote class=\"wp-block-quote is-layout-flow wp-block-quote-is-layout-flow\">\n<p>Voir Rubrique ADMINISTRATION \/ Inscription <\/p>\n\n\n\n<p><\/p>\n<\/blockquote>\n\n\n\n<h2 class=\"wp-block-heading\"><mark style=\"background-color:rgba(0, 0, 0, 0);color:#075b8c\" class=\"has-inline-color\">Fock sa chang\u00e9: <\/mark><mark style=\"background-color:rgba(0, 0, 0, 0);color:#065e91\" class=\"has-inline-color\">Le coll\u00e8ge de Terreville solidaire <\/mark><\/h2>\n\n\n\n<figure class=\"wp-block-video\"><video height=\"480\" style=\"aspect-ratio: 848 \/ 480;\" width=\"848\" controls src=\"https:\/\/site.ac-martinique.fr\/clg-terreville\/wp-content\/uploads\/sites\/90\/2024\/06\/WhatsApp-Video-2024-06-26-at-06.mp4\"><\/video><\/figure>\n\n\n\n<figure class=\"wp-block-image size-large is-resized is-style-tw-shadow\"><img loading=\"lazy\" decoding=\"async\" width=\"724\" height=\"1024\" src=\"https:\/\/site.ac-martinique.fr\/clg-terreville\/wp-content\/uploads\/sites\/90\/2024\/06\/ZOO-724x1024.jpg\" alt=\"\" class=\"wp-image-1988\" style=\"width:749px;height:auto\" srcset=\"https:\/\/site.ac-martinique.fr\/clg-terreville\/wp-content\/uploads\/sites\/90\/2024\/06\/ZOO-724x1024.jpg 724w, https:\/\/site.ac-martinique.fr\/clg-terreville\/wp-content\/uploads\/sites\/90\/2024\/06\/ZOO-212x300.jpg 212w, https:\/\/site.ac-martinique.fr\/clg-terreville\/wp-content\/uploads\/sites\/90\/2024\/06\/ZOO-768x1086.jpg 768w, https:\/\/site.ac-martinique.fr\/clg-terreville\/wp-content\/uploads\/sites\/90\/2024\/06\/ZOO-1086x1536.jpg 1086w, https:\/\/site.ac-martinique.fr\/clg-terreville\/wp-content\/uploads\/sites\/90\/2024\/06\/ZOO-750x1061.jpg 750w, https:\/\/site.ac-martinique.fr\/clg-terreville\/wp-content\/uploads\/sites\/90\/2024\/06\/ZOO.jpg 1240w\" sizes=\"auto, (max-width: 724px) 100vw, 724px\" \/><\/figure>\n\n\n\n<h2 class=\"wp-block-heading\"><mark style=\"background-color:rgba(0, 0, 0, 0);color:#f655ef\" class=\"has-inline-color\">Jeudi 27 Juin : C\u00e9r\u00e9monie de remise des Prix<\/mark><\/h2>\n\n\n\n<figure class=\"wp-block-image size-large is-resized is-style-tw-shadow\"><img loading=\"lazy\" decoding=\"async\" width=\"724\" height=\"1024\" src=\"https:\/\/site.ac-martinique.fr\/clg-terreville\/wp-content\/uploads\/sites\/90\/2024\/07\/Remise-des-prix-2024-724x1024.jpg\" alt=\"\" class=\"wp-image-2036\" style=\"width:748px;height:auto\" srcset=\"https:\/\/site.ac-martinique.fr\/clg-terreville\/wp-content\/uploads\/sites\/90\/2024\/07\/Remise-des-prix-2024-724x1024.jpg 724w, https:\/\/site.ac-martinique.fr\/clg-terreville\/wp-content\/uploads\/sites\/90\/2024\/07\/Remise-des-prix-2024-212x300.jpg 212w, https:\/\/site.ac-martinique.fr\/clg-terreville\/wp-content\/uploads\/sites\/90\/2024\/07\/Remise-des-prix-2024-768x1086.jpg 768w, https:\/\/site.ac-martinique.fr\/clg-terreville\/wp-content\/uploads\/sites\/90\/2024\/07\/Remise-des-prix-2024-1086x1536.jpg 1086w, https:\/\/site.ac-martinique.fr\/clg-terreville\/wp-content\/uploads\/sites\/90\/2024\/07\/Remise-des-prix-2024-750x1061.jpg 750w, https:\/\/site.ac-martinique.fr\/clg-terreville\/wp-content\/uploads\/sites\/90\/2024\/07\/Remise-des-prix-2024.jpg 1240w\" sizes=\"auto, (max-width: 724px) 100vw, 724px\" \/><\/figure>\n\n\n\n<div data-wp-interactive=\"core\/file\" class=\"wp-block-file\"><object data-wp-bind--hidden=\"!state.hasPdfPreview\" hidden class=\"wp-block-file__embed\" data=\"https:\/\/site.ac-martinique.fr\/clg-terreville\/wp-content\/uploads\/sites\/90\/2024\/06\/AFFICHE-ceremonie-de-remise-des-prix.pdf\" type=\"application\/pdf\" style=\"width:100%;height:600px\" aria-label=\"Contenu embarqu\u00e9 AFFICHE-ceremonie-de-remise-des-prix.\"><\/object><a id=\"wp-block-file--media-d8cac8a8-e7c3-4c5d-80e7-e7fcf848176e\" href=\"https:\/\/site.ac-martinique.fr\/clg-terreville\/wp-content\/uploads\/sites\/90\/2024\/06\/AFFICHE-ceremonie-de-remise-des-prix.pdf\">AFFICHE-ceremonie-de-remise-des-prix<\/a><a href=\"https:\/\/site.ac-martinique.fr\/clg-terreville\/wp-content\/uploads\/sites\/90\/2024\/06\/AFFICHE-ceremonie-de-remise-des-prix.pdf\" class=\"wp-block-file__button wp-element-button\" download aria-describedby=\"wp-block-file--media-d8cac8a8-e7c3-4c5d-80e7-e7fcf848176e\">T\u00e9l\u00e9charger<\/a><\/div>\n\n\n\n<figure class=\"wp-block-image size-large is-resized is-style-tw-shadow\"><img loading=\"lazy\" decoding=\"async\" width=\"724\" height=\"1024\" src=\"https:\/\/site.ac-martinique.fr\/clg-terreville\/wp-content\/uploads\/sites\/90\/2024\/06\/OLYMPIADES-6e-724x1024.jpg\" alt=\"\" class=\"wp-image-1979\" style=\"width:750px;height:auto\" srcset=\"https:\/\/site.ac-martinique.fr\/clg-terreville\/wp-content\/uploads\/sites\/90\/2024\/06\/OLYMPIADES-6e-724x1024.jpg 724w, https:\/\/site.ac-martinique.fr\/clg-terreville\/wp-content\/uploads\/sites\/90\/2024\/06\/OLYMPIADES-6e-212x300.jpg 212w, https:\/\/site.ac-martinique.fr\/clg-terreville\/wp-content\/uploads\/sites\/90\/2024\/06\/OLYMPIADES-6e-768x1086.jpg 768w, https:\/\/site.ac-martinique.fr\/clg-terreville\/wp-content\/uploads\/sites\/90\/2024\/06\/OLYMPIADES-6e-1086x1536.jpg 1086w, https:\/\/site.ac-martinique.fr\/clg-terreville\/wp-content\/uploads\/sites\/90\/2024\/06\/OLYMPIADES-6e-750x1061.jpg 750w, https:\/\/site.ac-martinique.fr\/clg-terreville\/wp-content\/uploads\/sites\/90\/2024\/06\/OLYMPIADES-6e.jpg 1240w\" sizes=\"auto, (max-width: 724px) 100vw, 724px\" \/><\/figure>\n\n\n\n<figure class=\"wp-block-image size-full is-style-tw-shadow\"><img loading=\"lazy\" decoding=\"async\" width=\"825\" height=\"637\" src=\"https:\/\/site.ac-martinique.fr\/clg-terreville\/wp-content\/uploads\/sites\/90\/2024\/06\/prix-action-ECO.jpg\" alt=\"\" class=\"wp-image-1983\" srcset=\"https:\/\/site.ac-martinique.fr\/clg-terreville\/wp-content\/uploads\/sites\/90\/2024\/06\/prix-action-ECO.jpg 825w, https:\/\/site.ac-martinique.fr\/clg-terreville\/wp-content\/uploads\/sites\/90\/2024\/06\/prix-action-ECO-300x232.jpg 300w, https:\/\/site.ac-martinique.fr\/clg-terreville\/wp-content\/uploads\/sites\/90\/2024\/06\/prix-action-ECO-768x593.jpg 768w, https:\/\/site.ac-martinique.fr\/clg-terreville\/wp-content\/uploads\/sites\/90\/2024\/06\/prix-action-ECO-750x579.jpg 750w\" sizes=\"auto, (max-width: 825px) 100vw, 825px\" \/><\/figure>\n\n\n\n<figure class=\"wp-block-image size-large is-resized is-style-tw-shadow\"><img loading=\"lazy\" decoding=\"async\" width=\"724\" height=\"1024\" src=\"https:\/\/site.ac-martinique.fr\/clg-terreville\/wp-content\/uploads\/sites\/90\/2024\/06\/Flamme-olympique-724x1024.jpg\" alt=\"\" class=\"wp-image-1977\" style=\"width:748px;height:auto\" srcset=\"https:\/\/site.ac-martinique.fr\/clg-terreville\/wp-content\/uploads\/sites\/90\/2024\/06\/Flamme-olympique-724x1024.jpg 724w, https:\/\/site.ac-martinique.fr\/clg-terreville\/wp-content\/uploads\/sites\/90\/2024\/06\/Flamme-olympique-212x300.jpg 212w, https:\/\/site.ac-martinique.fr\/clg-terreville\/wp-content\/uploads\/sites\/90\/2024\/06\/Flamme-olympique-768x1086.jpg 768w, https:\/\/site.ac-martinique.fr\/clg-terreville\/wp-content\/uploads\/sites\/90\/2024\/06\/Flamme-olympique-1086x1536.jpg 1086w, https:\/\/site.ac-martinique.fr\/clg-terreville\/wp-content\/uploads\/sites\/90\/2024\/06\/Flamme-olympique-750x1061.jpg 750w, https:\/\/site.ac-martinique.fr\/clg-terreville\/wp-content\/uploads\/sites\/90\/2024\/06\/Flamme-olympique.jpg 1240w\" sizes=\"auto, (max-width: 724px) 100vw, 724px\" \/><\/figure>\n\n\n\n<div data-wp-interactive=\"core\/file\" class=\"wp-block-file\"><object data-wp-bind--hidden=\"!state.hasPdfPreview\" hidden class=\"wp-block-file__embed\" data=\"https:\/\/site.ac-martinique.fr\/clg-terreville\/wp-content\/uploads\/sites\/90\/2024\/07\/Les-Collegiens-de-Terreville-accueillent-la-Flamme-Olympique.pdf\" type=\"application\/pdf\" style=\"width:100%;height:600px\" aria-label=\"Contenu embarqu\u00e9 Les-Collegiens-de-Terreville-accueillent-la-Flamme-Olympique.\"><\/object><a id=\"wp-block-file--media-3c269c85-5356-429e-8b3f-7ca43e20856a\" href=\"https:\/\/site.ac-martinique.fr\/clg-terreville\/wp-content\/uploads\/sites\/90\/2024\/07\/Les-Collegiens-de-Terreville-accueillent-la-Flamme-Olympique.pdf\">Les-Collegiens-de-Terreville-accueillent-la-Flamme-Olympique<\/a><a href=\"https:\/\/site.ac-martinique.fr\/clg-terreville\/wp-content\/uploads\/sites\/90\/2024\/07\/Les-Collegiens-de-Terreville-accueillent-la-Flamme-Olympique.pdf\" class=\"wp-block-file__button wp-element-button\" download aria-describedby=\"wp-block-file--media-3c269c85-5356-429e-8b3f-7ca43e20856a\">T\u00e9l\u00e9charger<\/a><\/div>\n\n\n\n<h2 class=\"wp-block-heading\"><mark style=\"background-color:rgba(0, 0, 0, 0)\" class=\"has-inline-color has-vivid-cyan-blue-color\">Rien \u00e0 acheter, tout \u00e0 gagner !<\/mark><\/h2>\n\n\n\n<figure class=\"wp-block-image size-large is-resized is-style-tw-shadow\"><img loading=\"lazy\" decoding=\"async\" width=\"724\" height=\"1024\" src=\"https:\/\/site.ac-martinique.fr\/clg-terreville\/wp-content\/uploads\/sites\/90\/2024\/06\/Mini-foire-eco-delegue-724x1024.jpg\" alt=\"\" class=\"wp-image-1924\" style=\"width:748px;height:auto\" srcset=\"https:\/\/site.ac-martinique.fr\/clg-terreville\/wp-content\/uploads\/sites\/90\/2024\/06\/Mini-foire-eco-delegue-724x1024.jpg 724w, https:\/\/site.ac-martinique.fr\/clg-terreville\/wp-content\/uploads\/sites\/90\/2024\/06\/Mini-foire-eco-delegue-212x300.jpg 212w, https:\/\/site.ac-martinique.fr\/clg-terreville\/wp-content\/uploads\/sites\/90\/2024\/06\/Mini-foire-eco-delegue-768x1086.jpg 768w, https:\/\/site.ac-martinique.fr\/clg-terreville\/wp-content\/uploads\/sites\/90\/2024\/06\/Mini-foire-eco-delegue-1086x1536.jpg 1086w, https:\/\/site.ac-martinique.fr\/clg-terreville\/wp-content\/uploads\/sites\/90\/2024\/06\/Mini-foire-eco-delegue-750x1061.jpg 750w, https:\/\/site.ac-martinique.fr\/clg-terreville\/wp-content\/uploads\/sites\/90\/2024\/06\/Mini-foire-eco-delegue.jpg 1240w\" sizes=\"auto, (max-width: 724px) 100vw, 724px\" \/><\/figure>\n\n\n\n<p><\/p>\n\n\n\n<p class=\"has-text-align-center\">Les \u00e9co-d\u00e9l\u00e9gu\u00e9es de 5e1 nous livrent leurs sentiments:  <\/p>\n\n\n\n<div class=\"wp-block-columns is-layout-flex wp-container-core-columns-is-layout-abceabcf wp-block-columns-is-layout-flex\">\n<div class=\"wp-block-column is-layout-flow wp-block-column-is-layout-flow\">\n<p><mark style=\"background-color:#f6bac9;color:#ba47d5\" class=\"has-inline-color\">\u00ab\u00a0Ce que j\u2019ai aim\u00e9 c\u2019est le fait de faire d\u00e9couvrir aux \u00e9l\u00e8ves de nouvelles choses en jouant\u00a0\u00bb.&nbsp;<strong><em>Eva<\/em><\/strong><\/mark><\/p>\n<\/div>\n\n\n\n<div class=\"wp-block-column is-layout-flow wp-block-column-is-layout-flow\">\n<p><mark style=\"background-color:#fbe9b9;color:#085a8a\" class=\"has-inline-color\">\u00ab\u00a0La mini-foire \u00e9tait cool, c\u2019\u00e9tait bien organis\u00e9, j\u2019ai bien aim\u00e9\u00a0\u00bb.&nbsp;<strong><em>Daphn\u00e9<\/em><\/strong><\/mark><\/p>\n<\/div>\n<\/div>\n\n\n\n<p class=\"has-text-align-center\">Bravo \u00e0 tous nos \u00e9co-d\u00e9l\u00e9gu\u00e9s !<\/p>\n\n\n\n<h2 class=\"wp-block-heading\"><mark style=\"background-color:rgba(0, 0, 0, 0)\" class=\"has-inline-color has-vivid-cyan-blue-color\">Sortie \u00e0 l&rsquo;AMEDAV<\/mark><\/h2>\n\n\n\n<figure class=\"wp-block-image size-large is-style-tw-shadow\"><img loading=\"lazy\" decoding=\"async\" width=\"724\" height=\"1024\" src=\"https:\/\/site.ac-martinique.fr\/clg-terreville\/wp-content\/uploads\/sites\/90\/2024\/06\/AMEDAV24-724x1024.jpg\" alt=\"\" class=\"wp-image-1910\" srcset=\"https:\/\/site.ac-martinique.fr\/clg-terreville\/wp-content\/uploads\/sites\/90\/2024\/06\/AMEDAV24-724x1024.jpg 724w, https:\/\/site.ac-martinique.fr\/clg-terreville\/wp-content\/uploads\/sites\/90\/2024\/06\/AMEDAV24-212x300.jpg 212w, https:\/\/site.ac-martinique.fr\/clg-terreville\/wp-content\/uploads\/sites\/90\/2024\/06\/AMEDAV24-768x1086.jpg 768w, https:\/\/site.ac-martinique.fr\/clg-terreville\/wp-content\/uploads\/sites\/90\/2024\/06\/AMEDAV24-1086x1536.jpg 1086w, https:\/\/site.ac-martinique.fr\/clg-terreville\/wp-content\/uploads\/sites\/90\/2024\/06\/AMEDAV24-750x1061.jpg 750w, https:\/\/site.ac-martinique.fr\/clg-terreville\/wp-content\/uploads\/sites\/90\/2024\/06\/AMEDAV24.jpg 1240w\" sizes=\"auto, (max-width: 724px) 100vw, 724px\" \/><\/figure>\n\n\n\n<figure class=\"wp-block-image size-large is-style-tw-shadow\"><img loading=\"lazy\" decoding=\"async\" width=\"724\" height=\"1024\" src=\"https:\/\/site.ac-martinique.fr\/clg-terreville\/wp-content\/uploads\/sites\/90\/2024\/06\/CAMPEONATO24-724x1024.jpg\" alt=\"\" class=\"wp-image-1973\" srcset=\"https:\/\/site.ac-martinique.fr\/clg-terreville\/wp-content\/uploads\/sites\/90\/2024\/06\/CAMPEONATO24-724x1024.jpg 724w, https:\/\/site.ac-martinique.fr\/clg-terreville\/wp-content\/uploads\/sites\/90\/2024\/06\/CAMPEONATO24-212x300.jpg 212w, https:\/\/site.ac-martinique.fr\/clg-terreville\/wp-content\/uploads\/sites\/90\/2024\/06\/CAMPEONATO24-768x1086.jpg 768w, https:\/\/site.ac-martinique.fr\/clg-terreville\/wp-content\/uploads\/sites\/90\/2024\/06\/CAMPEONATO24-1086x1536.jpg 1086w, https:\/\/site.ac-martinique.fr\/clg-terreville\/wp-content\/uploads\/sites\/90\/2024\/06\/CAMPEONATO24-750x1061.jpg 750w, https:\/\/site.ac-martinique.fr\/clg-terreville\/wp-content\/uploads\/sites\/90\/2024\/06\/CAMPEONATO24.jpg 1240w\" sizes=\"auto, (max-width: 724px) 100vw, 724px\" \/><\/figure>\n\n\n\n<div data-wp-interactive=\"core\/file\" class=\"wp-block-file\"><object data-wp-bind--hidden=\"!state.hasPdfPreview\" hidden class=\"wp-block-file__embed\" data=\"https:\/\/site.ac-martinique.fr\/clg-terreville\/wp-content\/uploads\/sites\/90\/2024\/06\/4.-Sa-ki-ni-TerrJADEN-2023.2024.pdf\" type=\"application\/pdf\" style=\"width:100%;height:600px\" aria-label=\"Contenu embarqu\u00e9 4.-Sa-ki-ni-TerrJADEN-2023.2024.\"><\/object><a id=\"wp-block-file--media-0258d32c-1464-4018-bba4-43fcd0eeded2\" href=\"https:\/\/site.ac-martinique.fr\/clg-terreville\/wp-content\/uploads\/sites\/90\/2024\/06\/4.-Sa-ki-ni-TerrJADEN-2023.2024.pdf\">4.-Sa-ki-ni-TerrJADEN-2023.2024<\/a><a href=\"https:\/\/site.ac-martinique.fr\/clg-terreville\/wp-content\/uploads\/sites\/90\/2024\/06\/4.-Sa-ki-ni-TerrJADEN-2023.2024.pdf\" class=\"wp-block-file__button wp-element-button\" download aria-describedby=\"wp-block-file--media-0258d32c-1464-4018-bba4-43fcd0eeded2\">T\u00e9l\u00e9charger<\/a><\/div>\n","protected":false},"excerpt":{"rendered":"<p>LISTES DE MATERIEL PAR NIVEAU 2024-25 > Inscription \u00e0 la demi-pension > Planning d&rsquo;inscriptions rentr\u00e9e 2024-25 > Voir Rubrique ADMINISTRATION \/ Inscription Fock sa chang\u00e9: Le coll\u00e8ge de Terreville solidaire Jeudi 27 Juin : C\u00e9r\u00e9monie de remise des Prix Rien \u00e0 acheter, tout \u00e0 gagner ! Les \u00e9co-d\u00e9l\u00e9gu\u00e9es de 5e1 nous livrent leurs sentiments: \u00ab\u00a0Ce &hellip; <\/p>\n<p><a class=\"more-link btn\" href=\"https:\/\/site.ac-martinique.fr\/clg-terreville\/?p=1909\">Lire la suite<\/a><\/p>\n","protected":false},"author":234,"featured_media":0,"comment_status":"open","ping_status":"open","sticky":false,"template":"","format":"standard","meta":{"footnotes":""},"categories":[1],"tags":[],"class_list":["post-1909","post","type-post","status-publish","format-standard","hentry","category-non-classe","item-wrap"],"_links":{"self":[{"href":"https:\/\/site.ac-martinique.fr\/clg-terreville\/index.php?rest_route=\/wp\/v2\/posts\/1909","targetHints":{"allow":["GET"]}}],"collection":[{"href":"https:\/\/site.ac-martinique.fr\/clg-terreville\/index.php?rest_route=\/wp\/v2\/posts"}],"about":[{"href":"https:\/\/site.ac-martinique.fr\/clg-terreville\/index.php?rest_route=\/wp\/v2\/types\/post"}],"author":[{"embeddable":true,"href":"https:\/\/site.ac-martinique.fr\/clg-terreville\/index.php?rest_route=\/wp\/v2\/users\/234"}],"replies":[{"embeddable":true,"href":"https:\/\/site.ac-martinique.fr\/clg-terreville\/index.php?rest_route=%2Fwp%2Fv2%2Fcomments&post=1909"}],"version-history":[{"count":33,"href":"https:\/\/site.ac-martinique.fr\/clg-terreville\/index.php?rest_route=\/wp\/v2\/posts\/1909\/revisions"}],"predecessor-version":[{"id":2196,"href":"https:\/\/site.ac-martinique.fr\/clg-terreville\/index.php?rest_route=\/wp\/v2\/posts\/1909\/revisions\/2196"}],"wp:attachment":[{"href":"https:\/\/site.ac-martinique.fr\/clg-terreville\/index.php?rest_route=%2Fwp%2Fv2%2Fmedia&parent=1909"}],"wp:term":[{"taxonomy":"category","embeddable":true,"href":"https:\/\/site.ac-martinique.fr\/clg-terreville\/index.php?rest_route=%2Fwp%2Fv2%2Fcategories&post=1909"},{"taxonomy":"post_tag","embeddable":true,"href":"https:\/\/site.ac-martinique.fr\/clg-terreville\/index.php?rest_route=%2Fwp%2Fv2%2Ftags&post=1909"}],"curies":[{"name":"wp","href":"https:\/\/api.w.org\/{rel}","templated":true}]}}