{"id":3977,"date":"2026-04-23T22:42:45","date_gmt":"2026-04-24T02:42:45","guid":{"rendered":"https:\/\/site.ac-martinique.fr\/clg-trianon\/?p=3977"},"modified":"2026-04-24T10:34:26","modified_gmt":"2026-04-24T14:34:26","slug":"le-journal-du-college-est-de-retour","status":"publish","type":"post","link":"https:\/\/site.ac-martinique.fr\/clg-trianon\/?p=3977","title":{"rendered":"Le journal du coll\u00e8ge est de retour !"},"content":{"rendered":"\n\n\n<p style=\"text-align: center;\"><a href=\"https:\/\/site.ac-martinique.fr\/clg-trianon\/wp-content\/uploads\/sites\/66\/2026\/04\/banniere-2025-janvier-oeil-de-trianon-2-scaled.jpg\"><img loading=\"lazy\" decoding=\"async\" class=\"alignnone size-medium wp-image-3978 aligncenter\" src=\"https:\/\/site.ac-martinique.fr\/clg-trianon\/wp-content\/uploads\/sites\/66\/2026\/04\/banniere-2025-janvier-oeil-de-trianon-2-300x141.jpg\" alt=\"\" width=\"300\" height=\"141\" srcset=\"https:\/\/site.ac-martinique.fr\/clg-trianon\/wp-content\/uploads\/sites\/66\/2026\/04\/banniere-2025-janvier-oeil-de-trianon-2-300x141.jpg 300w, https:\/\/site.ac-martinique.fr\/clg-trianon\/wp-content\/uploads\/sites\/66\/2026\/04\/banniere-2025-janvier-oeil-de-trianon-2-1024x483.jpg 1024w, https:\/\/site.ac-martinique.fr\/clg-trianon\/wp-content\/uploads\/sites\/66\/2026\/04\/banniere-2025-janvier-oeil-de-trianon-2-768x362.jpg 768w, https:\/\/site.ac-martinique.fr\/clg-trianon\/wp-content\/uploads\/sites\/66\/2026\/04\/banniere-2025-janvier-oeil-de-trianon-2-1536x724.jpg 1536w, https:\/\/site.ac-martinique.fr\/clg-trianon\/wp-content\/uploads\/sites\/66\/2026\/04\/banniere-2025-janvier-oeil-de-trianon-2-2048x965.jpg 2048w, https:\/\/site.ac-martinique.fr\/clg-trianon\/wp-content\/uploads\/sites\/66\/2026\/04\/banniere-2025-janvier-oeil-de-trianon-2-500x236.jpg 500w\" sizes=\"auto, (max-width: 300px) 100vw, 300px\" \/><\/a>Nous avons le plaisir de vous annoncer la parution du premier num\u00e9ro du journal de notre coll\u00e8ge pour l&#8217;ann\u00e9e scolaire 2025-2026.&nbsp;<\/p>\n\n\n\n<p>Veuillez trouver le lien ci-dessous :\u00a0<\/p>\n<p><a href=\"https:\/\/canva.link\/journalloeildetrianon\">https:\/\/canva.link\/journalloeildetrianon<\/a><\/p>\n<p>Bonne lecture \u00e0 vous !\u00a0<\/p>\n<p>\u00a0<\/p>\n<p>\u00a0<\/p>\n<p style=\"text-align: center;\">\u00a0<\/p>\n\n\n\n\n","protected":false},"excerpt":{"rendered":"<p>Nous avons le plaisir de vous annoncer la parution du premier num\u00e9ro du journal de notre coll\u00e8ge pour l&#8217;ann\u00e9e scolaire 2025-2026.&nbsp; Veuillez trouver le lien ci-dessous :\u00a0 https:\/\/canva.link\/journalloeildetrianon Bonne lecture \u00e0 vous !\u00a0 \u00a0 \u00a0 \u00a0<\/p>\n","protected":false},"author":163,"featured_media":0,"comment_status":"closed","ping_status":"closed","sticky":false,"template":"","format":"standard","meta":{"footnotes":""},"categories":[6,43],"tags":[66],"class_list":["post-3977","post","type-post","status-publish","format-standard","hentry","category-accueil","category-journal","tag-journal-du-college"],"_links":{"self":[{"href":"https:\/\/site.ac-martinique.fr\/clg-trianon\/index.php?rest_route=\/wp\/v2\/posts\/3977","targetHints":{"allow":["GET"]}}],"collection":[{"href":"https:\/\/site.ac-martinique.fr\/clg-trianon\/index.php?rest_route=\/wp\/v2\/posts"}],"about":[{"href":"https:\/\/site.ac-martinique.fr\/clg-trianon\/index.php?rest_route=\/wp\/v2\/types\/post"}],"author":[{"embeddable":true,"href":"https:\/\/site.ac-martinique.fr\/clg-trianon\/index.php?rest_route=\/wp\/v2\/users\/163"}],"replies":[{"embeddable":true,"href":"https:\/\/site.ac-martinique.fr\/clg-trianon\/index.php?rest_route=%2Fwp%2Fv2%2Fcomments&post=3977"}],"version-history":[{"count":12,"href":"https:\/\/site.ac-martinique.fr\/clg-trianon\/index.php?rest_route=\/wp\/v2\/posts\/3977\/revisions"}],"predecessor-version":[{"id":3996,"href":"https:\/\/site.ac-martinique.fr\/clg-trianon\/index.php?rest_route=\/wp\/v2\/posts\/3977\/revisions\/3996"}],"wp:attachment":[{"href":"https:\/\/site.ac-martinique.fr\/clg-trianon\/index.php?rest_route=%2Fwp%2Fv2%2Fmedia&parent=3977"}],"wp:term":[{"taxonomy":"category","embeddable":true,"href":"https:\/\/site.ac-martinique.fr\/clg-trianon\/index.php?rest_route=%2Fwp%2Fv2%2Fcategories&post=3977"},{"taxonomy":"post_tag","embeddable":true,"href":"https:\/\/site.ac-martinique.fr\/clg-trianon\/index.php?rest_route=%2Fwp%2Fv2%2Ftags&post=3977"}],"curies":[{"name":"wp","href":"https:\/\/api.w.org\/{rel}","templated":true}]}}