{"id":4922,"date":"2018-03-16T12:46:07","date_gmt":"2018-03-16T12:46:07","guid":{"rendered":"\/clg-vauclin\/?p=4922"},"modified":"2018-03-16T12:46:07","modified_gmt":"2018-03-16T12:46:07","slug":"representation-theatrale-du-2303-a-la-mjc-du-vauclin","status":"publish","type":"post","link":"https:\/\/site.ac-martinique.fr\/clg-vauclin\/?p=4922","title":{"rendered":"Repr\u00e9sentation th\u00e9\u00e2trale du 23\/03 \u00e0 la MJC du Vauclin"},"content":{"rendered":"<p>Chers parents,<\/p>\n<p>la compagnie th\u00e9\u00e2trale du Versant se produira \u00e0 la MJC du Vauclin vendredi 23\/03 en matin\u00e9e. Ce spectacle concernera une centaine d&#8217;\u00e9l\u00e8ves du coll\u00e8ge.<a href=\"\/clg-vauclin\/wp-content\/uploads\/sites\/69\/2018\/03\/Capture.png\"><img loading=\"lazy\" decoding=\"async\" class=\"aligncenter  wp-image-4923\" src=\"\/clg-vauclin\/wp-content\/uploads\/sites\/69\/2018\/03\/Capture.png\" alt=\"capture\" width=\"467\" height=\"664\" srcset=\"https:\/\/site.ac-martinique.fr\/clg-vauclin\/wp-content\/uploads\/sites\/69\/2018\/03\/Capture.png 619w, https:\/\/site.ac-martinique.fr\/clg-vauclin\/wp-content\/uploads\/sites\/69\/2018\/03\/Capture-211x300.png 211w\" sizes=\"auto, (max-width: 467px) 100vw, 467px\" \/><\/a><\/p>\n","protected":false},"excerpt":{"rendered":"<p>Chers parents, la compagnie th\u00e9\u00e2trale du Versant se produira \u00e0 la MJC du Vauclin vendredi 23\/03 en matin\u00e9e. Ce spectacle concernera une centaine d&#8217;\u00e9l\u00e8ves du coll\u00e8ge.<\/p>\n","protected":false},"author":171,"featured_media":0,"comment_status":"closed","ping_status":"closed","sticky":false,"template":"","format":"standard","meta":{"footnotes":""},"categories":[1],"tags":[],"class_list":["post-4922","post","type-post","status-publish","format-standard","hentry","category-non-classe"],"_links":{"self":[{"href":"https:\/\/site.ac-martinique.fr\/clg-vauclin\/index.php?rest_route=\/wp\/v2\/posts\/4922","targetHints":{"allow":["GET"]}}],"collection":[{"href":"https:\/\/site.ac-martinique.fr\/clg-vauclin\/index.php?rest_route=\/wp\/v2\/posts"}],"about":[{"href":"https:\/\/site.ac-martinique.fr\/clg-vauclin\/index.php?rest_route=\/wp\/v2\/types\/post"}],"author":[{"embeddable":true,"href":"https:\/\/site.ac-martinique.fr\/clg-vauclin\/index.php?rest_route=\/wp\/v2\/users\/171"}],"replies":[{"embeddable":true,"href":"https:\/\/site.ac-martinique.fr\/clg-vauclin\/index.php?rest_route=%2Fwp%2Fv2%2Fcomments&post=4922"}],"version-history":[{"count":1,"href":"https:\/\/site.ac-martinique.fr\/clg-vauclin\/index.php?rest_route=\/wp\/v2\/posts\/4922\/revisions"}],"predecessor-version":[{"id":4924,"href":"https:\/\/site.ac-martinique.fr\/clg-vauclin\/index.php?rest_route=\/wp\/v2\/posts\/4922\/revisions\/4924"}],"wp:attachment":[{"href":"https:\/\/site.ac-martinique.fr\/clg-vauclin\/index.php?rest_route=%2Fwp%2Fv2%2Fmedia&parent=4922"}],"wp:term":[{"taxonomy":"category","embeddable":true,"href":"https:\/\/site.ac-martinique.fr\/clg-vauclin\/index.php?rest_route=%2Fwp%2Fv2%2Fcategories&post=4922"},{"taxonomy":"post_tag","embeddable":true,"href":"https:\/\/site.ac-martinique.fr\/clg-vauclin\/index.php?rest_route=%2Fwp%2Fv2%2Ftags&post=4922"}],"curies":[{"name":"wp","href":"https:\/\/api.w.org\/{rel}","templated":true}]}}