{"id":4934,"date":"2018-04-09T14:34:43","date_gmt":"2018-04-09T14:34:43","guid":{"rendered":"\/clg-vauclin\/?p=4934"},"modified":"2018-04-09T14:34:43","modified_gmt":"2018-04-09T14:34:43","slug":"projet-yole","status":"publish","type":"post","link":"https:\/\/site.ac-martinique.fr\/clg-vauclin\/?p=4934","title":{"rendered":"projet yole"},"content":{"rendered":"<p>Chers parents,<\/p>\n<p>Dans le cadre du <strong>projet \u00ab\u00a0A tout\u2019 yole\u00a0\u00bb<\/strong> \u0153uvrant pour la reconnaissance de la yole comme patrimoine \u00e0 l\u2019UNESCO,\u00a0 le coll\u00e8ge accueillera des ambassadeurs de la yole durant la semaine <strong>du 16 au 20 avril 2018<\/strong>.<\/p>\n<p>Des patrons de yoles interviendront dans les classes afin de transmettre \u00e0 nos \u00e9l\u00e8ves l&#8217;histoire de la yole ainsi que les valeurs propres \u00e0 ce sport (entraide, esprit d&#8217;\u00e9quipe&#8230;).<\/p>\n<p>Lors de cette semaine, une BB yole sera expos\u00e9e dans la cour du coll\u00e8ge.<\/p>\n","protected":false},"excerpt":{"rendered":"<p>Chers parents, Dans le cadre du projet \u00ab\u00a0A tout\u2019 yole\u00a0\u00bb \u0153uvrant pour la reconnaissance de la yole comme patrimoine \u00e0 l\u2019UNESCO,\u00a0 le coll\u00e8ge accueillera des ambassadeurs de la yole durant la semaine du 16 au 20 avril 2018. Des patrons de yoles interviendront dans les classes afin de transmettre \u00e0 nos \u00e9l\u00e8ves l&#8217;histoire de la [&hellip;]<\/p>\n","protected":false},"author":171,"featured_media":0,"comment_status":"closed","ping_status":"closed","sticky":false,"template":"","format":"standard","meta":{"footnotes":""},"categories":[1],"tags":[],"class_list":["post-4934","post","type-post","status-publish","format-standard","hentry","category-non-classe"],"_links":{"self":[{"href":"https:\/\/site.ac-martinique.fr\/clg-vauclin\/index.php?rest_route=\/wp\/v2\/posts\/4934","targetHints":{"allow":["GET"]}}],"collection":[{"href":"https:\/\/site.ac-martinique.fr\/clg-vauclin\/index.php?rest_route=\/wp\/v2\/posts"}],"about":[{"href":"https:\/\/site.ac-martinique.fr\/clg-vauclin\/index.php?rest_route=\/wp\/v2\/types\/post"}],"author":[{"embeddable":true,"href":"https:\/\/site.ac-martinique.fr\/clg-vauclin\/index.php?rest_route=\/wp\/v2\/users\/171"}],"replies":[{"embeddable":true,"href":"https:\/\/site.ac-martinique.fr\/clg-vauclin\/index.php?rest_route=%2Fwp%2Fv2%2Fcomments&post=4934"}],"version-history":[{"count":1,"href":"https:\/\/site.ac-martinique.fr\/clg-vauclin\/index.php?rest_route=\/wp\/v2\/posts\/4934\/revisions"}],"predecessor-version":[{"id":4935,"href":"https:\/\/site.ac-martinique.fr\/clg-vauclin\/index.php?rest_route=\/wp\/v2\/posts\/4934\/revisions\/4935"}],"wp:attachment":[{"href":"https:\/\/site.ac-martinique.fr\/clg-vauclin\/index.php?rest_route=%2Fwp%2Fv2%2Fmedia&parent=4934"}],"wp:term":[{"taxonomy":"category","embeddable":true,"href":"https:\/\/site.ac-martinique.fr\/clg-vauclin\/index.php?rest_route=%2Fwp%2Fv2%2Fcategories&post=4934"},{"taxonomy":"post_tag","embeddable":true,"href":"https:\/\/site.ac-martinique.fr\/clg-vauclin\/index.php?rest_route=%2Fwp%2Fv2%2Ftags&post=4934"}],"curies":[{"name":"wp","href":"https:\/\/api.w.org\/{rel}","templated":true}]}}