{"id":5233,"date":"2019-02-18T11:45:41","date_gmt":"2019-02-18T11:45:41","guid":{"rendered":"\/clg-vauclin\/?p=5233"},"modified":"2019-02-18T16:54:42","modified_gmt":"2019-02-18T16:54:42","slug":"5233","status":"publish","type":"post","link":"https:\/\/site.ac-martinique.fr\/clg-vauclin\/?p=5233","title":{"rendered":"RALLYE MATH"},"content":{"rendered":"<p><span style=\"font-family: Calibri\">Chers parents,<\/span><\/p>\n<p><span style=\"font-family: Calibri\">La finale du Rallye Math\u00e9matiques des Antilles\u00a0 pour la cat\u00e9gorie coll\u00e8ge 4\u00b0 et 3\u00b0, se d\u00e9roulera le <strong>mercredi 13 mars\u00a0 2019 de 14h30 \u00e0 15h30 au coll\u00e8ge Edouard Glissant.<\/strong><\/span><\/p>\n<p><span style=\"font-family: Calibri\">Notre \u00e9tablissement s&#8217;est distingu\u00e9 avec <strong>la qualification de\u00a0 6 \u00e9quipes<\/strong>,\u00a0<\/span><span style=\"font-family: Calibri\">les \u00e9l\u00e8ves qualifi\u00e9s sont les suivants:<\/span><\/p>\n<ul>\n<li>RELAV N\u00e9lya<\/li>\n<li>PERNOCK Judyma\u00ebl<\/li>\n<li>DUBOYER Rodnahiel<\/li>\n<li>MARCOU Lorette<\/li>\n<li>MENUDIER Ma\u00eflys<\/li>\n<li>PORTER Alexia<\/li>\n<li>LEROY Edgar<\/li>\n<li>GUIRAUD Noah<\/li>\n<li>ATLAN Thomas<\/li>\n<li>PRUDENT Alycia<\/li>\n<li>DAVIDAS Yanice<\/li>\n<li>RESIDANT Annielle<\/li>\n<li>LESCOT-MENARD Taothily<\/li>\n<li>CARRICO Lilian<\/li>\n<li>SAAR-ROSALIE L\u00e9a<\/li>\n<li>PAPUS Twaina<\/li>\n<li>JEAN-FRANCOIS Allan<\/li>\n<li>ROGOL Cylia<\/li>\n<\/ul>\n<p>Un grand bravo pour cette performance et\u00a0tous nos encouragements pour la finale!<br \/>\nCliquez sur le lien ci dessous pour voir les \u00e9quipes s\u00e9lectionn\u00e9es :<br \/>\n<a href=\"\/clg-vauclin\/wp-content\/uploads\/sites\/69\/2019\/02\/Coll\u00e8ge-du-Vauclin_Equipes s\u00e9lectionn\u00e9es 2019\">college-du-vauclin_equipes_selectionnees_2019<\/a><\/p>\n","protected":false},"excerpt":{"rendered":"<p>Chers parents, La finale du Rallye Math\u00e9matiques des Antilles\u00a0 pour la cat\u00e9gorie coll\u00e8ge 4\u00b0 et 3\u00b0, se d\u00e9roulera le mercredi 13 mars\u00a0 2019 de 14h30 \u00e0 15h30 au coll\u00e8ge Edouard Glissant. Notre \u00e9tablissement s&#8217;est distingu\u00e9 avec la qualification de\u00a0 6 \u00e9quipes,\u00a0les \u00e9l\u00e8ves qualifi\u00e9s sont les suivants: RELAV N\u00e9lya PERNOCK Judyma\u00ebl DUBOYER Rodnahiel MARCOU Lorette MENUDIER [&hellip;]<\/p>\n","protected":false},"author":171,"featured_media":0,"comment_status":"closed","ping_status":"closed","sticky":false,"template":"","format":"standard","meta":{"footnotes":""},"categories":[1],"tags":[],"class_list":["post-5233","post","type-post","status-publish","format-standard","hentry","category-non-classe"],"_links":{"self":[{"href":"https:\/\/site.ac-martinique.fr\/clg-vauclin\/index.php?rest_route=\/wp\/v2\/posts\/5233","targetHints":{"allow":["GET"]}}],"collection":[{"href":"https:\/\/site.ac-martinique.fr\/clg-vauclin\/index.php?rest_route=\/wp\/v2\/posts"}],"about":[{"href":"https:\/\/site.ac-martinique.fr\/clg-vauclin\/index.php?rest_route=\/wp\/v2\/types\/post"}],"author":[{"embeddable":true,"href":"https:\/\/site.ac-martinique.fr\/clg-vauclin\/index.php?rest_route=\/wp\/v2\/users\/171"}],"replies":[{"embeddable":true,"href":"https:\/\/site.ac-martinique.fr\/clg-vauclin\/index.php?rest_route=%2Fwp%2Fv2%2Fcomments&post=5233"}],"version-history":[{"count":8,"href":"https:\/\/site.ac-martinique.fr\/clg-vauclin\/index.php?rest_route=\/wp\/v2\/posts\/5233\/revisions"}],"predecessor-version":[{"id":5242,"href":"https:\/\/site.ac-martinique.fr\/clg-vauclin\/index.php?rest_route=\/wp\/v2\/posts\/5233\/revisions\/5242"}],"wp:attachment":[{"href":"https:\/\/site.ac-martinique.fr\/clg-vauclin\/index.php?rest_route=%2Fwp%2Fv2%2Fmedia&parent=5233"}],"wp:term":[{"taxonomy":"category","embeddable":true,"href":"https:\/\/site.ac-martinique.fr\/clg-vauclin\/index.php?rest_route=%2Fwp%2Fv2%2Fcategories&post=5233"},{"taxonomy":"post_tag","embeddable":true,"href":"https:\/\/site.ac-martinique.fr\/clg-vauclin\/index.php?rest_route=%2Fwp%2Fv2%2Ftags&post=5233"}],"curies":[{"name":"wp","href":"https:\/\/api.w.org\/{rel}","templated":true}]}}