{"id":5260,"date":"2019-03-26T13:56:04","date_gmt":"2019-03-26T13:56:04","guid":{"rendered":"\/clg-vauclin\/?p=5260"},"modified":"2019-03-26T13:56:04","modified_gmt":"2019-03-26T13:56:04","slug":"bourse-de-lycee","status":"publish","type":"post","link":"https:\/\/site.ac-martinique.fr\/clg-vauclin\/?p=5260","title":{"rendered":"Bourse de lyc\u00e9e"},"content":{"rendered":"<p>La campagne de bourse de lyc\u00e9e, pour la rentr\u00e9e 2019, sera ouverte du <strong>28 mars 2019 au 04 juillet 2019<\/strong>.<br \/>\nVous trouverez en pi\u00e8ce jointe le flyer qui sera distribu\u00e9 mardi 26 mars 2019 aux \u00e9l\u00e8ves de 3i\u00e8me.<\/p>\n<p><a href=\"\/clg-vauclin\/wp-content\/uploads\/sites\/69\/2019\/03\/2019_Bourse_lycee_coll\u00e8ge-du-Vauclin_parents.pdf\">2019_bourse_lycee_college-du-vauclin_parents<\/a><br \/>\nLe lien ci-dessus vous apportera toutes les informations n\u00e9cessaires. Le secr\u00e9tariat de direction se tient \u00e0 votre dispostion.<br \/>\nhttps:\/\/www.education.gouv.fr\/cid151\/les-aides-financieres-au-lycee.html<\/p>\n","protected":false},"excerpt":{"rendered":"<p>La campagne de bourse de lyc\u00e9e, pour la rentr\u00e9e 2019, sera ouverte du 28 mars 2019 au 04 juillet 2019. Vous trouverez en pi\u00e8ce jointe le flyer qui sera distribu\u00e9 mardi 26 mars 2019 aux \u00e9l\u00e8ves de 3i\u00e8me. 2019_bourse_lycee_college-du-vauclin_parents Le lien ci-dessus vous apportera toutes les informations n\u00e9cessaires. Le secr\u00e9tariat de direction se tient \u00e0 [&hellip;]<\/p>\n","protected":false},"author":172,"featured_media":0,"comment_status":"closed","ping_status":"closed","sticky":false,"template":"","format":"standard","meta":{"footnotes":""},"categories":[1],"tags":[],"class_list":["post-5260","post","type-post","status-publish","format-standard","hentry","category-non-classe"],"_links":{"self":[{"href":"https:\/\/site.ac-martinique.fr\/clg-vauclin\/index.php?rest_route=\/wp\/v2\/posts\/5260","targetHints":{"allow":["GET"]}}],"collection":[{"href":"https:\/\/site.ac-martinique.fr\/clg-vauclin\/index.php?rest_route=\/wp\/v2\/posts"}],"about":[{"href":"https:\/\/site.ac-martinique.fr\/clg-vauclin\/index.php?rest_route=\/wp\/v2\/types\/post"}],"author":[{"embeddable":true,"href":"https:\/\/site.ac-martinique.fr\/clg-vauclin\/index.php?rest_route=\/wp\/v2\/users\/172"}],"replies":[{"embeddable":true,"href":"https:\/\/site.ac-martinique.fr\/clg-vauclin\/index.php?rest_route=%2Fwp%2Fv2%2Fcomments&post=5260"}],"version-history":[{"count":1,"href":"https:\/\/site.ac-martinique.fr\/clg-vauclin\/index.php?rest_route=\/wp\/v2\/posts\/5260\/revisions"}],"predecessor-version":[{"id":5262,"href":"https:\/\/site.ac-martinique.fr\/clg-vauclin\/index.php?rest_route=\/wp\/v2\/posts\/5260\/revisions\/5262"}],"wp:attachment":[{"href":"https:\/\/site.ac-martinique.fr\/clg-vauclin\/index.php?rest_route=%2Fwp%2Fv2%2Fmedia&parent=5260"}],"wp:term":[{"taxonomy":"category","embeddable":true,"href":"https:\/\/site.ac-martinique.fr\/clg-vauclin\/index.php?rest_route=%2Fwp%2Fv2%2Fcategories&post=5260"},{"taxonomy":"post_tag","embeddable":true,"href":"https:\/\/site.ac-martinique.fr\/clg-vauclin\/index.php?rest_route=%2Fwp%2Fv2%2Ftags&post=5260"}],"curies":[{"name":"wp","href":"https:\/\/api.w.org\/{rel}","templated":true}]}}