{"id":5516,"date":"2020-06-18T16:00:30","date_gmt":"2020-06-18T16:00:30","guid":{"rendered":"\/clg-vauclin\/?p=5516"},"modified":"2020-06-18T16:00:30","modified_gmt":"2020-06-18T16:00:30","slug":"reprise-des-cours-lundi-22-juin-2020","status":"publish","type":"post","link":"https:\/\/site.ac-martinique.fr\/clg-vauclin\/?p=5516","title":{"rendered":"Reprise des cours &#8211; lundi 22 juin 2020"},"content":{"rendered":"<div>Tous les cours reprennent au coll\u00e8ge du Vauclin ce <strong>lundi 22 juin 2020 et jusqu&#8217;au 03 juillet 2020<\/strong> inclus selon l&#8217;emploi du temps qui sera r\u00e9am\u00e9nag\u00e9 \u00e0 compter de vendredi 19 juin apr\u00e8s-midi.<\/div>\n<div><\/div>\n<div>Aussi, l&#8217;enseignement \u00e0 distance est termin\u00e9 \u00e0 compter de vendredi 19 juin &#8211; 12h00 pour l&#8217;ensemble des \u00e9l\u00e8ves.<\/div>\n<div><\/div>\n<div>En raison de l&#8217;organisation de l&#8217;utilisation des locaux de la cantine municipale \u00e0 compter de lundi 22 juin 2020, les coll\u00e9giens ne pourront pas b\u00e9n\u00e9ficier de la demi-pension. Les horaires impos\u00e9s par la Mairie du Vauclin ne permettent pas aux coll\u00e9giens de d\u00e9jeuner dans des conditions acceptables.<\/div>\n<div><\/div>\n<div>Aussi, les \u00e9l\u00e8ves seront accueillis de 07h15 \u00e0 12h30 et de 14h00 \u00e0 16h00 selon les emplois du temps.<\/div>\n<div><\/div>\n<div>En raison des mesures sanitaires en vigueur, aucun \u00e9l\u00e8ve ne sera autoris\u00e9 \u00e0 d\u00e9jeuner dans l&#8217;enceinte du coll\u00e8ge. Tous les \u00e9l\u00e8ves devront sortir \u00e0 12h30 et seront accueillis d\u00e8s 13h45 suivant leurs emplois du temps.<\/div>\n<div><\/div>\n<div>Les parents d&#8217;\u00e9l\u00e8ves veilleront \u00e0 fournir \u00e0 leurs enfants un masque &#8220;grand public&#8221; par demi-journ\u00e9e de pr\u00e9sence dans l&#8217;\u00e9tablissement.<\/div>\n<div><\/div>\n<div>Les \u00e9l\u00e8ves seront form\u00e9s au protocole sanitaire et aux gestes barri\u00e8res \u00e0 leur arriv\u00e9e au coll\u00e8ge, lundi 22 juin.<\/div>\n","protected":false},"excerpt":{"rendered":"<p>Tous les cours reprennent au coll\u00e8ge du Vauclin ce lundi 22 juin 2020 et jusqu&#8217;au 03 juillet 2020 inclus selon l&#8217;emploi du temps qui sera r\u00e9am\u00e9nag\u00e9 \u00e0 compter de vendredi 19 juin apr\u00e8s-midi. Aussi, l&#8217;enseignement \u00e0 distance est termin\u00e9 \u00e0 compter de vendredi 19 juin &#8211; 12h00 pour l&#8217;ensemble des \u00e9l\u00e8ves. En raison de l&#8217;organisation [&hellip;]<\/p>\n","protected":false},"author":172,"featured_media":0,"comment_status":"closed","ping_status":"closed","sticky":false,"template":"","format":"standard","meta":{"footnotes":""},"categories":[1],"tags":[],"class_list":["post-5516","post","type-post","status-publish","format-standard","hentry","category-non-classe"],"_links":{"self":[{"href":"https:\/\/site.ac-martinique.fr\/clg-vauclin\/index.php?rest_route=\/wp\/v2\/posts\/5516","targetHints":{"allow":["GET"]}}],"collection":[{"href":"https:\/\/site.ac-martinique.fr\/clg-vauclin\/index.php?rest_route=\/wp\/v2\/posts"}],"about":[{"href":"https:\/\/site.ac-martinique.fr\/clg-vauclin\/index.php?rest_route=\/wp\/v2\/types\/post"}],"author":[{"embeddable":true,"href":"https:\/\/site.ac-martinique.fr\/clg-vauclin\/index.php?rest_route=\/wp\/v2\/users\/172"}],"replies":[{"embeddable":true,"href":"https:\/\/site.ac-martinique.fr\/clg-vauclin\/index.php?rest_route=%2Fwp%2Fv2%2Fcomments&post=5516"}],"version-history":[{"count":1,"href":"https:\/\/site.ac-martinique.fr\/clg-vauclin\/index.php?rest_route=\/wp\/v2\/posts\/5516\/revisions"}],"predecessor-version":[{"id":5518,"href":"https:\/\/site.ac-martinique.fr\/clg-vauclin\/index.php?rest_route=\/wp\/v2\/posts\/5516\/revisions\/5518"}],"wp:attachment":[{"href":"https:\/\/site.ac-martinique.fr\/clg-vauclin\/index.php?rest_route=%2Fwp%2Fv2%2Fmedia&parent=5516"}],"wp:term":[{"taxonomy":"category","embeddable":true,"href":"https:\/\/site.ac-martinique.fr\/clg-vauclin\/index.php?rest_route=%2Fwp%2Fv2%2Fcategories&post=5516"},{"taxonomy":"post_tag","embeddable":true,"href":"https:\/\/site.ac-martinique.fr\/clg-vauclin\/index.php?rest_route=%2Fwp%2Fv2%2Ftags&post=5516"}],"curies":[{"name":"wp","href":"https:\/\/api.w.org\/{rel}","templated":true}]}}